{"id":16172,"date":"2017-02-22T08:08:00","date_gmt":"2017-02-22T07:08:00","guid":{"rendered":"https:\/\/www.redegal.com\/blog\/errores-empresas-redes-sociales\/"},"modified":"2025-07-17T13:43:04","modified_gmt":"2025-07-17T11:43:04","slug":"5-erros-comuns-em-redes-sociais-como-evitar","status":"publish","type":"post","link":"https:\/\/www.redegal.com\/pt-pt\/blog\/5-erros-comuns-em-redes-sociais-como-evitar\/","title":{"rendered":"5 erros comuns em redes sociais que est\u00e3o a travar o crescimento da tua marca"},"content":{"rendered":"\n<p>Trabalhas com social media no teu neg\u00f3cio, mas os resultados n\u00e3o aparecem? Talvez estejas a cometer alguns erros nas redes sociais que, sem dares por isso, est\u00e3o a travar o crescimento do teu neg\u00f3cio digital.&nbsp;<\/p>\n\n\n\n<p>Se tens uma loja online em fase de arranque ou uma marca com anos de exist\u00eancia, a verdade \u00e9 que a presen\u00e7a digital j\u00e1 n\u00e3o \u00e9 um \u201cextra\u201d,&nbsp; mas sim um destaque necess\u00e1rio para o posicionamento da marca. Continuar a cometer estes erros nas redes sociais torna o teu progresso mais lento.&nbsp;<\/p>\n\n\n\n<p>No entanto, gerir redes sociais n\u00e3o \u00e9 apenas publicar imagens bonitas ou seguir tend\u00eancias do momento. \u00c9 preciso estrat\u00e9gia, consist\u00eancia e conhecimento para atingir resultados.&nbsp;<\/p>\n\n\n\n<p>Neste artigo vamos mostrar-te 5 erros comuns nas redes sociais e como os podes evitar para come\u00e7ares a gerar mais visibilidade, intera\u00e7\u00e3o e convers\u00f5es.<\/p>\n\n\n\n<h2 class=\"wp-block-heading\">Porque as redes sociais s\u00e3o importantes para a presen\u00e7a online da tua marca<\/h2>\n\n\n\n<p>Nos tempos atuais, as&nbsp; redes sociais s\u00e3o muito mais do que lugares para \u201clikes\u201d e partilhas. S\u00e3o <strong>canais de comunica\u00e7\u00e3o importantes para criares uma liga\u00e7\u00e3o com o teu p\u00fablico, aumentares a notoriedade da tua marca e impulsionares vendas.<\/strong><\/p>\n\n\n\n<p>Para qualquer loja online ou neg\u00f3cio digital, ter uma boa presen\u00e7a nas redes pode fazer a diferen\u00e7a entre o sucesso e o esquecimento, estes canais de comunica\u00e7\u00e3o t\u00eam um papel fundamental para o crescimento da tua marca no meio digital.&nbsp;<\/p>\n\n\n\n<p>Plataformas como o <strong>Instagram, Facebook, TikTok ou LinkedIn<\/strong> s\u00e3o uma extens\u00e3o da identidade da tua marca, um canal de comunica\u00e7\u00e3o direta com os teus clientes e uma oportunidade&nbsp; de alcan\u00e7ar visibilidade num mercado cada vez mais competitivo.<\/p>\n\n\n\n<p>Para uma loja online, por exemplo, estar presente de forma eficaz nas redes pode significar a diferen\u00e7a entre atrair leads qualificados ou ficar invis\u00edvel perante a concorr\u00eancia. J\u00e1 para um neg\u00f3cio local, as redes podem funcionar como motor de crescimento e fideliza\u00e7\u00e3o. Mas tudo isso depende da forma como as usas. E \u00e9 aqui que muitos se perdem.<\/p>\n\n\n\n<h2 class=\"wp-block-heading\">1: Publicar sem uma estrat\u00e9gia definida<\/h2>\n\n\n\n<p>Um dos erros mais comuns cometidos por pequenas marcas na gest\u00e3o de redes sociais \u00e9 a aus\u00eancia de uma estrat\u00e9gia clara. Publicar conte\u00fados ao acaso, sem uma estrat\u00e9gia e&nbsp; objetivos bem definidos, pode at\u00e9 gerar algum alcance pontual, mas dificilmente cria resultados consistentes a longo prazo.<\/p>\n\n\n\n<p><strong>Sem uma estrat\u00e9gia n\u00e3o sabes:<\/strong><\/p>\n\n\n\n<ul class=\"wp-block-list\">\n<li>Quem \u00e9 o teu p\u00fablico-alvo e o que procura.<\/li>\n\n\n\n<li>Que tipo de conte\u00fado realmente impacta esse p\u00fablico.<\/li>\n\n\n\n<li>Como os teus posts se alinham com os teus objetivos de neg\u00f3cio (ex: gerar vendas, captar leads, refor\u00e7ar autoridade).<\/li>\n<\/ul>\n\n\n\n<p>Uma boa estrat\u00e9gia de redes sociais come\u00e7a por compreender o teu p\u00fablico, definir personas e<strong> <\/strong><a href=\"https:\/\/www.redegal.com\/pt-pt\/blog\/marketing-de-conteudo-redes-sociais\/\" target=\"_blank\" rel=\"noreferrer noopener\"><strong>alinhar os conte\u00fados<\/strong><\/a><strong> com as fases do funil de marketing.<\/strong> N\u00e3o se trata apenas de \u201co que postar hoje\u201d, mas de construir uma presen\u00e7a digital coerente e intencional ao longo do tempo.<\/p>\n\n\n\n<h2 class=\"wp-block-heading\">2: Falta de consist\u00eancia&nbsp;<\/h2>\n\n\n\n<p>Outro erro comum, e talvez o mais f\u00e1cil de resolver, \u00e9 a falta de consist\u00eancia. Muitos profissionais come\u00e7am motivados, publicam todos os dias durante uma ou duas semanas\u2026 e depois desaparecem. Isso prejudica diretamente a tua visibilidade e o algoritmo n\u00e3o perdoa.<\/p>\n\n\n\n<p>Se publicas apenas quando tens tempo ou inspira\u00e7\u00e3o, o teu p\u00fablico perde o h\u00e1bito de te ver. As redes sociais s\u00e3o ambientes r\u00e1pidos e competitivos, onde a aten\u00e7\u00e3o \u00e9 vol\u00e1til e moment\u00e2nea. Se n\u00e3o mant\u00e9ns uma presen\u00e7a ativa e coerente, corres o risco de seres ignorado pelo algoritmo e esquecido pelos teus seguidores.&nbsp;<\/p>\n\n\n\n<p>A <strong>falta de consist\u00eancia reduz o alcance das tuas publica\u00e7\u00f5es<\/strong>, dificulta a cria\u00e7\u00e3o de uma rela\u00e7\u00e3o com o p\u00fablico e prejudica o crescimento da tua marca, ou seja, quem n\u00e3o aparece, desaparece.&nbsp;<\/p>\n\n\n\n<p>A solu\u00e7\u00e3o? Define uma cad\u00eancia realista (por exemplo, tr\u00eas publica\u00e7\u00f5es por semana), cria um calend\u00e1rio editorial de conte\u00fados com anteced\u00eancia e recorre a ferramentas de agendamento. A consist\u00eancia, mais do que a frequ\u00eancia, \u00e9 o que constr\u00f3i uma marca s\u00f3lida no digital.<\/p>\n\n\n\n<h2 class=\"wp-block-heading\">3: Ignorar os dados e m\u00e9tricas<\/h2>\n\n\n\n<p>Se n\u00e3o analisares o desempenho das tuas publica\u00e7\u00f5es, est\u00e1s a cometer um erro. As redes sociais oferecem-te dados valiosos e gratuitos sobre o comportamento do teu p\u00fablico, o alcance dos teus posts, as horas de maior intera\u00e7\u00e3o e at\u00e9 o tipo de conte\u00fados que geram mais engagement.<\/p>\n\n\n\n<p>Ignorar estas m\u00e9tricas dificulta a tomada de decis\u00f5es inteligentes. Deves analisar os resultados de forma regular e ajustar a tua estrat\u00e9gia com base no que funciona melhor para o teu p\u00fablico.<\/p>\n\n\n\n<p>Investe tempo, pelo menos uma vez por semana, a rever os dados das tuas redes. Avalia o que correu bem e o que n\u00e3o resultou e analisa dados como:<strong> alcance das tuas publica\u00e7\u00f5es, taxa de engagement, cliques e crescimento do n\u00famero de seguidores.<\/strong><\/p>\n\n\n\n<p>Isso vai permitir-te ajustar a tua estrat\u00e9gia e criar conte\u00fado cada vez mais eficaz e adaptado ao que a tua audi\u00eancia mais valoriza.&nbsp;&nbsp;&nbsp;<\/p>\n\n\n\n<h2 class=\"wp-block-heading\">4: N\u00e3o criar conte\u00fado relevante&nbsp;<\/h2>\n\n\n\n<p>Este \u00e9 um dos erros mais dif\u00edceis de detetar e, por vezes, o mais prejudicial. Muitas marcas focam-se apenas em falar de si pr\u00f3prias: os seus produtos, os seus servi\u00e7os, as suas campanhas ou promo\u00e7\u00f5es. Mas esquecem-se de responder \u00e0 pergunta que todos os seguidores t\u00eam: <strong>\u201cO que \u00e9 que eu ganho com isto?\u201d<\/strong><\/p>\n\n\n\n<p>Se o teu conte\u00fado n\u00e3o gerar valor,&nbsp; seja informativo, educativo ou emocional, dificilmente vais captar a aten\u00e7\u00e3o do p\u00fablico. As pessoas n\u00e3o est\u00e3o nas redes sociais para ver publicidade, mas sim para se inspirarem, aprender, rir, ou resolver d\u00favidas.<\/p>\n\n\n\n<p>Portanto, deves criar conte\u00fados que:<\/p>\n\n\n\n<ul class=\"wp-block-list\">\n<li>Respondam a perguntas frequentes dos teus clientes.<\/li>\n\n\n\n<li>Mostrem bastidores do teu neg\u00f3cio (humanizam a marca).<\/li>\n\n\n\n<li>D\u00eaem dicas \u00fateis ou truques relacionados com o teu setor.<\/li>\n\n\n\n<li>Convidem \u00e0 participa\u00e7\u00e3o, por exemplo, com sondagens ou perguntas abertas.<\/li>\n<\/ul>\n\n\n\n<p>O conte\u00fado relevante atrai mais aten\u00e7\u00e3o e refor\u00e7a a perce\u00e7\u00e3o de autoridade da tua marca, um ponto-chave para o teu neg\u00f3cio online.<\/p>\n\n\n\n<h2 class=\"wp-block-heading\">5: N\u00e3o utilizar gatilhos nem chamadas de aten\u00e7\u00e3o (CTAs)&nbsp;<\/h2>\n\n\n\n<p>Um bom conte\u00fado nas redes sociais pode passar despercebido se n\u00e3o <strong>incluir um CTA (call to action) claro.&nbsp;&nbsp;<\/strong><\/p>\n\n\n\n<p>Um dos erros mais comuns \u00e9 n\u00e3o indicar ao p\u00fablico o que deve fazer a seguir. Por isso, deves utilizar CTAs nos teus posts para orientar a a\u00e7\u00e3o e incentivar o envolvimento da audi\u00eancia,<strong> seja comentar, partilhar, clicar ou comprar.<\/strong> Um&nbsp; CTA chamativo orienta, motiva e aproxima o teu p\u00fablico da a\u00e7\u00e3o que desejas.&nbsp;<\/p>\n\n\n\n<p>Se queres que o teu p\u00fablico comente, partilhe, clique num link ou compre um produto, deves de o comunicar de forma clara e apelativa.&nbsp;<\/p>\n\n\n\n<p><strong>Podes incluir o CTA de v\u00e1rias formas:<\/strong><\/p>\n\n\n\n<ul class=\"wp-block-list\">\n<li><strong>Na descri\u00e7\u00e3o da publica\u00e7\u00e3o<\/strong>, como por exemplo: <em>&#8216;Partilha este post com algu\u00e9m que precisa de ler isto&#8217;<\/em> ou <em>&#8216;Clica no link da bio para saber mais&#8217;<\/em>.<\/li>\n\n\n\n<li><strong>No pr\u00f3prio conte\u00fado visual<\/strong>, seja numa imagem ou v\u00eddeo, com frases como: <em>&#8216;Desliza para ver mais&#8217;<\/em> ou <em>&#8216;Compra agora&#8217;<\/em>.<\/li>\n\n\n\n<li><strong>Nos stories<\/strong>, usando autocolantes interativos como <em>&#8216;Ver mais&#8217;<\/em>, <em>&#8216;Link&#8217;<\/em> ou <em>&#8216;Responde \u00e0 sondagem&#8217;<\/em>.<\/li>\n\n\n\n<li><strong>No final de um carrossel no Instagram<\/strong>, aproveita a \u00faltima imagem para refor\u00e7ar a a\u00e7\u00e3o: <em>&#8216;Guarda este post para consultares mais tarde&#8217;<\/em> ou <em>&#8216;Comenta com o teu ponto de vista&#8217;<\/em>.<\/li>\n\n\n\n<li><strong>Ou at\u00e9 no primeiro coment\u00e1rio<\/strong>, se quiseres manter a legenda mais limpa, especialmente no Facebook ou LinkedIn: <em>&#8216;O link est\u00e1 no primeiro coment\u00e1rio fixado!&#8217;<\/em><\/li>\n<\/ul>\n\n\n\n<p>Estas chamadas de a\u00e7\u00e3o simples como \u201cClica no link\u201d, \u201cComenta com a tua opini\u00e3o\u201d ou \u201cPartilha com os teus amigos\u201d podem fazer toda a diferen\u00e7a no desempenho dos teus posts.<\/p>\n\n\n\n<p>Deves usar tamb\u00e9m <strong>gatilhos mentais<\/strong> como urg\u00eancia (\u201c\u00faltimas unidades\u201d), exclusividade (\u201cs\u00f3 para quem nos segue\u201d), prova social (\u201cmais de 1000 clientes satisfeitos\u201d) ou autoridade (\u201cdica de especialistas\u201d) aumenta a probabilidade de convers\u00e3o e s\u00e3o eficazes casos querias oferecer produtos ou servi\u00e7os relacionados com o teu neg\u00f3cio online.&nbsp;<\/p>\n\n\n\n<h2 class=\"wp-block-heading\">Como podes evitar e corrigir estes erros nas redes sociais&nbsp;<\/h2>\n\n\n\n<p>Se te rev\u00eas em alguns destes erros, n\u00e3o te preocupes, todos cometemos falhas, principalmente quando gerimos as redes sozinhos ou com poucos recursos. O importante \u00e9 identificar os pontos a melhorar e implementar pequenas mudan\u00e7as que tenham impacto.<\/p>\n\n\n\n<p>Aqui ficam algumas dicas para come\u00e7ares j\u00e1 a aplicar:<\/p>\n\n\n\n<ul class=\"wp-block-list\">\n<li><strong>Planeia com anteced\u00eancia:<\/strong> Cria um calend\u00e1rio mensal com temas, formatos e objetivos;<\/li>\n\n\n\n<li><strong>S\u00ea consistente:<\/strong> Mesmo que publiques pouco, f\u00e1-lo com regularidade;<\/li>\n\n\n\n<li><strong>Acompanha os resultados:<\/strong> Usa ferramentas como o <a href=\"https:\/\/www.facebook.com\/business\/m\/meta-business-suite\" target=\"_blank\" rel=\"noreferrer noopener\">Meta Business Suite<\/a>, <a href=\"https:\/\/help.instagram.com\/788388387972460\" target=\"_blank\" rel=\"noreferrer noopener\">Instagram Insights<\/a> ou <a href=\"https:\/\/metricool.com\/\" target=\"_blank\" rel=\"noreferrer noopener\">Metricool<\/a> para analisar dados;<\/li>\n\n\n\n<li><strong>Foca no teu p\u00fablico:<\/strong> Produz conte\u00fados que respondam \u00e0s d\u00favidas, dores ou interesses reais das tuas personas;<\/li>\n\n\n\n<li><strong>Inclui sempre CTAs:<\/strong> N\u00e3o publiques sem indicar uma a\u00e7\u00e3o clara a seguir.<\/li>\n<\/ul>\n\n\n\n<p>Ao corrigires estes erros nas redes sociais, vais notar melhorias na tua presen\u00e7a digital, no posicionamento da marca e, claro, no crescimento do teu neg\u00f3cio online.&nbsp;<\/p>\n\n\n\n<p>Se o melhor para a tua marca \u00e9 ter as redes sociais geridas por uma equipa de profissionais, a nossa equipa de <a href=\"https:\/\/www.redegal.com\/pt-pt\/servicos\/estrategia-de-conteudos\/\" target=\"_blank\" rel=\"noreferrer noopener\">Social Media<\/a> \u00e9 para ti.&nbsp;<\/p>\n\n\n\n<p>Na Redegal n\u00f3s podemos ajudar-te a n\u00e3o cometer erros. <a class=\"js-hablamos\" href=\"#hablamos\">Fala connosco!<\/a><\/p>\n","protected":false},"excerpt":{"rendered":"<p>Trabalhas com social media no teu neg\u00f3cio, mas os resultados n\u00e3o aparecem? Talvez estejas a cometer alguns erros nas redes sociais que, sem dares por isso, est\u00e3o a travar o crescimento do teu neg\u00f3cio digital.&nbsp; Se tens uma loja online em fase de arranque ou uma marca com anos de exist\u00eancia, a verdade \u00e9 que [&hellip;]<\/p>\n","protected":false},"author":6,"featured_media":16184,"comment_status":"open","ping_status":"open","sticky":false,"template":"","format":"standard","meta":{"_acf_changed":false,"inline_featured_image":false,"footnotes":""},"categories":[124],"tags":[],"class_list":["post-16172","post","type-post","status-publish","format-standard","has-post-thumbnail","hentry","category-social-media-pt-pt"],"acf":[],"yoast_head":"<!-- This site is optimized with the Yoast SEO plugin v26.6 - https:\/\/yoast.com\/wordpress\/plugins\/seo\/ -->\n<title>5 erros comuns que deves evitar em redes sociais | Redegal<\/title>\n<meta name=\"description\" content=\"Dificuldade em fazer crescer a tua marca nas redes sociais? Evita cometer estes 5 erros que podem estar a travar a presen\u00e7a digital da tua marca.\" \/>\n<meta name=\"robots\" content=\"index, follow, max-snippet:-1, max-image-preview:large, max-video-preview:-1\" \/>\n<link rel=\"canonical\" href=\"https:\/\/www.redegal.com\/pt-pt\/blog\/5-erros-comuns-em-redes-sociais-como-evitar\/\" \/>\n<meta property=\"og:locale\" content=\"pt_PT\" \/>\n<meta property=\"og:type\" content=\"article\" \/>\n<meta property=\"og:title\" content=\"5 erros comuns que deves evitar em redes sociais | Redegal\" \/>\n<meta property=\"og:description\" content=\"Dificuldade em fazer crescer a tua marca nas redes sociais? Evita cometer estes 5 erros que podem estar a travar a presen\u00e7a digital da tua marca.\" \/>\n<meta property=\"og:url\" content=\"https:\/\/www.redegal.com\/pt-pt\/blog\/5-erros-comuns-em-redes-sociais-como-evitar\/\" \/>\n<meta property=\"og:site_name\" content=\"Redegal\" \/>\n<meta property=\"article:publisher\" content=\"https:\/\/facebook.com\/Redegal\/\" \/>\n<meta property=\"article:published_time\" content=\"2017-02-22T07:08:00+00:00\" \/>\n<meta property=\"article:modified_time\" content=\"2025-07-17T11:43:04+00:00\" \/>\n<meta property=\"og:image\" content=\"https:\/\/www.redegal.com\/wp-content\/uploads\/2017\/02\/5-erros-comuns-nas-redes-sociais-scaled.jpg\" \/>\n\t<meta property=\"og:image:width\" content=\"2560\" \/>\n\t<meta property=\"og:image:height\" content=\"1707\" \/>\n\t<meta property=\"og:image:type\" content=\"image\/jpeg\" \/>\n<meta name=\"author\" content=\"Comunicacion comunicacion\" \/>\n<meta name=\"twitter:card\" content=\"summary_large_image\" \/>\n<meta name=\"twitter:label1\" content=\"Escrito por\" \/>\n\t<meta name=\"twitter:data1\" content=\"Comunicacion comunicacion\" \/>\n\t<meta name=\"twitter:label2\" content=\"Tempo estimado de leitura\" \/>\n\t<meta name=\"twitter:data2\" content=\"8 minutos\" \/>\n<script type=\"application\/ld+json\" class=\"yoast-schema-graph\">{\"@context\":\"https:\/\/schema.org\",\"@graph\":[{\"@type\":[\"Article\",\"BlogPosting\"],\"@id\":\"https:\/\/www.redegal.com\/pt-pt\/blog\/5-erros-comuns-em-redes-sociais-como-evitar\/#article\",\"isPartOf\":{\"@id\":\"https:\/\/www.redegal.com\/pt-pt\/blog\/5-erros-comuns-em-redes-sociais-como-evitar\/\"},\"author\":{\"name\":\"Comunicacion comunicacion\",\"@id\":\"https:\/\/www.redegal.com\/pt-pt\/#\/schema\/person\/80b02630c7e733147390f69233710ed5\"},\"headline\":\"5 erros comuns em redes sociais que est\u00e3o a travar o crescimento da tua marca\",\"datePublished\":\"2017-02-22T07:08:00+00:00\",\"dateModified\":\"2025-07-17T11:43:04+00:00\",\"mainEntityOfPage\":{\"@id\":\"https:\/\/www.redegal.com\/pt-pt\/blog\/5-erros-comuns-em-redes-sociais-como-evitar\/\"},\"wordCount\":1624,\"commentCount\":0,\"publisher\":{\"@id\":\"https:\/\/www.redegal.com\/pt-pt\/#organization\"},\"image\":{\"@id\":\"https:\/\/www.redegal.com\/pt-pt\/blog\/5-erros-comuns-em-redes-sociais-como-evitar\/#primaryimage\"},\"thumbnailUrl\":\"https:\/\/www.redegal.com\/wp-content\/uploads\/2017\/02\/5-erros-comuns-nas-redes-sociais-scaled.jpg\",\"articleSection\":[\"Social Media\"],\"inLanguage\":\"pt-PT\",\"potentialAction\":[{\"@type\":\"CommentAction\",\"name\":\"Comment\",\"target\":[\"https:\/\/www.redegal.com\/pt-pt\/blog\/5-erros-comuns-em-redes-sociais-como-evitar\/#respond\"]}]},{\"@type\":\"WebPage\",\"@id\":\"https:\/\/www.redegal.com\/pt-pt\/blog\/5-erros-comuns-em-redes-sociais-como-evitar\/\",\"url\":\"https:\/\/www.redegal.com\/pt-pt\/blog\/5-erros-comuns-em-redes-sociais-como-evitar\/\",\"name\":\"5 erros comuns que deves evitar em redes sociais | Redegal\",\"isPartOf\":{\"@id\":\"https:\/\/www.redegal.com\/pt-pt\/#website\"},\"primaryImageOfPage\":{\"@id\":\"https:\/\/www.redegal.com\/pt-pt\/blog\/5-erros-comuns-em-redes-sociais-como-evitar\/#primaryimage\"},\"image\":{\"@id\":\"https:\/\/www.redegal.com\/pt-pt\/blog\/5-erros-comuns-em-redes-sociais-como-evitar\/#primaryimage\"},\"thumbnailUrl\":\"https:\/\/www.redegal.com\/wp-content\/uploads\/2017\/02\/5-erros-comuns-nas-redes-sociais-scaled.jpg\",\"datePublished\":\"2017-02-22T07:08:00+00:00\",\"dateModified\":\"2025-07-17T11:43:04+00:00\",\"description\":\"Dificuldade em fazer crescer a tua marca nas redes sociais? Evita cometer estes 5 erros que podem estar a travar a presen\u00e7a digital da tua marca.\",\"breadcrumb\":{\"@id\":\"https:\/\/www.redegal.com\/pt-pt\/blog\/5-erros-comuns-em-redes-sociais-como-evitar\/#breadcrumb\"},\"inLanguage\":\"pt-PT\",\"potentialAction\":[{\"@type\":\"ReadAction\",\"target\":[\"https:\/\/www.redegal.com\/pt-pt\/blog\/5-erros-comuns-em-redes-sociais-como-evitar\/\"]}]},{\"@type\":\"ImageObject\",\"inLanguage\":\"pt-PT\",\"@id\":\"https:\/\/www.redegal.com\/pt-pt\/blog\/5-erros-comuns-em-redes-sociais-como-evitar\/#primaryimage\",\"url\":\"https:\/\/www.redegal.com\/wp-content\/uploads\/2017\/02\/5-erros-comuns-nas-redes-sociais-scaled.jpg\",\"contentUrl\":\"https:\/\/www.redegal.com\/wp-content\/uploads\/2017\/02\/5-erros-comuns-nas-redes-sociais-scaled.jpg\",\"width\":2560,\"height\":1707,\"caption\":\"Um ecr\u00e3 de telem\u00f3vel mostra as redes sociais mais comuns\"},{\"@type\":\"BreadcrumbList\",\"@id\":\"https:\/\/www.redegal.com\/pt-pt\/blog\/5-erros-comuns-em-redes-sociais-como-evitar\/#breadcrumb\",\"itemListElement\":[{\"@type\":\"ListItem\",\"position\":1,\"name\":\"Home\",\"item\":\"https:\/\/www.redegal.com\/pt-pt\/\"},{\"@type\":\"ListItem\",\"position\":2,\"name\":\"5 erros comuns em redes sociais que est\u00e3o a travar o crescimento da tua marca\"}]},{\"@type\":\"WebSite\",\"@id\":\"https:\/\/www.redegal.com\/pt-pt\/#website\",\"url\":\"https:\/\/www.redegal.com\/pt-pt\/\",\"name\":\"Redegal\",\"description\":\"\",\"publisher\":{\"@id\":\"https:\/\/www.redegal.com\/pt-pt\/#organization\"},\"potentialAction\":[{\"@type\":\"SearchAction\",\"target\":{\"@type\":\"EntryPoint\",\"urlTemplate\":\"https:\/\/www.redegal.com\/pt-pt\/?s={search_term_string}\"},\"query-input\":{\"@type\":\"PropertyValueSpecification\",\"valueRequired\":true,\"valueName\":\"search_term_string\"}}],\"inLanguage\":\"pt-PT\"},{\"@type\":\"Organization\",\"@id\":\"https:\/\/www.redegal.com\/pt-pt\/#organization\",\"name\":\"Redegal\",\"url\":\"https:\/\/www.redegal.com\/pt-pt\/\",\"logo\":{\"@type\":\"ImageObject\",\"inLanguage\":\"pt-PT\",\"@id\":\"https:\/\/www.redegal.com\/pt-pt\/#\/schema\/logo\/image\/\",\"url\":\"https:\/\/www.redegal.com\/wp-content\/uploads\/2025\/05\/Logo-Redegal.svg\",\"contentUrl\":\"https:\/\/www.redegal.com\/wp-content\/uploads\/2025\/05\/Logo-Redegal.svg\",\"width\":\"1024\",\"height\":\"1024\",\"caption\":\"Redegal\"},\"image\":{\"@id\":\"https:\/\/www.redegal.com\/pt-pt\/#\/schema\/logo\/image\/\"},\"sameAs\":[\"https:\/\/facebook.com\/Redegal\/\",\"https:\/\/www.instagram.com\/_redegal\/\",\"https:\/\/www.linkedin.com\/company\/redegal\/\",\"https:\/\/www.youtube.com\/channel\/UCDXwbtEULPIYV2I1ugDzeUw\",\"https:\/\/x.com\/redegal\"]},{\"@type\":\"Person\",\"@id\":\"https:\/\/www.redegal.com\/pt-pt\/#\/schema\/person\/80b02630c7e733147390f69233710ed5\",\"name\":\"Comunicacion comunicacion\",\"image\":{\"@type\":\"ImageObject\",\"inLanguage\":\"pt-PT\",\"@id\":\"https:\/\/www.redegal.com\/pt-pt\/#\/schema\/person\/image\/\",\"url\":\"https:\/\/secure.gravatar.com\/avatar\/?s=96&d=mm&r=g\",\"contentUrl\":\"https:\/\/secure.gravatar.com\/avatar\/?s=96&d=mm&r=g\",\"caption\":\"Comunicacion comunicacion\"}}]}<\/script>\n<!-- \/ Yoast SEO plugin. -->","yoast_head_json":{"title":"5 erros comuns que deves evitar em redes sociais | Redegal","description":"Dificuldade em fazer crescer a tua marca nas redes sociais? Evita cometer estes 5 erros que podem estar a travar a presen\u00e7a digital da tua marca.","robots":{"index":"index","follow":"follow","max-snippet":"max-snippet:-1","max-image-preview":"max-image-preview:large","max-video-preview":"max-video-preview:-1"},"canonical":"https:\/\/www.redegal.com\/pt-pt\/blog\/5-erros-comuns-em-redes-sociais-como-evitar\/","og_locale":"pt_PT","og_type":"article","og_title":"5 erros comuns que deves evitar em redes sociais | Redegal","og_description":"Dificuldade em fazer crescer a tua marca nas redes sociais? Evita cometer estes 5 erros que podem estar a travar a presen\u00e7a digital da tua marca.","og_url":"https:\/\/www.redegal.com\/pt-pt\/blog\/5-erros-comuns-em-redes-sociais-como-evitar\/","og_site_name":"Redegal","article_publisher":"https:\/\/facebook.com\/Redegal\/","article_published_time":"2017-02-22T07:08:00+00:00","article_modified_time":"2025-07-17T11:43:04+00:00","og_image":[{"width":2560,"height":1707,"url":"https:\/\/www.redegal.com\/wp-content\/uploads\/2017\/02\/5-erros-comuns-nas-redes-sociais-scaled.jpg","type":"image\/jpeg"}],"author":"Comunicacion comunicacion","twitter_card":"summary_large_image","twitter_misc":{"Escrito por":"Comunicacion comunicacion","Tempo estimado de leitura":"8 minutos"},"schema":{"@context":"https:\/\/schema.org","@graph":[{"@type":["Article","BlogPosting"],"@id":"https:\/\/www.redegal.com\/pt-pt\/blog\/5-erros-comuns-em-redes-sociais-como-evitar\/#article","isPartOf":{"@id":"https:\/\/www.redegal.com\/pt-pt\/blog\/5-erros-comuns-em-redes-sociais-como-evitar\/"},"author":{"name":"Comunicacion comunicacion","@id":"https:\/\/www.redegal.com\/pt-pt\/#\/schema\/person\/80b02630c7e733147390f69233710ed5"},"headline":"5 erros comuns em redes sociais que est\u00e3o a travar o crescimento da tua marca","datePublished":"2017-02-22T07:08:00+00:00","dateModified":"2025-07-17T11:43:04+00:00","mainEntityOfPage":{"@id":"https:\/\/www.redegal.com\/pt-pt\/blog\/5-erros-comuns-em-redes-sociais-como-evitar\/"},"wordCount":1624,"commentCount":0,"publisher":{"@id":"https:\/\/www.redegal.com\/pt-pt\/#organization"},"image":{"@id":"https:\/\/www.redegal.com\/pt-pt\/blog\/5-erros-comuns-em-redes-sociais-como-evitar\/#primaryimage"},"thumbnailUrl":"https:\/\/www.redegal.com\/wp-content\/uploads\/2017\/02\/5-erros-comuns-nas-redes-sociais-scaled.jpg","articleSection":["Social Media"],"inLanguage":"pt-PT","potentialAction":[{"@type":"CommentAction","name":"Comment","target":["https:\/\/www.redegal.com\/pt-pt\/blog\/5-erros-comuns-em-redes-sociais-como-evitar\/#respond"]}]},{"@type":"WebPage","@id":"https:\/\/www.redegal.com\/pt-pt\/blog\/5-erros-comuns-em-redes-sociais-como-evitar\/","url":"https:\/\/www.redegal.com\/pt-pt\/blog\/5-erros-comuns-em-redes-sociais-como-evitar\/","name":"5 erros comuns que deves evitar em redes sociais | Redegal","isPartOf":{"@id":"https:\/\/www.redegal.com\/pt-pt\/#website"},"primaryImageOfPage":{"@id":"https:\/\/www.redegal.com\/pt-pt\/blog\/5-erros-comuns-em-redes-sociais-como-evitar\/#primaryimage"},"image":{"@id":"https:\/\/www.redegal.com\/pt-pt\/blog\/5-erros-comuns-em-redes-sociais-como-evitar\/#primaryimage"},"thumbnailUrl":"https:\/\/www.redegal.com\/wp-content\/uploads\/2017\/02\/5-erros-comuns-nas-redes-sociais-scaled.jpg","datePublished":"2017-02-22T07:08:00+00:00","dateModified":"2025-07-17T11:43:04+00:00","description":"Dificuldade em fazer crescer a tua marca nas redes sociais? Evita cometer estes 5 erros que podem estar a travar a presen\u00e7a digital da tua marca.","breadcrumb":{"@id":"https:\/\/www.redegal.com\/pt-pt\/blog\/5-erros-comuns-em-redes-sociais-como-evitar\/#breadcrumb"},"inLanguage":"pt-PT","potentialAction":[{"@type":"ReadAction","target":["https:\/\/www.redegal.com\/pt-pt\/blog\/5-erros-comuns-em-redes-sociais-como-evitar\/"]}]},{"@type":"ImageObject","inLanguage":"pt-PT","@id":"https:\/\/www.redegal.com\/pt-pt\/blog\/5-erros-comuns-em-redes-sociais-como-evitar\/#primaryimage","url":"https:\/\/www.redegal.com\/wp-content\/uploads\/2017\/02\/5-erros-comuns-nas-redes-sociais-scaled.jpg","contentUrl":"https:\/\/www.redegal.com\/wp-content\/uploads\/2017\/02\/5-erros-comuns-nas-redes-sociais-scaled.jpg","width":2560,"height":1707,"caption":"Um ecr\u00e3 de telem\u00f3vel mostra as redes sociais mais comuns"},{"@type":"BreadcrumbList","@id":"https:\/\/www.redegal.com\/pt-pt\/blog\/5-erros-comuns-em-redes-sociais-como-evitar\/#breadcrumb","itemListElement":[{"@type":"ListItem","position":1,"name":"Home","item":"https:\/\/www.redegal.com\/pt-pt\/"},{"@type":"ListItem","position":2,"name":"5 erros comuns em redes sociais que est\u00e3o a travar o crescimento da tua marca"}]},{"@type":"WebSite","@id":"https:\/\/www.redegal.com\/pt-pt\/#website","url":"https:\/\/www.redegal.com\/pt-pt\/","name":"Redegal","description":"","publisher":{"@id":"https:\/\/www.redegal.com\/pt-pt\/#organization"},"potentialAction":[{"@type":"SearchAction","target":{"@type":"EntryPoint","urlTemplate":"https:\/\/www.redegal.com\/pt-pt\/?s={search_term_string}"},"query-input":{"@type":"PropertyValueSpecification","valueRequired":true,"valueName":"search_term_string"}}],"inLanguage":"pt-PT"},{"@type":"Organization","@id":"https:\/\/www.redegal.com\/pt-pt\/#organization","name":"Redegal","url":"https:\/\/www.redegal.com\/pt-pt\/","logo":{"@type":"ImageObject","inLanguage":"pt-PT","@id":"https:\/\/www.redegal.com\/pt-pt\/#\/schema\/logo\/image\/","url":"https:\/\/www.redegal.com\/wp-content\/uploads\/2025\/05\/Logo-Redegal.svg","contentUrl":"https:\/\/www.redegal.com\/wp-content\/uploads\/2025\/05\/Logo-Redegal.svg","width":"1024","height":"1024","caption":"Redegal"},"image":{"@id":"https:\/\/www.redegal.com\/pt-pt\/#\/schema\/logo\/image\/"},"sameAs":["https:\/\/facebook.com\/Redegal\/","https:\/\/www.instagram.com\/_redegal\/","https:\/\/www.linkedin.com\/company\/redegal\/","https:\/\/www.youtube.com\/channel\/UCDXwbtEULPIYV2I1ugDzeUw","https:\/\/x.com\/redegal"]},{"@type":"Person","@id":"https:\/\/www.redegal.com\/pt-pt\/#\/schema\/person\/80b02630c7e733147390f69233710ed5","name":"Comunicacion comunicacion","image":{"@type":"ImageObject","inLanguage":"pt-PT","@id":"https:\/\/www.redegal.com\/pt-pt\/#\/schema\/person\/image\/","url":"https:\/\/secure.gravatar.com\/avatar\/?s=96&d=mm&r=g","contentUrl":"https:\/\/secure.gravatar.com\/avatar\/?s=96&d=mm&r=g","caption":"Comunicacion comunicacion"}}]}},"_links":{"self":[{"href":"https:\/\/www.redegal.com\/pt-pt\/wp-json\/wp\/v2\/posts\/16172","targetHints":{"allow":["GET"]}}],"collection":[{"href":"https:\/\/www.redegal.com\/pt-pt\/wp-json\/wp\/v2\/posts"}],"about":[{"href":"https:\/\/www.redegal.com\/pt-pt\/wp-json\/wp\/v2\/types\/post"}],"author":[{"embeddable":true,"href":"https:\/\/www.redegal.com\/pt-pt\/wp-json\/wp\/v2\/users\/6"}],"replies":[{"embeddable":true,"href":"https:\/\/www.redegal.com\/pt-pt\/wp-json\/wp\/v2\/comments?post=16172"}],"version-history":[{"count":15,"href":"https:\/\/www.redegal.com\/pt-pt\/wp-json\/wp\/v2\/posts\/16172\/revisions"}],"predecessor-version":[{"id":16216,"href":"https:\/\/www.redegal.com\/pt-pt\/wp-json\/wp\/v2\/posts\/16172\/revisions\/16216"}],"wp:featuredmedia":[{"embeddable":true,"href":"https:\/\/www.redegal.com\/pt-pt\/wp-json\/wp\/v2\/media\/16184"}],"wp:attachment":[{"href":"https:\/\/www.redegal.com\/pt-pt\/wp-json\/wp\/v2\/media?parent=16172"}],"wp:term":[{"taxonomy":"category","embeddable":true,"href":"https:\/\/www.redegal.com\/pt-pt\/wp-json\/wp\/v2\/categories?post=16172"},{"taxonomy":"post_tag","embeddable":true,"href":"https:\/\/www.redegal.com\/pt-pt\/wp-json\/wp\/v2\/tags?post=16172"}],"curies":[{"name":"wp","href":"https:\/\/api.w.org\/{rel}","templated":true}]}}