{"id":7785,"date":"2014-03-18T09:47:01","date_gmt":"2014-03-18T09:47:01","guid":{"rendered":"http:\/\/localhost\/redegal\/?p=792"},"modified":"2023-04-21T11:58:50","modified_gmt":"2023-04-21T09:58:50","slug":"nuestra-experiencia-en-eshow-barcelona-2014","status":"publish","type":"post","link":"https:\/\/www.redegal.com\/es\/blog\/nuestra-experiencia-en-eshow-barcelona-2014\/","title":{"rendered":"Nuestra experiencia en el eShow Barcelona"},"content":{"rendered":"<p style=\"text-align: justify;\"><span style=\"color: #444444;\">La \u00faltima edici\u00f3n de la mayor feria dedicada al comercio electr\u00f3nico, <a title=\"eShow Barcelona 2014\" href=\"http:\/\/www.the-eshow.com\/barcelona\/\" target=\"_blank\" rel=\"noopener\"><strong>eShow Barcelona 2014<\/strong><\/a>, super\u00f3 todas las previsiones atrayendo en el pabell\u00f3n 1 de Fira de Barcelona, en Montjuic, a m\u00e1s de 14.800 visitantes interesados en conocer a los 130 expositores y a acudir a las 200 ponencias, workshops y mesas redondas, que tuvieron lugar durante los d\u00edas 12 y 13 de marzo.<\/span><\/p>\n<p style=\"text-align: justify;\"><span style=\"color: #444444;\">El mi\u00e9rcoles a las 10.00 A.M. daba comienzo la d\u00e9cima edici\u00f3n de <strong>eShow<\/strong>, enfocada en <strong>Ecommerce<\/strong>, <strong>Digital Marketing<\/strong>, <strong>Social Media<\/strong>, <strong>Mobile<\/strong>, <strong>Hosting &amp; Cloud<\/strong> y <strong>Digital Signage<\/strong>.<\/span><\/p>\n<p><a href=\"https:\/\/www.redegal.com\/wp-content\/uploads\/2023\/04\/eshow-barcelona-fira-barcelona.jpg\"><img decoding=\"async\" class=\"aligncenter wp-image-11425 size-full\" src=\"https:\/\/www.redegal.com\/wp-content\/uploads\/2023\/04\/eshow-barcelona-fira-barcelona.jpg\" alt=\"eShow Barcelona 2014\" width=\"952\" height=\"639\" srcset=\"https:\/\/www.redegal.com\/wp-content\/uploads\/2023\/04\/eshow-barcelona-fira-barcelona.jpg 952w, https:\/\/www.redegal.com\/wp-content\/uploads\/2023\/04\/eshow-barcelona-fira-barcelona-300x201.jpg 300w, https:\/\/www.redegal.com\/wp-content\/uploads\/2023\/04\/eshow-barcelona-fira-barcelona-768x515.jpg 768w, https:\/\/www.redegal.com\/wp-content\/uploads\/2023\/04\/eshow-barcelona-fira-barcelona-120x81.jpg 120w\" sizes=\"(max-width: 952px) 100vw, 952px\" \/><\/a><\/p>\n<p style=\"text-align: justify;\"><span style=\"color: #444444;\">La gran afluencia de asistentes a primera hora de la ma\u00f1ana nos advert\u00eda dos d\u00edas muy intensos, con un programa lleno de ponentes de gran categor\u00eda, como Shazam, Telef\u00f3nica I+D, Prezi, Volkswagen-Audi, etc. Eventos como Net Fashion Forum, que acercaba a sus participantes a conocer la experiencia digital de marcas como Asics, Facebook, Pepe Jeans, etc; \u00a0Emota, que reuni\u00f3 profesionales en el International Ecommerce Forum, contando con la presencia de China como pa\u00eds invitado; <a title=\"One to One Marketing en el eShow Barcelona\" href=\"http:\/\/www.the-eshow.com\/barcelona\/actividades\/one-to-one.html\"><strong>One to One Marketing<\/strong><\/a>\u00a0en el que participamos activamente durante las dos jornadas con reuniones privadas de 1 hora con interesados del sector, o los foros de debate de Yahoo! Let&#8217;s Talk, que se estrenaron en exclusiva en esta edici\u00f3n.<\/span><\/p>\n<p><a href=\"https:\/\/www.redegal.com\/wp-content\/uploads\/2023\/04\/eshow-barcelona-one-to-one-marketing-space.jpg\"><img decoding=\"async\" class=\"aligncenter wp-image-11428 size-full\" src=\"https:\/\/www.redegal.com\/wp-content\/uploads\/2023\/04\/eshow-barcelona-one-to-one-marketing-space.jpg\" alt=\"One To One Marketing en el eShow Barcelona\" width=\"952\" height=\"535\" srcset=\"https:\/\/www.redegal.com\/wp-content\/uploads\/2023\/04\/eshow-barcelona-one-to-one-marketing-space.jpg 952w, https:\/\/www.redegal.com\/wp-content\/uploads\/2023\/04\/eshow-barcelona-one-to-one-marketing-space-300x169.jpg 300w, https:\/\/www.redegal.com\/wp-content\/uploads\/2023\/04\/eshow-barcelona-one-to-one-marketing-space-768x432.jpg 768w, https:\/\/www.redegal.com\/wp-content\/uploads\/2023\/04\/eshow-barcelona-one-to-one-marketing-space-120x67.jpg 120w\" sizes=\"(max-width: 952px) 100vw, 952px\" \/><\/a><\/p>\n<h2 style=\"text-align: justify;\">Redegal en el eShow Barcelona<\/h2>\n<p style=\"text-align: justify;\"><span style=\"color: #444444;\">Nuestra experiencia en este congreso de <strong>eCommerce<\/strong>, super\u00f3 con creces las expectativas.\u00a0<\/span><span style=\"color: #444444;\">Nuestro stand tuvo una gran acogida entre todos los asistentes que se acercaron a visitarnos. Atendimos a interesados en el sector online, en comercio electr\u00f3nico, aplicaciones m\u00f3viles, gamificaci\u00f3n, marketing digital&#8230;, de todo tipo de sectores y actividad.<\/span><\/p>\n<p><img decoding=\"async\" class=\"aligncenter wp-image-11434 size-full\" src=\"https:\/\/www.redegal.com\/wp-content\/uploads\/2023\/04\/stand-redegal-eshow-barcelona.jpg\" alt=\"Redegal en el eShow Barcelona 2014\" width=\"952\" height=\"707\" srcset=\"https:\/\/www.redegal.com\/wp-content\/uploads\/2023\/04\/stand-redegal-eshow-barcelona.jpg 952w, https:\/\/www.redegal.com\/wp-content\/uploads\/2023\/04\/stand-redegal-eshow-barcelona-300x223.jpg 300w, https:\/\/www.redegal.com\/wp-content\/uploads\/2023\/04\/stand-redegal-eshow-barcelona-768x570.jpg 768w, https:\/\/www.redegal.com\/wp-content\/uploads\/2023\/04\/stand-redegal-eshow-barcelona-120x89.jpg 120w\" sizes=\"(max-width: 952px) 100vw, 952px\" \/><\/p>\n<p style=\"text-align: justify;\">La mayor\u00eda coincid\u00eda en que se hab\u00edan sentido atra\u00eddos por nuestras sorpresas y sobre todo por la decoraci\u00f3n. Fue todo un acierto transformar nuestro stand en un espacio simb\u00f3lico donde representamos lo que realmente significa el comercio electr\u00f3nico:\u00a0<strong>comprar productos y servicios online, c\u00f3moda y r\u00e1pidamente desde casa<\/strong>.<\/p>\n<p><a href=\"https:\/\/www.redegal.com\/wp-content\/uploads\/2023\/04\/stand-de-redegal-eshow-barcelona.jpg\"><img decoding=\"async\" class=\"aligncenter wp-image-11431 size-full\" src=\"https:\/\/www.redegal.com\/wp-content\/uploads\/2023\/04\/stand-de-redegal-eshow-barcelona.jpg\" alt=\"Nuestro stand en el eShow Barcelona\" width=\"952\" height=\"714\" srcset=\"https:\/\/www.redegal.com\/wp-content\/uploads\/2023\/04\/stand-de-redegal-eshow-barcelona.jpg 952w, https:\/\/www.redegal.com\/wp-content\/uploads\/2023\/04\/stand-de-redegal-eshow-barcelona-300x225.jpg 300w, https:\/\/www.redegal.com\/wp-content\/uploads\/2023\/04\/stand-de-redegal-eshow-barcelona-768x576.jpg 768w, https:\/\/www.redegal.com\/wp-content\/uploads\/2023\/04\/stand-de-redegal-eshow-barcelona-120x90.jpg 120w\" sizes=\"(max-width: 952px) 100vw, 952px\" \/><\/a><\/p>\n<p style=\"text-align: justify;\"><a href=\"https:\/\/www.redegal.com\/wp-content\/uploads\/2023\/04\/detalles-stad-redegal-eshow-barcelona.jpg\"><img decoding=\"async\" class=\"aligncenter wp-image-11422 size-full\" src=\"https:\/\/www.redegal.com\/wp-content\/uploads\/2023\/04\/detalles-stad-redegal-eshow-barcelona.jpg\" alt=\"The Cosmethics y Petra Mora en nuestro stand eShow Barcelona\" width=\"952\" height=\"482\" srcset=\"https:\/\/www.redegal.com\/wp-content\/uploads\/2023\/04\/detalles-stad-redegal-eshow-barcelona.jpg 952w, https:\/\/www.redegal.com\/wp-content\/uploads\/2023\/04\/detalles-stad-redegal-eshow-barcelona-300x152.jpg 300w, https:\/\/www.redegal.com\/wp-content\/uploads\/2023\/04\/detalles-stad-redegal-eshow-barcelona-768x389.jpg 768w, https:\/\/www.redegal.com\/wp-content\/uploads\/2023\/04\/detalles-stad-redegal-eshow-barcelona-120x61.jpg 120w\" sizes=\"(max-width: 952px) 100vw, 952px\" \/><\/a><\/p>\n<p style=\"text-align: justify;\">\n<p style=\"text-align: justify;\"><span style=\"color: #444444; line-height: 1.5;\">Adem\u00e1s, pudieron conocer gracias a nuestro equipo, los \u00faltimos proyectos de <strong>Redegal<\/strong>, tanto a nivel de comercio electr\u00f3nico como de aplicaciones m\u00f3viles, soluciones e interacci\u00f3n con contenidos digitales e integraci\u00f3n de los entornos offline y online.\u00a0<\/span><\/p>\n<p style=\"text-align: justify;\"><span style=\"color: #444444;\">Una de nuestras sorpresas que m\u00e1s triunfaron fueron nuestras <\/span><span style=\"color: #444444;\"><i>cookies<\/i><\/span><span style=\"color: #444444;\">, aceptadas por todos aquellos que charlaron con nosotros.<\/span><\/p>\n<p><a href=\"https:\/\/www.redegal.com\/wp-content\/uploads\/2023\/04\/cookies-redegal-eshow-barcelon.jpg\"><img decoding=\"async\" class=\"aligncenter wp-image-11419 size-full\" src=\"https:\/\/www.redegal.com\/wp-content\/uploads\/2023\/04\/cookies-redegal-eshow-barcelon.jpg\" alt=\"Aceptas nuestras cookies?\" width=\"952\" height=\"482\" srcset=\"https:\/\/www.redegal.com\/wp-content\/uploads\/2023\/04\/cookies-redegal-eshow-barcelon.jpg 952w, https:\/\/www.redegal.com\/wp-content\/uploads\/2023\/04\/cookies-redegal-eshow-barcelon-300x152.jpg 300w, https:\/\/www.redegal.com\/wp-content\/uploads\/2023\/04\/cookies-redegal-eshow-barcelon-768x389.jpg 768w, https:\/\/www.redegal.com\/wp-content\/uploads\/2023\/04\/cookies-redegal-eshow-barcelon-120x61.jpg 120w\" sizes=\"(max-width: 952px) 100vw, 952px\" \/><\/a><\/p>\n<p style=\"text-align: justify;\"><span style=\"color: #444444;\">La participaci\u00f3n en <a href=\"http:\/\/www.the-eshow.com\/barcelona\/\" target=\"_blank\" rel=\"noopener\"><strong>eShow<\/strong> <\/a>es una oportunidad \u00fanica para contactar con importantes profesionales del sector online, para aprender, ense\u00f1ar y conocer las tendencias tanto nacionales como internacionales del mundo digital.<\/span><\/p>\n<p style=\"text-align: justify;\">Sin duda hemos podido mostrar qu\u00e9 es y qu\u00e9 hace <strong>Redegal<\/strong>, dando a conocer nuestros productos y servicios de negocio online y algunos de los proyectos de nuestros clientes, con los que hemos sorprendido y captado m\u00e1s de una atenci\u00f3n.<\/p>\n<p><!--more--><\/p>\n","protected":false},"excerpt":{"rendered":"<p>La \u00faltima edici\u00f3n de la mayor feria dedicada al comercio electr\u00f3nico, eShow Barcelona 2014, super\u00f3 todas las previsiones atrayendo en el pabell\u00f3n 1 de Fira de Barcelona, en Montjuic, a m\u00e1s de 14.800 visitantes interesados en conocer a los 130 expositores y a acudir a las 200 ponencias, workshops y mesas redondas, que tuvieron lugar [&hellip;]<\/p>\n","protected":false},"author":3,"featured_media":2928,"comment_status":"open","ping_status":"open","sticky":false,"template":"","format":"standard","meta":{"_acf_changed":false,"inline_featured_image":false,"footnotes":""},"categories":[22],"tags":[],"class_list":["post-7785","post","type-post","status-publish","format-standard","has-post-thumbnail","hentry","category-espana"],"acf":[],"yoast_head":"<!-- This site is optimized with the Yoast SEO plugin v26.6 - https:\/\/yoast.com\/wordpress\/plugins\/seo\/ -->\n<title>Nuestra experiencia en el eShow Barcelona<\/title>\n<meta name=\"description\" content=\"Los pasados 12 y 13 de marzo hemos asistido a la feria eShow Barcelona 2014, donde hemos mostrado qu\u00e9 es y qu\u00e9 hace Redegal dentro del negocio online.\" \/>\n<meta name=\"robots\" content=\"index, follow, max-snippet:-1, max-image-preview:large, max-video-preview:-1\" \/>\n<link rel=\"canonical\" href=\"https:\/\/www.redegal.com\/es\/blog\/nuestra-experiencia-en-eshow-barcelona-2014\/\" \/>\n<meta property=\"og:locale\" content=\"es_ES\" \/>\n<meta property=\"og:type\" content=\"article\" \/>\n<meta property=\"og:title\" content=\"Nuestra experiencia en el eShow Barcelona\" \/>\n<meta property=\"og:description\" content=\"Los pasados 12 y 13 de marzo hemos asistido a la feria eShow Barcelona 2014, donde hemos mostrado qu\u00e9 es y qu\u00e9 hace Redegal dentro del negocio online.\" \/>\n<meta property=\"og:url\" content=\"https:\/\/www.redegal.com\/es\/blog\/nuestra-experiencia-en-eshow-barcelona-2014\/\" \/>\n<meta property=\"og:site_name\" content=\"Redegal\" \/>\n<meta property=\"article:publisher\" content=\"https:\/\/facebook.com\/Redegal\/\" \/>\n<meta property=\"article:published_time\" content=\"2014-03-18T09:47:01+00:00\" \/>\n<meta property=\"article:modified_time\" content=\"2023-04-21T09:58:50+00:00\" \/>\n<meta property=\"og:image\" content=\"https:\/\/www.redegal.com\/wp-content\/uploads\/2021\/11\/Redegal-Social-Thumb.jpg\" \/>\n\t<meta property=\"og:image:width\" content=\"1200\" \/>\n\t<meta property=\"og:image:height\" content=\"600\" \/>\n\t<meta property=\"og:image:type\" content=\"image\/jpeg\" \/>\n<meta name=\"author\" content=\"iria iria\" \/>\n<meta name=\"twitter:card\" content=\"summary_large_image\" \/>\n<meta name=\"twitter:label1\" content=\"Escrito por\" \/>\n\t<meta name=\"twitter:data1\" content=\"iria iria\" \/>\n\t<meta name=\"twitter:label2\" content=\"Tiempo de lectura\" \/>\n\t<meta name=\"twitter:data2\" content=\"4 minutos\" \/>\n<script type=\"application\/ld+json\" class=\"yoast-schema-graph\">{\"@context\":\"https:\/\/schema.org\",\"@graph\":[{\"@type\":[\"Article\",\"BlogPosting\"],\"@id\":\"https:\/\/www.redegal.com\/es\/blog\/nuestra-experiencia-en-eshow-barcelona-2014\/#article\",\"isPartOf\":{\"@id\":\"https:\/\/www.redegal.com\/es\/blog\/nuestra-experiencia-en-eshow-barcelona-2014\/\"},\"author\":{\"name\":\"iria iria\",\"@id\":\"https:\/\/www.redegal.com\/es\/#\/schema\/person\/a81172724b68c1c1b7af53840236735e\"},\"headline\":\"Nuestra experiencia en el eShow Barcelona\",\"datePublished\":\"2014-03-18T09:47:01+00:00\",\"dateModified\":\"2023-04-21T09:58:50+00:00\",\"mainEntityOfPage\":{\"@id\":\"https:\/\/www.redegal.com\/es\/blog\/nuestra-experiencia-en-eshow-barcelona-2014\/\"},\"wordCount\":467,\"commentCount\":0,\"publisher\":{\"@id\":\"https:\/\/www.redegal.com\/es\/#organization\"},\"image\":{\"@id\":\"https:\/\/www.redegal.com\/es\/blog\/nuestra-experiencia-en-eshow-barcelona-2014\/#primaryimage\"},\"thumbnailUrl\":\"\",\"articleSection\":[\"Espa\u00f1a\"],\"inLanguage\":\"es\",\"potentialAction\":[{\"@type\":\"CommentAction\",\"name\":\"Comment\",\"target\":[\"https:\/\/www.redegal.com\/es\/blog\/nuestra-experiencia-en-eshow-barcelona-2014\/#respond\"]}]},{\"@type\":\"WebPage\",\"@id\":\"https:\/\/www.redegal.com\/es\/blog\/nuestra-experiencia-en-eshow-barcelona-2014\/\",\"url\":\"https:\/\/www.redegal.com\/es\/blog\/nuestra-experiencia-en-eshow-barcelona-2014\/\",\"name\":\"Nuestra experiencia en el eShow Barcelona\",\"isPartOf\":{\"@id\":\"https:\/\/www.redegal.com\/es\/#website\"},\"primaryImageOfPage\":{\"@id\":\"https:\/\/www.redegal.com\/es\/blog\/nuestra-experiencia-en-eshow-barcelona-2014\/#primaryimage\"},\"image\":{\"@id\":\"https:\/\/www.redegal.com\/es\/blog\/nuestra-experiencia-en-eshow-barcelona-2014\/#primaryimage\"},\"thumbnailUrl\":\"\",\"datePublished\":\"2014-03-18T09:47:01+00:00\",\"dateModified\":\"2023-04-21T09:58:50+00:00\",\"description\":\"Los pasados 12 y 13 de marzo hemos asistido a la feria eShow Barcelona 2014, donde hemos mostrado qu\u00e9 es y qu\u00e9 hace Redegal dentro del negocio online.\",\"breadcrumb\":{\"@id\":\"https:\/\/www.redegal.com\/es\/blog\/nuestra-experiencia-en-eshow-barcelona-2014\/#breadcrumb\"},\"inLanguage\":\"es\",\"potentialAction\":[{\"@type\":\"ReadAction\",\"target\":[\"https:\/\/www.redegal.com\/es\/blog\/nuestra-experiencia-en-eshow-barcelona-2014\/\"]}]},{\"@type\":\"ImageObject\",\"inLanguage\":\"es\",\"@id\":\"https:\/\/www.redegal.com\/es\/blog\/nuestra-experiencia-en-eshow-barcelona-2014\/#primaryimage\",\"url\":\"\",\"contentUrl\":\"\"},{\"@type\":\"BreadcrumbList\",\"@id\":\"https:\/\/www.redegal.com\/es\/blog\/nuestra-experiencia-en-eshow-barcelona-2014\/#breadcrumb\",\"itemListElement\":[{\"@type\":\"ListItem\",\"position\":1,\"name\":\"Home\",\"item\":\"https:\/\/www.redegal.com\/es\/\"},{\"@type\":\"ListItem\",\"position\":2,\"name\":\"Nuestra experiencia en el eShow Barcelona\"}]},{\"@type\":\"WebSite\",\"@id\":\"https:\/\/www.redegal.com\/es\/#website\",\"url\":\"https:\/\/www.redegal.com\/es\/\",\"name\":\"Redegal\",\"description\":\"\",\"publisher\":{\"@id\":\"https:\/\/www.redegal.com\/es\/#organization\"},\"potentialAction\":[{\"@type\":\"SearchAction\",\"target\":{\"@type\":\"EntryPoint\",\"urlTemplate\":\"https:\/\/www.redegal.com\/es\/?s={search_term_string}\"},\"query-input\":{\"@type\":\"PropertyValueSpecification\",\"valueRequired\":true,\"valueName\":\"search_term_string\"}}],\"inLanguage\":\"es\"},{\"@type\":\"Organization\",\"@id\":\"https:\/\/www.redegal.com\/es\/#organization\",\"name\":\"Redegal\",\"url\":\"https:\/\/www.redegal.com\/es\/\",\"logo\":{\"@type\":\"ImageObject\",\"inLanguage\":\"es\",\"@id\":\"https:\/\/www.redegal.com\/es\/#\/schema\/logo\/image\/\",\"url\":\"https:\/\/www.redegal.com\/wp-content\/uploads\/2025\/05\/Logo-Redegal.svg\",\"contentUrl\":\"https:\/\/www.redegal.com\/wp-content\/uploads\/2025\/05\/Logo-Redegal.svg\",\"width\":\"1024\",\"height\":\"1024\",\"caption\":\"Redegal\"},\"image\":{\"@id\":\"https:\/\/www.redegal.com\/es\/#\/schema\/logo\/image\/\"},\"sameAs\":[\"https:\/\/facebook.com\/Redegal\/\",\"https:\/\/www.instagram.com\/_redegal\/\",\"https:\/\/www.linkedin.com\/company\/redegal\/\",\"https:\/\/www.youtube.com\/channel\/UCDXwbtEULPIYV2I1ugDzeUw\",\"https:\/\/x.com\/redegal\"]},{\"@type\":\"Person\",\"@id\":\"https:\/\/www.redegal.com\/es\/#\/schema\/person\/a81172724b68c1c1b7af53840236735e\",\"name\":\"iria iria\",\"image\":{\"@type\":\"ImageObject\",\"inLanguage\":\"es\",\"@id\":\"https:\/\/www.redegal.com\/es\/#\/schema\/person\/image\/\",\"url\":\"https:\/\/secure.gravatar.com\/avatar\/?s=96&d=mm&r=g\",\"contentUrl\":\"https:\/\/secure.gravatar.com\/avatar\/?s=96&d=mm&r=g\",\"caption\":\"iria iria\"}}]}<\/script>\n<!-- \/ Yoast SEO plugin. -->","yoast_head_json":{"title":"Nuestra experiencia en el eShow Barcelona","description":"Los pasados 12 y 13 de marzo hemos asistido a la feria eShow Barcelona 2014, donde hemos mostrado qu\u00e9 es y qu\u00e9 hace Redegal dentro del negocio online.","robots":{"index":"index","follow":"follow","max-snippet":"max-snippet:-1","max-image-preview":"max-image-preview:large","max-video-preview":"max-video-preview:-1"},"canonical":"https:\/\/www.redegal.com\/es\/blog\/nuestra-experiencia-en-eshow-barcelona-2014\/","og_locale":"es_ES","og_type":"article","og_title":"Nuestra experiencia en el eShow Barcelona","og_description":"Los pasados 12 y 13 de marzo hemos asistido a la feria eShow Barcelona 2014, donde hemos mostrado qu\u00e9 es y qu\u00e9 hace Redegal dentro del negocio online.","og_url":"https:\/\/www.redegal.com\/es\/blog\/nuestra-experiencia-en-eshow-barcelona-2014\/","og_site_name":"Redegal","article_publisher":"https:\/\/facebook.com\/Redegal\/","article_published_time":"2014-03-18T09:47:01+00:00","article_modified_time":"2023-04-21T09:58:50+00:00","og_image":[{"width":1200,"height":600,"url":"https:\/\/www.redegal.com\/wp-content\/uploads\/2021\/11\/Redegal-Social-Thumb.jpg","type":"image\/jpeg"}],"author":"iria iria","twitter_card":"summary_large_image","twitter_misc":{"Escrito por":"iria iria","Tiempo de lectura":"4 minutos"},"schema":{"@context":"https:\/\/schema.org","@graph":[{"@type":["Article","BlogPosting"],"@id":"https:\/\/www.redegal.com\/es\/blog\/nuestra-experiencia-en-eshow-barcelona-2014\/#article","isPartOf":{"@id":"https:\/\/www.redegal.com\/es\/blog\/nuestra-experiencia-en-eshow-barcelona-2014\/"},"author":{"name":"iria iria","@id":"https:\/\/www.redegal.com\/es\/#\/schema\/person\/a81172724b68c1c1b7af53840236735e"},"headline":"Nuestra experiencia en el eShow Barcelona","datePublished":"2014-03-18T09:47:01+00:00","dateModified":"2023-04-21T09:58:50+00:00","mainEntityOfPage":{"@id":"https:\/\/www.redegal.com\/es\/blog\/nuestra-experiencia-en-eshow-barcelona-2014\/"},"wordCount":467,"commentCount":0,"publisher":{"@id":"https:\/\/www.redegal.com\/es\/#organization"},"image":{"@id":"https:\/\/www.redegal.com\/es\/blog\/nuestra-experiencia-en-eshow-barcelona-2014\/#primaryimage"},"thumbnailUrl":"","articleSection":["Espa\u00f1a"],"inLanguage":"es","potentialAction":[{"@type":"CommentAction","name":"Comment","target":["https:\/\/www.redegal.com\/es\/blog\/nuestra-experiencia-en-eshow-barcelona-2014\/#respond"]}]},{"@type":"WebPage","@id":"https:\/\/www.redegal.com\/es\/blog\/nuestra-experiencia-en-eshow-barcelona-2014\/","url":"https:\/\/www.redegal.com\/es\/blog\/nuestra-experiencia-en-eshow-barcelona-2014\/","name":"Nuestra experiencia en el eShow Barcelona","isPartOf":{"@id":"https:\/\/www.redegal.com\/es\/#website"},"primaryImageOfPage":{"@id":"https:\/\/www.redegal.com\/es\/blog\/nuestra-experiencia-en-eshow-barcelona-2014\/#primaryimage"},"image":{"@id":"https:\/\/www.redegal.com\/es\/blog\/nuestra-experiencia-en-eshow-barcelona-2014\/#primaryimage"},"thumbnailUrl":"","datePublished":"2014-03-18T09:47:01+00:00","dateModified":"2023-04-21T09:58:50+00:00","description":"Los pasados 12 y 13 de marzo hemos asistido a la feria eShow Barcelona 2014, donde hemos mostrado qu\u00e9 es y qu\u00e9 hace Redegal dentro del negocio online.","breadcrumb":{"@id":"https:\/\/www.redegal.com\/es\/blog\/nuestra-experiencia-en-eshow-barcelona-2014\/#breadcrumb"},"inLanguage":"es","potentialAction":[{"@type":"ReadAction","target":["https:\/\/www.redegal.com\/es\/blog\/nuestra-experiencia-en-eshow-barcelona-2014\/"]}]},{"@type":"ImageObject","inLanguage":"es","@id":"https:\/\/www.redegal.com\/es\/blog\/nuestra-experiencia-en-eshow-barcelona-2014\/#primaryimage","url":"","contentUrl":""},{"@type":"BreadcrumbList","@id":"https:\/\/www.redegal.com\/es\/blog\/nuestra-experiencia-en-eshow-barcelona-2014\/#breadcrumb","itemListElement":[{"@type":"ListItem","position":1,"name":"Home","item":"https:\/\/www.redegal.com\/es\/"},{"@type":"ListItem","position":2,"name":"Nuestra experiencia en el eShow Barcelona"}]},{"@type":"WebSite","@id":"https:\/\/www.redegal.com\/es\/#website","url":"https:\/\/www.redegal.com\/es\/","name":"Redegal","description":"","publisher":{"@id":"https:\/\/www.redegal.com\/es\/#organization"},"potentialAction":[{"@type":"SearchAction","target":{"@type":"EntryPoint","urlTemplate":"https:\/\/www.redegal.com\/es\/?s={search_term_string}"},"query-input":{"@type":"PropertyValueSpecification","valueRequired":true,"valueName":"search_term_string"}}],"inLanguage":"es"},{"@type":"Organization","@id":"https:\/\/www.redegal.com\/es\/#organization","name":"Redegal","url":"https:\/\/www.redegal.com\/es\/","logo":{"@type":"ImageObject","inLanguage":"es","@id":"https:\/\/www.redegal.com\/es\/#\/schema\/logo\/image\/","url":"https:\/\/www.redegal.com\/wp-content\/uploads\/2025\/05\/Logo-Redegal.svg","contentUrl":"https:\/\/www.redegal.com\/wp-content\/uploads\/2025\/05\/Logo-Redegal.svg","width":"1024","height":"1024","caption":"Redegal"},"image":{"@id":"https:\/\/www.redegal.com\/es\/#\/schema\/logo\/image\/"},"sameAs":["https:\/\/facebook.com\/Redegal\/","https:\/\/www.instagram.com\/_redegal\/","https:\/\/www.linkedin.com\/company\/redegal\/","https:\/\/www.youtube.com\/channel\/UCDXwbtEULPIYV2I1ugDzeUw","https:\/\/x.com\/redegal"]},{"@type":"Person","@id":"https:\/\/www.redegal.com\/es\/#\/schema\/person\/a81172724b68c1c1b7af53840236735e","name":"iria iria","image":{"@type":"ImageObject","inLanguage":"es","@id":"https:\/\/www.redegal.com\/es\/#\/schema\/person\/image\/","url":"https:\/\/secure.gravatar.com\/avatar\/?s=96&d=mm&r=g","contentUrl":"https:\/\/secure.gravatar.com\/avatar\/?s=96&d=mm&r=g","caption":"iria iria"}}]}},"_links":{"self":[{"href":"https:\/\/www.redegal.com\/es\/wp-json\/wp\/v2\/posts\/7785","targetHints":{"allow":["GET"]}}],"collection":[{"href":"https:\/\/www.redegal.com\/es\/wp-json\/wp\/v2\/posts"}],"about":[{"href":"https:\/\/www.redegal.com\/es\/wp-json\/wp\/v2\/types\/post"}],"author":[{"embeddable":true,"href":"https:\/\/www.redegal.com\/es\/wp-json\/wp\/v2\/users\/3"}],"replies":[{"embeddable":true,"href":"https:\/\/www.redegal.com\/es\/wp-json\/wp\/v2\/comments?post=7785"}],"version-history":[{"count":1,"href":"https:\/\/www.redegal.com\/es\/wp-json\/wp\/v2\/posts\/7785\/revisions"}],"predecessor-version":[{"id":11436,"href":"https:\/\/www.redegal.com\/es\/wp-json\/wp\/v2\/posts\/7785\/revisions\/11436"}],"wp:featuredmedia":[{"embeddable":true,"href":"https:\/\/www.redegal.com\/es\/wp-json\/"}],"wp:attachment":[{"href":"https:\/\/www.redegal.com\/es\/wp-json\/wp\/v2\/media?parent=7785"}],"wp:term":[{"taxonomy":"category","embeddable":true,"href":"https:\/\/www.redegal.com\/es\/wp-json\/wp\/v2\/categories?post=7785"},{"taxonomy":"post_tag","embeddable":true,"href":"https:\/\/www.redegal.com\/es\/wp-json\/wp\/v2\/tags?post=7785"}],"curies":[{"name":"wp","href":"https:\/\/api.w.org\/{rel}","templated":true}]}}