{"id":7576,"date":"2014-02-28T15:18:58","date_gmt":"2014-02-28T14:18:58","guid":{"rendered":"http:\/\/localhost\/redegal\/?p=689"},"modified":"2023-04-21T12:08:05","modified_gmt":"2023-04-21T10:08:05","slug":"10-aniversario-de-redegal","status":"publish","type":"post","link":"https:\/\/www.redegal.com\/es\/blog\/10-aniversario-de-redegal\/","title":{"rendered":"10 a\u00f1os de Redegal"},"content":{"rendered":"<p style=\"text-align: justify;\"><span style=\"line-height: 1.5;\">Han pasado ya 10 a\u00f1os desde que surgi\u00f3 una idea llamada Redegal. D<\/span>espu\u00e9s de este tiempo, hemos logrado convertir esa idea en un proyecto cada vez m\u00e1s grande e intenso, llev\u00e1ndolo lejos y comparti\u00e9ndolo con m\u00e1s y nuevos clientes junto a los que hemos crecido.<\/p>\n<p style=\"text-align: justify;\">Durante este periodo hemos centrado nuestra actividad en el comercio electr\u00f3nico, especializ\u00e1ndonos en estrategia de negocio online y desarrollo de plataformas ecommerce enfocadas a la escalabilidad y a su propia progresi\u00f3n hacia los dispositivos m\u00f3viles y nuevos medios de interacci\u00f3n con contenidos digitales.<\/p>\n<p style=\"text-align: justify;\"><a href=\"https:\/\/www.redegal.com\/wp-content\/uploads\/2014\/02\/10-a\u00f1os-redegal.png\"><img decoding=\"async\" class=\"aligncenter size-full wp-image-708\" src=\"https:\/\/www.redegal.com\/wp-content\/uploads\/2014\/02\/10-a\u00f1os-redegal.png\" alt=\"10-a\u00f1os-redegal\" width=\"1237\" height=\"266\" \/><\/a><\/p>\n<h2 style=\"text-align: justify;\">Nuestro salto a Centroam\u00e9rica<\/h2>\n<p style=\"text-align: justify;\">Tras 10 a\u00f1os de experiencia, hemos aprendido a valorar la importancia de acompa\u00f1ar los proyectos desde su lanzamiento hasta potenciar su crecimiento y su continuidad. Nos gusta trabajar al lado de nuestros clientes y acompa\u00f1arlos a cumplir los objetivos de su negocio, llev\u00e1ndolos a donde ellos quieran llegar. Este concepto es el que nos ha llevado a expandir nuestra presencia por Espa\u00f1a y Centroam\u00e9rica, buscando retos y mercados en los que profundizar y desarrollar nuevos proyectos.<\/p>\n<p style=\"text-align: justify;\">No encontramos mejor manera de celebrar nuestros 10 a\u00f1os que trabajando en cuentas de gran potencial en M\u00e9xico; especializ\u00e1ndonos en sectores en los que tenemos experiencia, como la moda, la alimentaci\u00f3n o la cosm\u00e9tica, e introduci\u00e9ndonos en otros nuevos. Todo ello sin dejar de lado la investigaci\u00f3n de nuevas tendencias de consumo y conducta de usuario, dedicando un departamento en exclusiva a estudiar lo que va a llegar ma\u00f1ana.<\/p>\n<h2 style=\"text-align: justify;\">Tras 10 a\u00f1os, nueva imagen<\/h2>\n<p><a href=\"https:\/\/www.redegal.com\/wp-content\/uploads\/2014\/02\/10-a\u00f1os-de-redegal1.png\"><img decoding=\"async\" class=\"aligncenter size-full wp-image-702\" src=\"https:\/\/www.redegal.com\/wp-content\/uploads\/2014\/02\/10-a\u00f1os-de-redegal1.png\" alt=\"Redegal cumple 10 a\u00f1os\" width=\"1237\" height=\"357\" \/><\/a><\/p>\n<p style=\"text-align: justify;\">Para celebrar nuestro aniversario y reflejar el salto a nuevos mercados hemos hecho un restyling de nuestra imagen. Mantenemos la esencia de Redegal, de la idea que surgi\u00f3 hace 10 a\u00f1os y la convertimos en un concepto actual, fresco y en\u00e9rgico, poniendo en manifiesto la marca que es hoy.<\/p>\n<p><a href=\"https:\/\/www.redegal.com\/wp-content\/uploads\/2023\/04\/redegal-10-an\u0303os.png\"><img decoding=\"async\" class=\"aligncenter wp-image-11439 size-full\" src=\"https:\/\/www.redegal.com\/wp-content\/uploads\/2023\/04\/redegal-10-an\u0303os.png\" alt=\"redegal-10-a\u00f1os\" width=\"952\" height=\"407\" srcset=\"https:\/\/www.redegal.com\/wp-content\/uploads\/2023\/04\/redegal-10-an\u0303os.png 952w, https:\/\/www.redegal.com\/wp-content\/uploads\/2023\/04\/redegal-10-an\u0303os-300x128.png 300w, https:\/\/www.redegal.com\/wp-content\/uploads\/2023\/04\/redegal-10-an\u0303os-768x328.png 768w, https:\/\/www.redegal.com\/wp-content\/uploads\/2023\/04\/redegal-10-an\u0303os-120x51.png 120w\" sizes=\"(max-width: 952px) 100vw, 952px\" \/><\/a><\/p>\n<p style=\"text-align: justify;\">\u00a1Sin duda, esperamos cumplir muchos m\u00e1s y seguir trabajando en proyectos que nos seduzcan y cautiven como hemos hecho hasta ahora!<\/p>\n<p style=\"text-align: justify;\">\n","protected":false},"excerpt":{"rendered":"<p>Han pasado ya 10 a\u00f1os desde que surgi\u00f3 una idea llamada Redegal. Despu\u00e9s de este tiempo, hemos logrado convertir esa idea en un proyecto cada vez m\u00e1s grande e intenso, llev\u00e1ndolo lejos y comparti\u00e9ndolo con m\u00e1s y nuevos clientes junto a los que hemos crecido. Durante este periodo hemos centrado nuestra actividad en el comercio [&hellip;]<\/p>\n","protected":false},"author":3,"featured_media":2917,"comment_status":"open","ping_status":"open","sticky":false,"template":"","format":"standard","meta":{"_acf_changed":false,"inline_featured_image":false,"footnotes":""},"categories":[24],"tags":[],"class_list":["post-7576","post","type-post","status-publish","format-standard","has-post-thumbnail","hentry","category-redegal"],"acf":[],"yoast_head":"<!-- This site is optimized with the Yoast SEO plugin v26.6 - https:\/\/yoast.com\/wordpress\/plugins\/seo\/ -->\n<title>10 a\u00f1os de Redegal<\/title>\n<meta name=\"description\" content=\"\u00a1Redegal cumple 10 a\u00f1os! No encontramos mejor modo de celebrarlo que trabajando en nuevos proyectos ecommerce en M\u00e9xico y presentando nuestra nueva imagen.\" \/>\n<meta name=\"robots\" content=\"index, follow, max-snippet:-1, max-image-preview:large, max-video-preview:-1\" \/>\n<link rel=\"canonical\" href=\"https:\/\/www.redegal.com\/es\/blog\/10-aniversario-de-redegal\/\" \/>\n<meta property=\"og:locale\" content=\"es_ES\" \/>\n<meta property=\"og:type\" content=\"article\" \/>\n<meta property=\"og:title\" content=\"10 a\u00f1os de Redegal\" \/>\n<meta property=\"og:description\" content=\"\u00a1Redegal cumple 10 a\u00f1os! No encontramos mejor modo de celebrarlo que trabajando en nuevos proyectos ecommerce en M\u00e9xico y presentando nuestra nueva imagen.\" \/>\n<meta property=\"og:url\" content=\"https:\/\/www.redegal.com\/es\/blog\/10-aniversario-de-redegal\/\" \/>\n<meta property=\"og:site_name\" content=\"Redegal\" \/>\n<meta property=\"article:publisher\" content=\"https:\/\/facebook.com\/Redegal\/\" \/>\n<meta property=\"article:published_time\" content=\"2014-02-28T14:18:58+00:00\" \/>\n<meta property=\"article:modified_time\" content=\"2023-04-21T10:08:05+00:00\" \/>\n<meta property=\"og:image\" content=\"https:\/\/www.redegal.com\/wp-content\/uploads\/2021\/11\/Redegal-Social-Thumb.jpg\" \/>\n\t<meta property=\"og:image:width\" content=\"1200\" \/>\n\t<meta property=\"og:image:height\" content=\"600\" \/>\n\t<meta property=\"og:image:type\" content=\"image\/jpeg\" \/>\n<meta name=\"author\" content=\"iria iria\" \/>\n<meta name=\"twitter:card\" content=\"summary_large_image\" \/>\n<meta name=\"twitter:label1\" content=\"Escrito por\" \/>\n\t<meta name=\"twitter:data1\" content=\"iria iria\" \/>\n\t<meta name=\"twitter:label2\" content=\"Tiempo de lectura\" \/>\n\t<meta name=\"twitter:data2\" content=\"2 minutos\" \/>\n<script type=\"application\/ld+json\" class=\"yoast-schema-graph\">{\"@context\":\"https:\/\/schema.org\",\"@graph\":[{\"@type\":[\"Article\",\"BlogPosting\"],\"@id\":\"https:\/\/www.redegal.com\/es\/blog\/10-aniversario-de-redegal\/#article\",\"isPartOf\":{\"@id\":\"https:\/\/www.redegal.com\/es\/blog\/10-aniversario-de-redegal\/\"},\"author\":{\"name\":\"iria iria\",\"@id\":\"https:\/\/www.redegal.com\/es\/#\/schema\/person\/a81172724b68c1c1b7af53840236735e\"},\"headline\":\"10 a\u00f1os de Redegal\",\"datePublished\":\"2014-02-28T14:18:58+00:00\",\"dateModified\":\"2023-04-21T10:08:05+00:00\",\"mainEntityOfPage\":{\"@id\":\"https:\/\/www.redegal.com\/es\/blog\/10-aniversario-de-redegal\/\"},\"wordCount\":341,\"commentCount\":0,\"publisher\":{\"@id\":\"https:\/\/www.redegal.com\/es\/#organization\"},\"image\":{\"@id\":\"https:\/\/www.redegal.com\/es\/blog\/10-aniversario-de-redegal\/#primaryimage\"},\"thumbnailUrl\":\"\",\"articleSection\":[\"Redegal\"],\"inLanguage\":\"es\",\"potentialAction\":[{\"@type\":\"CommentAction\",\"name\":\"Comment\",\"target\":[\"https:\/\/www.redegal.com\/es\/blog\/10-aniversario-de-redegal\/#respond\"]}]},{\"@type\":\"WebPage\",\"@id\":\"https:\/\/www.redegal.com\/es\/blog\/10-aniversario-de-redegal\/\",\"url\":\"https:\/\/www.redegal.com\/es\/blog\/10-aniversario-de-redegal\/\",\"name\":\"10 a\u00f1os de Redegal\",\"isPartOf\":{\"@id\":\"https:\/\/www.redegal.com\/es\/#website\"},\"primaryImageOfPage\":{\"@id\":\"https:\/\/www.redegal.com\/es\/blog\/10-aniversario-de-redegal\/#primaryimage\"},\"image\":{\"@id\":\"https:\/\/www.redegal.com\/es\/blog\/10-aniversario-de-redegal\/#primaryimage\"},\"thumbnailUrl\":\"\",\"datePublished\":\"2014-02-28T14:18:58+00:00\",\"dateModified\":\"2023-04-21T10:08:05+00:00\",\"description\":\"\u00a1Redegal cumple 10 a\u00f1os! No encontramos mejor modo de celebrarlo que trabajando en nuevos proyectos ecommerce en M\u00e9xico y presentando nuestra nueva imagen.\",\"breadcrumb\":{\"@id\":\"https:\/\/www.redegal.com\/es\/blog\/10-aniversario-de-redegal\/#breadcrumb\"},\"inLanguage\":\"es\",\"potentialAction\":[{\"@type\":\"ReadAction\",\"target\":[\"https:\/\/www.redegal.com\/es\/blog\/10-aniversario-de-redegal\/\"]}]},{\"@type\":\"ImageObject\",\"inLanguage\":\"es\",\"@id\":\"https:\/\/www.redegal.com\/es\/blog\/10-aniversario-de-redegal\/#primaryimage\",\"url\":\"\",\"contentUrl\":\"\"},{\"@type\":\"BreadcrumbList\",\"@id\":\"https:\/\/www.redegal.com\/es\/blog\/10-aniversario-de-redegal\/#breadcrumb\",\"itemListElement\":[{\"@type\":\"ListItem\",\"position\":1,\"name\":\"Home\",\"item\":\"https:\/\/www.redegal.com\/es\/\"},{\"@type\":\"ListItem\",\"position\":2,\"name\":\"10 a\u00f1os de Redegal\"}]},{\"@type\":\"WebSite\",\"@id\":\"https:\/\/www.redegal.com\/es\/#website\",\"url\":\"https:\/\/www.redegal.com\/es\/\",\"name\":\"Redegal\",\"description\":\"\",\"publisher\":{\"@id\":\"https:\/\/www.redegal.com\/es\/#organization\"},\"potentialAction\":[{\"@type\":\"SearchAction\",\"target\":{\"@type\":\"EntryPoint\",\"urlTemplate\":\"https:\/\/www.redegal.com\/es\/?s={search_term_string}\"},\"query-input\":{\"@type\":\"PropertyValueSpecification\",\"valueRequired\":true,\"valueName\":\"search_term_string\"}}],\"inLanguage\":\"es\"},{\"@type\":\"Organization\",\"@id\":\"https:\/\/www.redegal.com\/es\/#organization\",\"name\":\"Redegal\",\"url\":\"https:\/\/www.redegal.com\/es\/\",\"logo\":{\"@type\":\"ImageObject\",\"inLanguage\":\"es\",\"@id\":\"https:\/\/www.redegal.com\/es\/#\/schema\/logo\/image\/\",\"url\":\"https:\/\/www.redegal.com\/wp-content\/uploads\/2025\/05\/Logo-Redegal.svg\",\"contentUrl\":\"https:\/\/www.redegal.com\/wp-content\/uploads\/2025\/05\/Logo-Redegal.svg\",\"width\":\"1024\",\"height\":\"1024\",\"caption\":\"Redegal\"},\"image\":{\"@id\":\"https:\/\/www.redegal.com\/es\/#\/schema\/logo\/image\/\"},\"sameAs\":[\"https:\/\/facebook.com\/Redegal\/\",\"https:\/\/www.instagram.com\/_redegal\/\",\"https:\/\/www.linkedin.com\/company\/redegal\/\",\"https:\/\/www.youtube.com\/channel\/UCDXwbtEULPIYV2I1ugDzeUw\",\"https:\/\/x.com\/redegal\"]},{\"@type\":\"Person\",\"@id\":\"https:\/\/www.redegal.com\/es\/#\/schema\/person\/a81172724b68c1c1b7af53840236735e\",\"name\":\"iria iria\",\"image\":{\"@type\":\"ImageObject\",\"inLanguage\":\"es\",\"@id\":\"https:\/\/www.redegal.com\/es\/#\/schema\/person\/image\/\",\"url\":\"https:\/\/secure.gravatar.com\/avatar\/?s=96&d=mm&r=g\",\"contentUrl\":\"https:\/\/secure.gravatar.com\/avatar\/?s=96&d=mm&r=g\",\"caption\":\"iria iria\"}}]}<\/script>\n<!-- \/ Yoast SEO plugin. -->","yoast_head_json":{"title":"10 a\u00f1os de Redegal","description":"\u00a1Redegal cumple 10 a\u00f1os! No encontramos mejor modo de celebrarlo que trabajando en nuevos proyectos ecommerce en M\u00e9xico y presentando nuestra nueva imagen.","robots":{"index":"index","follow":"follow","max-snippet":"max-snippet:-1","max-image-preview":"max-image-preview:large","max-video-preview":"max-video-preview:-1"},"canonical":"https:\/\/www.redegal.com\/es\/blog\/10-aniversario-de-redegal\/","og_locale":"es_ES","og_type":"article","og_title":"10 a\u00f1os de Redegal","og_description":"\u00a1Redegal cumple 10 a\u00f1os! No encontramos mejor modo de celebrarlo que trabajando en nuevos proyectos ecommerce en M\u00e9xico y presentando nuestra nueva imagen.","og_url":"https:\/\/www.redegal.com\/es\/blog\/10-aniversario-de-redegal\/","og_site_name":"Redegal","article_publisher":"https:\/\/facebook.com\/Redegal\/","article_published_time":"2014-02-28T14:18:58+00:00","article_modified_time":"2023-04-21T10:08:05+00:00","og_image":[{"width":1200,"height":600,"url":"https:\/\/www.redegal.com\/wp-content\/uploads\/2021\/11\/Redegal-Social-Thumb.jpg","type":"image\/jpeg"}],"author":"iria iria","twitter_card":"summary_large_image","twitter_misc":{"Escrito por":"iria iria","Tiempo de lectura":"2 minutos"},"schema":{"@context":"https:\/\/schema.org","@graph":[{"@type":["Article","BlogPosting"],"@id":"https:\/\/www.redegal.com\/es\/blog\/10-aniversario-de-redegal\/#article","isPartOf":{"@id":"https:\/\/www.redegal.com\/es\/blog\/10-aniversario-de-redegal\/"},"author":{"name":"iria iria","@id":"https:\/\/www.redegal.com\/es\/#\/schema\/person\/a81172724b68c1c1b7af53840236735e"},"headline":"10 a\u00f1os de Redegal","datePublished":"2014-02-28T14:18:58+00:00","dateModified":"2023-04-21T10:08:05+00:00","mainEntityOfPage":{"@id":"https:\/\/www.redegal.com\/es\/blog\/10-aniversario-de-redegal\/"},"wordCount":341,"commentCount":0,"publisher":{"@id":"https:\/\/www.redegal.com\/es\/#organization"},"image":{"@id":"https:\/\/www.redegal.com\/es\/blog\/10-aniversario-de-redegal\/#primaryimage"},"thumbnailUrl":"","articleSection":["Redegal"],"inLanguage":"es","potentialAction":[{"@type":"CommentAction","name":"Comment","target":["https:\/\/www.redegal.com\/es\/blog\/10-aniversario-de-redegal\/#respond"]}]},{"@type":"WebPage","@id":"https:\/\/www.redegal.com\/es\/blog\/10-aniversario-de-redegal\/","url":"https:\/\/www.redegal.com\/es\/blog\/10-aniversario-de-redegal\/","name":"10 a\u00f1os de Redegal","isPartOf":{"@id":"https:\/\/www.redegal.com\/es\/#website"},"primaryImageOfPage":{"@id":"https:\/\/www.redegal.com\/es\/blog\/10-aniversario-de-redegal\/#primaryimage"},"image":{"@id":"https:\/\/www.redegal.com\/es\/blog\/10-aniversario-de-redegal\/#primaryimage"},"thumbnailUrl":"","datePublished":"2014-02-28T14:18:58+00:00","dateModified":"2023-04-21T10:08:05+00:00","description":"\u00a1Redegal cumple 10 a\u00f1os! No encontramos mejor modo de celebrarlo que trabajando en nuevos proyectos ecommerce en M\u00e9xico y presentando nuestra nueva imagen.","breadcrumb":{"@id":"https:\/\/www.redegal.com\/es\/blog\/10-aniversario-de-redegal\/#breadcrumb"},"inLanguage":"es","potentialAction":[{"@type":"ReadAction","target":["https:\/\/www.redegal.com\/es\/blog\/10-aniversario-de-redegal\/"]}]},{"@type":"ImageObject","inLanguage":"es","@id":"https:\/\/www.redegal.com\/es\/blog\/10-aniversario-de-redegal\/#primaryimage","url":"","contentUrl":""},{"@type":"BreadcrumbList","@id":"https:\/\/www.redegal.com\/es\/blog\/10-aniversario-de-redegal\/#breadcrumb","itemListElement":[{"@type":"ListItem","position":1,"name":"Home","item":"https:\/\/www.redegal.com\/es\/"},{"@type":"ListItem","position":2,"name":"10 a\u00f1os de Redegal"}]},{"@type":"WebSite","@id":"https:\/\/www.redegal.com\/es\/#website","url":"https:\/\/www.redegal.com\/es\/","name":"Redegal","description":"","publisher":{"@id":"https:\/\/www.redegal.com\/es\/#organization"},"potentialAction":[{"@type":"SearchAction","target":{"@type":"EntryPoint","urlTemplate":"https:\/\/www.redegal.com\/es\/?s={search_term_string}"},"query-input":{"@type":"PropertyValueSpecification","valueRequired":true,"valueName":"search_term_string"}}],"inLanguage":"es"},{"@type":"Organization","@id":"https:\/\/www.redegal.com\/es\/#organization","name":"Redegal","url":"https:\/\/www.redegal.com\/es\/","logo":{"@type":"ImageObject","inLanguage":"es","@id":"https:\/\/www.redegal.com\/es\/#\/schema\/logo\/image\/","url":"https:\/\/www.redegal.com\/wp-content\/uploads\/2025\/05\/Logo-Redegal.svg","contentUrl":"https:\/\/www.redegal.com\/wp-content\/uploads\/2025\/05\/Logo-Redegal.svg","width":"1024","height":"1024","caption":"Redegal"},"image":{"@id":"https:\/\/www.redegal.com\/es\/#\/schema\/logo\/image\/"},"sameAs":["https:\/\/facebook.com\/Redegal\/","https:\/\/www.instagram.com\/_redegal\/","https:\/\/www.linkedin.com\/company\/redegal\/","https:\/\/www.youtube.com\/channel\/UCDXwbtEULPIYV2I1ugDzeUw","https:\/\/x.com\/redegal"]},{"@type":"Person","@id":"https:\/\/www.redegal.com\/es\/#\/schema\/person\/a81172724b68c1c1b7af53840236735e","name":"iria iria","image":{"@type":"ImageObject","inLanguage":"es","@id":"https:\/\/www.redegal.com\/es\/#\/schema\/person\/image\/","url":"https:\/\/secure.gravatar.com\/avatar\/?s=96&d=mm&r=g","contentUrl":"https:\/\/secure.gravatar.com\/avatar\/?s=96&d=mm&r=g","caption":"iria iria"}}]}},"_links":{"self":[{"href":"https:\/\/www.redegal.com\/es\/wp-json\/wp\/v2\/posts\/7576","targetHints":{"allow":["GET"]}}],"collection":[{"href":"https:\/\/www.redegal.com\/es\/wp-json\/wp\/v2\/posts"}],"about":[{"href":"https:\/\/www.redegal.com\/es\/wp-json\/wp\/v2\/types\/post"}],"author":[{"embeddable":true,"href":"https:\/\/www.redegal.com\/es\/wp-json\/wp\/v2\/users\/3"}],"replies":[{"embeddable":true,"href":"https:\/\/www.redegal.com\/es\/wp-json\/wp\/v2\/comments?post=7576"}],"version-history":[{"count":1,"href":"https:\/\/www.redegal.com\/es\/wp-json\/wp\/v2\/posts\/7576\/revisions"}],"predecessor-version":[{"id":11443,"href":"https:\/\/www.redegal.com\/es\/wp-json\/wp\/v2\/posts\/7576\/revisions\/11443"}],"wp:featuredmedia":[{"embeddable":true,"href":"https:\/\/www.redegal.com\/es\/wp-json\/"}],"wp:attachment":[{"href":"https:\/\/www.redegal.com\/es\/wp-json\/wp\/v2\/media?parent=7576"}],"wp:term":[{"taxonomy":"category","embeddable":true,"href":"https:\/\/www.redegal.com\/es\/wp-json\/wp\/v2\/categories?post=7576"},{"taxonomy":"post_tag","embeddable":true,"href":"https:\/\/www.redegal.com\/es\/wp-json\/wp\/v2\/tags?post=7576"}],"curies":[{"name":"wp","href":"https:\/\/api.w.org\/{rel}","templated":true}]}}