{"id":7272,"date":"2019-10-10T16:29:15","date_gmt":"2019-10-10T16:29:15","guid":{"rendered":"https:\/\/www.redegal.com\/?p=7272"},"modified":"2023-03-27T17:08:30","modified_gmt":"2023-03-27T15:08:30","slug":"redegal-ecse-ecommerce-summit-expo-2019","status":"publish","type":"post","link":"https:\/\/www.redegal.com\/es\/blog\/redegal-ecse-ecommerce-summit-expo-2019\/","title":{"rendered":"Redegal en el ECSE Ecommerce Summit &#038; Expo 2019"},"content":{"rendered":"<p><span style=\"font-weight: 400;\">La\u00a0<\/span><a href=\"https:\/\/www.ecse.mx\/es.html\" target=\"_blank\" rel=\"noopener\"><span style=\"font-weight: 400;\">Ecommerce Summit &amp; Expo 2019<\/span><\/a><span style=\"font-weight: 400;\">, celebrada en el Centro Citibanamex de M\u00e9xico el 2 y 3 de octubre, no fue una cita m\u00e1s en el calendario de eventos en el sector de las e-commerce, sino que debe entenderse como un punto de encuentro en el que profesionales y potenciales clientes intercambian experiencia, conocimientos e inquietudes y donde tambi\u00e9n, por supuesto, se generan relaciones de negocio.\u00a0<\/span><\/p>\n<p><span style=\"font-weight: 400;\">Por este motivo, en Redegal no hemos dejado pasar la oportunidad de disfrutar de esta experiencia en la que hemos participado de forma activa en el amplio y completo programa.\u00a0<\/span><\/p>\n<h2><b>2 de octubre: jornada intensa y enriquecedora<\/b><\/h2>\n<p><span style=\"font-weight: 400;\">Nuestra presencia en la ECSE comenz\u00f3 tal y como estaba previsto. Desde primera hora nuestro Country Manager,\u00a0<\/span><b>Pavel \u00c1lvarez<\/b><span style=\"font-weight: 400;\">, y nuestra directora de cuentas en M\u00e9xico,<\/span><b>\u00a0M\u00f3nica Gim\u00e9nez<\/b><span style=\"font-weight: 400;\">, se encontraban listos en el<\/span>\u00a0<a href=\"https:\/\/www.ecse.mx\/es\/exhibitor-details.org-bed6f53c-df4b-44fa-8602-c38327350e0e.html\" target=\"_blank\" rel=\"noopener\"><b>stand 501<\/b><\/a><span style=\"font-weight: 400;\">\u00a0para recibir a los asistentes.<\/span><\/p>\n<p><img decoding=\"async\" class=\"alignleft size-full wp-image-7273\" src=\"https:\/\/redegal.com\/wp-content\/uploads\/2019\/10\/stand.jpg\" alt=\"En el stand 501 compartimos impresiones y experiencia con nuestros clientes y partners\" width=\"3264\" height=\"2448\" \/><\/p>\n<p><span style=\"font-weight: 400;\">Cabe destacar que entre todos los que se acercaron al stand durante esta primera jornada se encontraban algunos de nuestros clientes, como Vlad Tanfara, Head of Digital &amp; Ecommerce en Nine West Group. Adem\u00e1s, entre los asistentes a esta gran cita del e-commerce, pudimos intercambiar impresiones con algunos de nuestros partners, como <a href=\"https:\/\/www.redegal.com\/es\/tecnologias\/magento\/\" target=\"_blank\" rel=\"noopener\">Magento<\/a> y Prestashop. Y es que, junto al stand de Redegal se estaban proveedores del mundo del Ecommerce como Sales Force, Magento, Club Premier de Aerom\u00e9xico, Digital Business Academy, Bamb\u00fa Mobile, Contentoh, Banwire e Entropy, entre muchos m\u00e1s.<\/span><\/p>\n<h3><b>El Centro Citibanamex fue un no parar<\/b><\/h3>\n<p><span style=\"font-weight: 400;\">Aunque se trataba de la jornada inaugural, la actividad no ces\u00f3 desde primera hora, As\u00ed, en el Hall 1 se llev\u00f3 a cabo un<\/span><b>\u00a0panel de expertos<\/b><span style=\"font-weight: 400;\">\u00a0-integrado por Erika Falf\u00e1n, Director for Digital Operations de SAM\u00b4S; Fernando \u00c1lvarez, de Kantar M\u00e9xico;\u00a0 Lourdes Hern\u00e1ndez, Gerente de Investigaci\u00f3n, IAB M\u00e9xico; David D\u00edaz, Head Consumo Masivo en Mercado Libre; y Carlos S\u00e1nchez, Sales Strategy and Transformation Sr Director en PEPSICO- que hablaron<\/span><b>\u00a0sobre el comportamiento de los internautas en el mundo del retail.<\/b><span style=\"font-weight: 400;\">\u00a0<\/span><\/p>\n<p><span style=\"font-weight: 400;\">Tras esta primera toma de contacto que dej\u00f3 constancia del ritmo fren\u00e9tico de este tipo de citas, se llev\u00f3 a cabo la<\/span><b>\u00a0inauguraci\u00f3n oficial del ECSE 2019<\/b><span style=\"font-weight: 400;\">\u00a0en el auditorio principal del evento, un acto en el que\u00a0<\/span><b>se hizo menci\u00f3n especial a Redegal como uno de los principales patrocinadores.\u00a0<\/b><\/p>\n<p><span style=\"font-weight: 400;\">En ese mismo espacio se celebr\u00f3 la\u00a0<\/span><b>conferencia \u2018El camino hacia nuestra transformaci\u00f3n\u2019<\/b><span style=\"font-weight: 400;\">, en la que Guilherme Loureiro, Presidente Ejecutivo y CEO de Walmart M\u00e9xico y Centroam\u00e9rica, comparti\u00f3 con los asistentes la magnitud del impacto que ha tenido en sus ventas la inclusi\u00f3n de\u00a0 las plataformas digitales. \u201cPara ser m\u00e1s exitosos tenemos que conectar con nuestros clientes e innovar m\u00e1s r\u00e1pido utilizando las nuevas tecnolog\u00edas\u201d, sentenci\u00f3 Loureiro sobre esta cuesti\u00f3n.\u00a0<\/span><\/p>\n<p><span style=\"font-weight: 400;\">Tras la conferencia, Ricardo Alonso, CEO de Falabella eCommerce LATAM, tom\u00f3 el relevo con una<\/span><b>\u00a0charla sobre la estrategia omnicanal y la experiencia de usuario<\/b><span style=\"font-weight: 400;\">\u00a0en la que destac\u00f3 que \u201cuna transacci\u00f3n online no puede tener una mala experiencia de usuario, eso significa fracaso.\u201d\u00a0<\/span><\/p>\n<h3><b>La actividad continu\u00f3 por la tarde<\/b><\/h3>\n<p><span style=\"font-weight: 400;\">Tras la<\/span><b>\u00a0conferencia sobre la democratizaci\u00f3n del comercio mundia<\/b><span style=\"font-weight: 400;\">l, impartida por Andrea Stairs, la directora general de eBay Canad\u00e1 y Am\u00e9rica Latina, el Hall 2 recibi\u00f3 a Peter Sheldon, Senior Director Strategy at Magento. En su\u00a0<\/span><b>conferencia titulada \u2018Dominar el arte de la experiencia impulsada por el comercio\u2019<\/b><span style=\"font-weight: 400;\">, Sheldon destac\u00f3 que \u201centre 2018 y 2021 se proyecta que el n\u00famero de personas haciendo compras online aumentar\u00e1 de 1.8 billones a 2.1 billones\u201d.\u00a0<\/span><\/p>\n<p><span style=\"font-weight: 400;\">As\u00ed, la primera jornada del ECSE 2019 concluy\u00f3 con una\u00a0<\/span><b>charla titulada \u2018Omnicanalidad: El futuro, hoy\u2019<\/b><span style=\"font-weight: 400;\">\u00a0en la que Carlos Delgado, Jefe de E-Commerce para Nielsen en LATAM, apunt\u00f3 que \u201cen el uso de las apps prolifera la pr\u00e1ctica de la compra online\u201d.\u00a0<\/span><\/p>\n<h2><b>3 de octubre: charla y mesa redonda<\/b><\/h2>\n<p><span style=\"font-weight: 400;\">Superado el primer d\u00eda, el ECSE 2019 continu\u00f3 su actividad el jueves desde primera hora de la ma\u00f1ana. Mientras en el Summit Hall 1 el responsable de desarrollo y ejecuci\u00f3n de estrategias de eCommerce y omnicanal para Grupo Coppel en M\u00e9xico y Argentina, Bernardo Baz\u00faa, compart\u00eda su experiencia en una<\/span><b>\u00a0mesa redonda sobre la integraci\u00f3n del eCommerce y la tienda f\u00edsica para impulsar las ventas<\/b><span style=\"font-weight: 400;\">, en el en el Summit Hall 2 se encontraba Eduardo Tejeda Dom\u00ednguez, el subgerente de C\u00e1maras de Compensaci\u00f3n, Tarjetas y Sistemas de Informaci\u00f3n del Banco de M\u00e9xico, hablando del<\/span><b>\u00a0CoDi y su implementaci\u00f3n en el Comercio Electr\u00f3nico<\/b><span style=\"font-weight: 400;\">.\u00a0<\/span><\/p>\n<p><span style=\"font-weight: 400;\">Por otro lado, Tim Weingarten, Director de Productos para Compras en Pinterest, inaugur\u00f3 el escenario principal con una charla titulada\u00a0<\/span><b>Visual Discovery: Inspiring the Purchase Journey<\/b><span style=\"font-weight: 400;\">. Cabe destacar que en esta segunda y \u00faltima jornada, adem\u00e1s de William Shaw, Director General de Interjet, se presentaron en ese mismo escenario dos conferencias magistrales, una a cargo de Ann Cairns, vicepresidenta ejecutiva de Mastercard, y Steve Wozniak, Co-fundador de Apple, centrada en la\u00a0<\/span><b>innovaci\u00f3n y la creatividad<\/b><span style=\"font-weight: 400;\">.<\/span><\/p>\n<h3><b>Compartiendo nuestro conocimiento<\/b><\/h3>\n<p><span style=\"font-weight: 400;\">Durante la segunda mitad de la jornada final del ECSE, Redegal acapar\u00f3 gran parte del protagonismo, no solo alrededor del stand 501 -en el que se realizaron entrevistas a diferentes marcas como Nine West, Michael Page y Parisina, que muy pronto podr\u00e1n verse en nuestras redes sociales- sino por la\u00a0<\/span><b>charla sobre anal\u00edtica digital a cargo de nuestra Digital Analytics Manager, Alba Ba\u00f1os<\/b><span style=\"font-weight: 400;\">.<\/span><\/p>\n<p><img decoding=\"async\" class=\"alignleft size-full wp-image-7274\" src=\"https:\/\/redegal.com\/wp-content\/uploads\/2019\/10\/alba.jpg\" alt=\"El jueves, 3 de octubre, nuestra Digital Analytics Manager, Alba Ba\u00f1os, dio una charla sobre anal\u00edtica digital\" width=\"3264\" height=\"2448\" \/><\/p>\n<p><span style=\"font-weight: 400;\">Y es que, para cerrar nuestra gran participaci\u00f3n en el evento, el Summit Hall 2 acogi\u00f3 un coloquio titulado<\/span>\u00a0<a href=\"https:\/\/www.ecse.mx\/es\/session-details.1280.10414.anal%C3%ADtica-digital-smart-ecommerce-base.html\" target=\"_blank\" rel=\"noopener\"><b>\u2018Anal\u00edtica Digital, Smart Ecommerce Base\u2018<\/b><\/a>\u00a0<span style=\"font-weight: 400;\">en el que Alba Ba\u00f1os\u00a0<\/span><b>abord\u00f3 la importancia de la anal\u00edtica digital desde el punto de vista del usuario y su comportamiento<\/b><span style=\"font-weight: 400;\">. Comenzando por explicar qu\u00e9 es la anal\u00edtica y por qu\u00e9 debemos aplicarla en el mundo del Ecommerce, comparti\u00f3 con los asistentes c\u00f3mo Redegal ayuda a las marcas a usar los datos para implementar estrategias que ayuden a mejorar sus negocios.\u00a0<\/span><\/p>\n<p><span style=\"font-weight: 400;\">En esa misma l\u00ednea, Alba hizo hincapi\u00e9 en la\u00a0<\/span><b>importancia de la personalizaci\u00f3n en el mundo digital<\/b><span style=\"font-weight: 400;\">\u00a0con el fin de incrementar los ratios de conversi\u00f3n de los objetivos fijados, una de las estrategias m\u00e1s importantes en el \u00e9xito de grandes marcas como Mercado Libre, Google o Netflix, entre otras.\u00a0<\/span><\/p>\n<p><span style=\"font-weight: 400;\">Tras la charla y como colof\u00f3n final, subi\u00f3 al escenario nuestro Country Manager, Pavel \u00c1lvarez como moderador de la\u00a0<\/span><a href=\"https:\/\/www.ecse.mx\/es\/session-details.1280.15667.mesa-redonda-m%C3%A9tricas-clave-para-el-%C3%A9xito-de-tu-ecommerce.html\" target=\"_blank\" rel=\"noopener\"><b>mesa redonda organizada por Redegal<\/b><\/a><span style=\"font-weight: 400;\">\u00a0en la que se trataron las\u00a0<\/span><b>m\u00e9tricas clave para el \u00e9xito de una Ecommerce.\u00a0<\/b><span style=\"font-weight: 400;\">As\u00ed, los asistentes pudieron conocer el punto de vista de grandes expertos en el sector, como Laura Cornejo, eCommerce Manager M\u00e9xico en Lacoste; Vladimir Tanfara, Head of Digital &amp; eCommerce en Grupo Piagui; Jorge Alva, Gerente eCommerce Parisina; y Edgar Monta\u00f1o, Digital Marketing Latam en Tupperware Brands, que aprovecharon la oportunidad para debatir sobre la importancia que ha tenido el an\u00e1lisis de datos para sus comercios electr\u00f3nicos y las m\u00e9tricas clave en cada una de sus industrias para su \u00e9xito.<\/span><\/p>\n<p><img decoding=\"async\" class=\"alignleft size-full wp-image-7275\" src=\"https:\/\/redegal.com\/wp-content\/uploads\/2019\/10\/mesa-redonda.jpg\" alt=\"Redegal organiz\u00f3 tambi\u00e9n una mesa redonda en la que se trataron las m\u00e9tricas clave para el \u00e9xito de una Ecommerce\" width=\"3264\" height=\"2448\" \/><\/p>\n<h2><b>Construyendo el camino hacia el \u00e9xito<\/b><\/h2>\n<p><span style=\"font-weight: 400;\">Una charla, una mesa redonda y un stand sirvieron de punto de encuentro y reuni\u00f3n entre el equipo de Redegal y todos aquellos compa\u00f1eros, partners o potenciales clientes que no quisieron faltar a la \u00faltima y exitosa edici\u00f3n del\u00a0<\/span><a href=\"https:\/\/www.ecse.mx\/es.html\" target=\"_blank\" rel=\"noopener\"><span style=\"font-weight: 400;\">Ecommerce Summit &amp; Expo 2019<\/span><\/a><span style=\"font-weight: 400;\">, una cita marcada ya en el calendario anual del sector del eCommerce que, sin duda, \u00a1ha superado todas nuestras expectativas!<\/span><!--more--><\/p>\n","protected":false},"excerpt":{"rendered":"<p>La\u00a0Ecommerce Summit &amp; Expo 2019, celebrada en el Centro Citibanamex de M\u00e9xico el 2 y 3 de octubre, no fue una cita m\u00e1s en el calendario de eventos en el sector de las e-commerce, sino que debe entenderse como un punto de encuentro en el que profesionales y potenciales clientes intercambian experiencia, conocimientos e inquietudes [&hellip;]<\/p>\n","protected":false},"author":6,"featured_media":0,"comment_status":"closed","ping_status":"closed","sticky":false,"template":"","format":"standard","meta":{"_acf_changed":false,"inline_featured_image":false,"footnotes":""},"categories":[19],"tags":[],"class_list":["post-7272","post","type-post","status-publish","format-standard","hentry","category-ecommerce"],"acf":[],"yoast_head":"<!-- This site is optimized with the Yoast SEO plugin v26.6 - https:\/\/yoast.com\/wordpress\/plugins\/seo\/ -->\n<title>Redegal en el ECSE Ecommerce Summit &amp; Expo 2019 - Redegal<\/title>\n<meta name=\"robots\" content=\"index, follow, max-snippet:-1, max-image-preview:large, max-video-preview:-1\" \/>\n<link rel=\"canonical\" href=\"https:\/\/www.redegal.com\/es\/blog\/redegal-ecse-ecommerce-summit-expo-2019\/\" \/>\n<meta property=\"og:locale\" content=\"es_ES\" \/>\n<meta property=\"og:type\" content=\"article\" \/>\n<meta property=\"og:title\" content=\"Redegal en el ECSE Ecommerce Summit &amp; Expo 2019 - Redegal\" \/>\n<meta property=\"og:description\" content=\"La\u00a0Ecommerce Summit &amp; Expo 2019, celebrada en el Centro Citibanamex de M\u00e9xico el 2 y 3 de octubre, no fue una cita m\u00e1s en el calendario de eventos en el sector de las e-commerce, sino que debe entenderse como un punto de encuentro en el que profesionales y potenciales clientes intercambian experiencia, conocimientos e inquietudes [&hellip;]\" \/>\n<meta property=\"og:url\" content=\"https:\/\/www.redegal.com\/es\/blog\/redegal-ecse-ecommerce-summit-expo-2019\/\" \/>\n<meta property=\"og:site_name\" content=\"Redegal\" \/>\n<meta property=\"article:publisher\" content=\"https:\/\/facebook.com\/Redegal\/\" \/>\n<meta property=\"article:published_time\" content=\"2019-10-10T16:29:15+00:00\" \/>\n<meta property=\"article:modified_time\" content=\"2023-03-27T15:08:30+00:00\" \/>\n<meta property=\"og:image\" content=\"https:\/\/redegal.com\/wp-content\/uploads\/2019\/10\/stand.jpg\" \/>\n<meta name=\"author\" content=\"Comunicacion comunicacion\" \/>\n<meta name=\"twitter:card\" content=\"summary_large_image\" \/>\n<meta name=\"twitter:label1\" content=\"Escrito por\" \/>\n\t<meta name=\"twitter:data1\" content=\"Comunicacion comunicacion\" \/>\n\t<meta name=\"twitter:label2\" content=\"Tiempo de lectura\" \/>\n\t<meta name=\"twitter:data2\" content=\"6 minutos\" \/>\n<script type=\"application\/ld+json\" class=\"yoast-schema-graph\">{\"@context\":\"https:\/\/schema.org\",\"@graph\":[{\"@type\":[\"Article\",\"BlogPosting\"],\"@id\":\"https:\/\/www.redegal.com\/es\/blog\/redegal-ecse-ecommerce-summit-expo-2019\/#article\",\"isPartOf\":{\"@id\":\"https:\/\/www.redegal.com\/es\/blog\/redegal-ecse-ecommerce-summit-expo-2019\/\"},\"author\":{\"name\":\"Comunicacion comunicacion\",\"@id\":\"https:\/\/www.redegal.com\/es\/#\/schema\/person\/80b02630c7e733147390f69233710ed5\"},\"headline\":\"Redegal en el ECSE Ecommerce Summit &#038; Expo 2019\",\"datePublished\":\"2019-10-10T16:29:15+00:00\",\"dateModified\":\"2023-03-27T15:08:30+00:00\",\"mainEntityOfPage\":{\"@id\":\"https:\/\/www.redegal.com\/es\/blog\/redegal-ecse-ecommerce-summit-expo-2019\/\"},\"wordCount\":1242,\"publisher\":{\"@id\":\"https:\/\/www.redegal.com\/es\/#organization\"},\"image\":{\"@id\":\"https:\/\/www.redegal.com\/es\/blog\/redegal-ecse-ecommerce-summit-expo-2019\/#primaryimage\"},\"thumbnailUrl\":\"https:\/\/redegal.com\/wp-content\/uploads\/2019\/10\/stand.jpg\",\"articleSection\":[\"eCommerce\"],\"inLanguage\":\"es\"},{\"@type\":\"WebPage\",\"@id\":\"https:\/\/www.redegal.com\/es\/blog\/redegal-ecse-ecommerce-summit-expo-2019\/\",\"url\":\"https:\/\/www.redegal.com\/es\/blog\/redegal-ecse-ecommerce-summit-expo-2019\/\",\"name\":\"Redegal en el ECSE Ecommerce Summit & Expo 2019 - Redegal\",\"isPartOf\":{\"@id\":\"https:\/\/www.redegal.com\/es\/#website\"},\"primaryImageOfPage\":{\"@id\":\"https:\/\/www.redegal.com\/es\/blog\/redegal-ecse-ecommerce-summit-expo-2019\/#primaryimage\"},\"image\":{\"@id\":\"https:\/\/www.redegal.com\/es\/blog\/redegal-ecse-ecommerce-summit-expo-2019\/#primaryimage\"},\"thumbnailUrl\":\"https:\/\/redegal.com\/wp-content\/uploads\/2019\/10\/stand.jpg\",\"datePublished\":\"2019-10-10T16:29:15+00:00\",\"dateModified\":\"2023-03-27T15:08:30+00:00\",\"breadcrumb\":{\"@id\":\"https:\/\/www.redegal.com\/es\/blog\/redegal-ecse-ecommerce-summit-expo-2019\/#breadcrumb\"},\"inLanguage\":\"es\",\"potentialAction\":[{\"@type\":\"ReadAction\",\"target\":[\"https:\/\/www.redegal.com\/es\/blog\/redegal-ecse-ecommerce-summit-expo-2019\/\"]}]},{\"@type\":\"ImageObject\",\"inLanguage\":\"es\",\"@id\":\"https:\/\/www.redegal.com\/es\/blog\/redegal-ecse-ecommerce-summit-expo-2019\/#primaryimage\",\"url\":\"https:\/\/redegal.com\/wp-content\/uploads\/2019\/10\/stand.jpg\",\"contentUrl\":\"https:\/\/redegal.com\/wp-content\/uploads\/2019\/10\/stand.jpg\"},{\"@type\":\"BreadcrumbList\",\"@id\":\"https:\/\/www.redegal.com\/es\/blog\/redegal-ecse-ecommerce-summit-expo-2019\/#breadcrumb\",\"itemListElement\":[{\"@type\":\"ListItem\",\"position\":1,\"name\":\"Home\",\"item\":\"https:\/\/www.redegal.com\/es\/\"},{\"@type\":\"ListItem\",\"position\":2,\"name\":\"Redegal en el ECSE Ecommerce Summit &#038; Expo 2019\"}]},{\"@type\":\"WebSite\",\"@id\":\"https:\/\/www.redegal.com\/es\/#website\",\"url\":\"https:\/\/www.redegal.com\/es\/\",\"name\":\"Redegal\",\"description\":\"\",\"publisher\":{\"@id\":\"https:\/\/www.redegal.com\/es\/#organization\"},\"potentialAction\":[{\"@type\":\"SearchAction\",\"target\":{\"@type\":\"EntryPoint\",\"urlTemplate\":\"https:\/\/www.redegal.com\/es\/?s={search_term_string}\"},\"query-input\":{\"@type\":\"PropertyValueSpecification\",\"valueRequired\":true,\"valueName\":\"search_term_string\"}}],\"inLanguage\":\"es\"},{\"@type\":\"Organization\",\"@id\":\"https:\/\/www.redegal.com\/es\/#organization\",\"name\":\"Redegal\",\"url\":\"https:\/\/www.redegal.com\/es\/\",\"logo\":{\"@type\":\"ImageObject\",\"inLanguage\":\"es\",\"@id\":\"https:\/\/www.redegal.com\/es\/#\/schema\/logo\/image\/\",\"url\":\"https:\/\/www.redegal.com\/wp-content\/uploads\/2025\/05\/Logo-Redegal.svg\",\"contentUrl\":\"https:\/\/www.redegal.com\/wp-content\/uploads\/2025\/05\/Logo-Redegal.svg\",\"width\":\"1024\",\"height\":\"1024\",\"caption\":\"Redegal\"},\"image\":{\"@id\":\"https:\/\/www.redegal.com\/es\/#\/schema\/logo\/image\/\"},\"sameAs\":[\"https:\/\/facebook.com\/Redegal\/\",\"https:\/\/www.instagram.com\/_redegal\/\",\"https:\/\/www.linkedin.com\/company\/redegal\/\",\"https:\/\/www.youtube.com\/channel\/UCDXwbtEULPIYV2I1ugDzeUw\",\"https:\/\/x.com\/redegal\"]},{\"@type\":\"Person\",\"@id\":\"https:\/\/www.redegal.com\/es\/#\/schema\/person\/80b02630c7e733147390f69233710ed5\",\"name\":\"Comunicacion comunicacion\",\"image\":{\"@type\":\"ImageObject\",\"inLanguage\":\"es\",\"@id\":\"https:\/\/www.redegal.com\/es\/#\/schema\/person\/image\/\",\"url\":\"https:\/\/secure.gravatar.com\/avatar\/?s=96&d=mm&r=g\",\"contentUrl\":\"https:\/\/secure.gravatar.com\/avatar\/?s=96&d=mm&r=g\",\"caption\":\"Comunicacion comunicacion\"}}]}<\/script>\n<!-- \/ Yoast SEO plugin. -->","yoast_head_json":{"title":"Redegal en el ECSE Ecommerce Summit & Expo 2019 - Redegal","robots":{"index":"index","follow":"follow","max-snippet":"max-snippet:-1","max-image-preview":"max-image-preview:large","max-video-preview":"max-video-preview:-1"},"canonical":"https:\/\/www.redegal.com\/es\/blog\/redegal-ecse-ecommerce-summit-expo-2019\/","og_locale":"es_ES","og_type":"article","og_title":"Redegal en el ECSE Ecommerce Summit & Expo 2019 - Redegal","og_description":"La\u00a0Ecommerce Summit &amp; Expo 2019, celebrada en el Centro Citibanamex de M\u00e9xico el 2 y 3 de octubre, no fue una cita m\u00e1s en el calendario de eventos en el sector de las e-commerce, sino que debe entenderse como un punto de encuentro en el que profesionales y potenciales clientes intercambian experiencia, conocimientos e inquietudes [&hellip;]","og_url":"https:\/\/www.redegal.com\/es\/blog\/redegal-ecse-ecommerce-summit-expo-2019\/","og_site_name":"Redegal","article_publisher":"https:\/\/facebook.com\/Redegal\/","article_published_time":"2019-10-10T16:29:15+00:00","article_modified_time":"2023-03-27T15:08:30+00:00","og_image":[{"url":"https:\/\/redegal.com\/wp-content\/uploads\/2019\/10\/stand.jpg","type":"","width":"","height":""}],"author":"Comunicacion comunicacion","twitter_card":"summary_large_image","twitter_misc":{"Escrito por":"Comunicacion comunicacion","Tiempo de lectura":"6 minutos"},"schema":{"@context":"https:\/\/schema.org","@graph":[{"@type":["Article","BlogPosting"],"@id":"https:\/\/www.redegal.com\/es\/blog\/redegal-ecse-ecommerce-summit-expo-2019\/#article","isPartOf":{"@id":"https:\/\/www.redegal.com\/es\/blog\/redegal-ecse-ecommerce-summit-expo-2019\/"},"author":{"name":"Comunicacion comunicacion","@id":"https:\/\/www.redegal.com\/es\/#\/schema\/person\/80b02630c7e733147390f69233710ed5"},"headline":"Redegal en el ECSE Ecommerce Summit &#038; Expo 2019","datePublished":"2019-10-10T16:29:15+00:00","dateModified":"2023-03-27T15:08:30+00:00","mainEntityOfPage":{"@id":"https:\/\/www.redegal.com\/es\/blog\/redegal-ecse-ecommerce-summit-expo-2019\/"},"wordCount":1242,"publisher":{"@id":"https:\/\/www.redegal.com\/es\/#organization"},"image":{"@id":"https:\/\/www.redegal.com\/es\/blog\/redegal-ecse-ecommerce-summit-expo-2019\/#primaryimage"},"thumbnailUrl":"https:\/\/redegal.com\/wp-content\/uploads\/2019\/10\/stand.jpg","articleSection":["eCommerce"],"inLanguage":"es"},{"@type":"WebPage","@id":"https:\/\/www.redegal.com\/es\/blog\/redegal-ecse-ecommerce-summit-expo-2019\/","url":"https:\/\/www.redegal.com\/es\/blog\/redegal-ecse-ecommerce-summit-expo-2019\/","name":"Redegal en el ECSE Ecommerce Summit & Expo 2019 - Redegal","isPartOf":{"@id":"https:\/\/www.redegal.com\/es\/#website"},"primaryImageOfPage":{"@id":"https:\/\/www.redegal.com\/es\/blog\/redegal-ecse-ecommerce-summit-expo-2019\/#primaryimage"},"image":{"@id":"https:\/\/www.redegal.com\/es\/blog\/redegal-ecse-ecommerce-summit-expo-2019\/#primaryimage"},"thumbnailUrl":"https:\/\/redegal.com\/wp-content\/uploads\/2019\/10\/stand.jpg","datePublished":"2019-10-10T16:29:15+00:00","dateModified":"2023-03-27T15:08:30+00:00","breadcrumb":{"@id":"https:\/\/www.redegal.com\/es\/blog\/redegal-ecse-ecommerce-summit-expo-2019\/#breadcrumb"},"inLanguage":"es","potentialAction":[{"@type":"ReadAction","target":["https:\/\/www.redegal.com\/es\/blog\/redegal-ecse-ecommerce-summit-expo-2019\/"]}]},{"@type":"ImageObject","inLanguage":"es","@id":"https:\/\/www.redegal.com\/es\/blog\/redegal-ecse-ecommerce-summit-expo-2019\/#primaryimage","url":"https:\/\/redegal.com\/wp-content\/uploads\/2019\/10\/stand.jpg","contentUrl":"https:\/\/redegal.com\/wp-content\/uploads\/2019\/10\/stand.jpg"},{"@type":"BreadcrumbList","@id":"https:\/\/www.redegal.com\/es\/blog\/redegal-ecse-ecommerce-summit-expo-2019\/#breadcrumb","itemListElement":[{"@type":"ListItem","position":1,"name":"Home","item":"https:\/\/www.redegal.com\/es\/"},{"@type":"ListItem","position":2,"name":"Redegal en el ECSE Ecommerce Summit &#038; Expo 2019"}]},{"@type":"WebSite","@id":"https:\/\/www.redegal.com\/es\/#website","url":"https:\/\/www.redegal.com\/es\/","name":"Redegal","description":"","publisher":{"@id":"https:\/\/www.redegal.com\/es\/#organization"},"potentialAction":[{"@type":"SearchAction","target":{"@type":"EntryPoint","urlTemplate":"https:\/\/www.redegal.com\/es\/?s={search_term_string}"},"query-input":{"@type":"PropertyValueSpecification","valueRequired":true,"valueName":"search_term_string"}}],"inLanguage":"es"},{"@type":"Organization","@id":"https:\/\/www.redegal.com\/es\/#organization","name":"Redegal","url":"https:\/\/www.redegal.com\/es\/","logo":{"@type":"ImageObject","inLanguage":"es","@id":"https:\/\/www.redegal.com\/es\/#\/schema\/logo\/image\/","url":"https:\/\/www.redegal.com\/wp-content\/uploads\/2025\/05\/Logo-Redegal.svg","contentUrl":"https:\/\/www.redegal.com\/wp-content\/uploads\/2025\/05\/Logo-Redegal.svg","width":"1024","height":"1024","caption":"Redegal"},"image":{"@id":"https:\/\/www.redegal.com\/es\/#\/schema\/logo\/image\/"},"sameAs":["https:\/\/facebook.com\/Redegal\/","https:\/\/www.instagram.com\/_redegal\/","https:\/\/www.linkedin.com\/company\/redegal\/","https:\/\/www.youtube.com\/channel\/UCDXwbtEULPIYV2I1ugDzeUw","https:\/\/x.com\/redegal"]},{"@type":"Person","@id":"https:\/\/www.redegal.com\/es\/#\/schema\/person\/80b02630c7e733147390f69233710ed5","name":"Comunicacion comunicacion","image":{"@type":"ImageObject","inLanguage":"es","@id":"https:\/\/www.redegal.com\/es\/#\/schema\/person\/image\/","url":"https:\/\/secure.gravatar.com\/avatar\/?s=96&d=mm&r=g","contentUrl":"https:\/\/secure.gravatar.com\/avatar\/?s=96&d=mm&r=g","caption":"Comunicacion comunicacion"}}]}},"_links":{"self":[{"href":"https:\/\/www.redegal.com\/es\/wp-json\/wp\/v2\/posts\/7272","targetHints":{"allow":["GET"]}}],"collection":[{"href":"https:\/\/www.redegal.com\/es\/wp-json\/wp\/v2\/posts"}],"about":[{"href":"https:\/\/www.redegal.com\/es\/wp-json\/wp\/v2\/types\/post"}],"author":[{"embeddable":true,"href":"https:\/\/www.redegal.com\/es\/wp-json\/wp\/v2\/users\/6"}],"replies":[{"embeddable":true,"href":"https:\/\/www.redegal.com\/es\/wp-json\/wp\/v2\/comments?post=7272"}],"version-history":[{"count":0,"href":"https:\/\/www.redegal.com\/es\/wp-json\/wp\/v2\/posts\/7272\/revisions"}],"wp:attachment":[{"href":"https:\/\/www.redegal.com\/es\/wp-json\/wp\/v2\/media?parent=7272"}],"wp:term":[{"taxonomy":"category","embeddable":true,"href":"https:\/\/www.redegal.com\/es\/wp-json\/wp\/v2\/categories?post=7272"},{"taxonomy":"post_tag","embeddable":true,"href":"https:\/\/www.redegal.com\/es\/wp-json\/wp\/v2\/tags?post=7272"}],"curies":[{"name":"wp","href":"https:\/\/api.w.org\/{rel}","templated":true}]}}