{"id":7192,"date":"2019-08-19T07:47:03","date_gmt":"2019-08-19T07:47:03","guid":{"rendered":"https:\/\/www.redegal.com\/?p=7192"},"modified":"2021-12-13T14:12:37","modified_gmt":"2021-12-13T13:12:37","slug":"tips-aprovechar-potencial-imagenes-en-social-media","status":"publish","type":"post","link":"https:\/\/www.redegal.com\/es\/blog\/tips-aprovechar-potencial-imagenes-en-social-media\/","title":{"rendered":"Tips para aprovechar el potencial de las im\u00e1genes en social media"},"content":{"rendered":"<p><span style=\"font-weight: 400;\">Para el fot\u00f3grafo franc\u00e9s Bruno Barbey, la fotograf\u00eda es el \u00fanico lenguaje que puede ser entendido y comprendido en todo el mundo, un aforismo dif\u00edcilmente cuestionable que cobra todav\u00eda m\u00e1s fuerza desde el punto de vista del <\/span><b>social media marketing<\/b><span style=\"font-weight: 400;\">.<\/span><\/p>\n<p><span style=\"font-weight: 400;\">Teniendo en cuenta que el cerebro humano procesa las im\u00e1genes 60.000 veces m\u00e1s r\u00e1pido que los textos, con motivo de la celebraci\u00f3n del <\/span><b>World Photo Day<\/b><span style=\"font-weight: 400;\">, en Redegal resumimos desde el punto de vista del marketing visual las claves del buen uso de las im\u00e1genes en redes sociales para que, al igual que con los <\/span><a href=\"https:\/\/www.redegal.com\/es\/blog\/claves-para-usar-emojis-en-redes-sociales\/\"><span style=\"font-weight: 400;\">emojis<\/span><\/a><span style=\"font-weight: 400;\">, exprimas al m\u00e1ximo su potencial comunicativo y sin fronteras a la hora de crear la estrategia de tu marca.\u00a0<\/span><\/p>\n<p><img decoding=\"async\" class=\"alignleft size-full wp-image-7193\" src=\"https:\/\/redegal.com\/wp-content\/uploads\/2019\/08\/WorldPhotoDay_Blog.gif\" alt=\"Consejos para aprovechar de la mejor manera posible el potencial comunicativo de las im\u00e1genes que forman parte de la estrategia de social media de tu marca\" width=\"600\" height=\"405\" \/><\/p>\n<h2><b>La calidad es lo primero<\/b><\/h2>\n<p><span style=\"font-weight: 400;\">Si tu objetivo es cuidar la imagen de tu marca y su reputaci\u00f3n debes tener siempre presente que no todo vale en lo que a im\u00e1genes se refiere. Al igual que te preocupas por utilizar una proporci\u00f3n correcta y adecuada en cada red social,<\/span><b> la calidad de las fotograf\u00edas<\/b><span style=\"font-weight: 400;\"> y dem\u00e1s contenido visual que publiques <\/span><b>debe estar en la cumbre de tus prioridades<\/b><span style=\"font-weight: 400;\">.\u00a0<\/span><\/p>\n<p><span style=\"font-weight: 400;\">En plataformas como Instagram o Pinterest, donde la imagen lo es pr\u00e1cticamente todo, esta m\u00e1xima de creaci\u00f3n de contenido de calidad debe ser irrenunciable pues determinar\u00e1 si los objetivos de una campa\u00f1a digital se cumplen o no.\u00a0<\/span><\/p>\n<h2><b>\u00bfPor qu\u00e9 son importantes?<\/b><\/h2>\n<p><span style=\"font-weight: 400;\">En un mar de publicaciones, una buena imagen no solo funciona como m\u00e9todo para captar la atenci\u00f3n sino que act\u00faa como clave hacia el \u00e9xito. Tanto de forma org\u00e1nica como vali\u00e9ndose de la publicidad, uno de los objetivo de una marca en redes sociales es fortalecer el v\u00ednculo con sus seguidores y conseguir aumentar su comunidad, algo para lo que<\/span><b> no basta con que el contenido gr\u00e1fico que se comparte sea de calidad sino que adem\u00e1s tiene que ser relevante.<\/b><span style=\"font-weight: 400;\">\u00a0<\/span><\/p>\n<p><span style=\"font-weight: 400;\">Y es que solo as\u00ed, con el contenido adecuado presentado en el mejor encuadre conseguir\u00e1s despertar el inter\u00e9s de la audiencia y conseguir su interacci\u00f3n a trav\u00e9s de comentarios, \u201clikes\u201d o \u201cme gusta\u201d, respuestas que, en el mejor de los escenarios, acaban traduci\u00e9ndose en ventas, principal objetivo para una marca seg\u00fan el \u00faltimo <\/span><a href=\"https:\/\/www.redegal.com\/es\/blog\/desgranamos-el-x-informe-iab-de-redes-sociales-2019\/\"><span style=\"font-weight: 400;\">Informe IAB <\/span><\/a><span style=\"font-weight: 400;\">de redes sociales.\u00a0<\/span><\/p>\n<h2><b>Ten presente a tu p\u00fablico<\/b><\/h2>\n<p><span style=\"font-weight: 400;\">\u00bfEscuchas la misma m\u00fasica que hace una d\u00e9cada? \u00bfVistes igual? Lo m\u00e1s probable es que no. Pues con las im\u00e1genes ocurre lo mismo, por este motivo a la hora de seleccionarlas <\/span><b>no debes olvidar el tipo de p\u00fablico al que pretendes hacer llegar tu contenido visual.<\/b><span style=\"font-weight: 400;\">\u00a0<\/span><\/p>\n<p><span style=\"font-weight: 400;\">En este sentido, es importante recordar que alrededor de un 30% de los usuarios de Facebook y Twitter tienen entre 25 y 34 a\u00f1os mientras que el 37% de los usuarios de Instagram tienen entre 16 y 24 a\u00f1os seg\u00fan datos aportados por Global Index Web, lo que quiere decir que no solo influye la imagen en s\u00ed misma sino la plataforma elegida para difusi\u00f3n.\u00a0<\/span><\/p>\n<h2><b>Atenci\u00f3n al engagement<\/b><\/h2>\n<p><span style=\"font-weight: 400;\">Si bien la importancia de la fotograf\u00eda en plataformas como Instagram o Pinterest es indiscutible, el contenido visual adquiere gran valor en redes tradicionalmente m\u00e1s vinculadas a la informaci\u00f3n, como es el caso de Twitter. Y es que seg\u00fan el \u00faltimo <\/span><a href=\"https:\/\/metricool.com\/es\/estudio-redes-sociales\/#Tipos_de_publicaciones_en_Instagram%C2%A0\"><span style=\"font-weight: 400;\">estudio<\/span><\/a><span style=\"font-weight: 400;\"> de redes sociales realizado por Metricool, el 13,01% de las publicaciones en esta red social contienen archivos multimedia (im\u00e1genes, v\u00eddeos o GIF animados) destacando especialmente el uso de la fotograf\u00eda.\u00a0<\/span><\/p>\n<p><span style=\"font-weight: 400;\">Y es que, seg\u00fan este mismo estudio, <\/span><b>los tweets con contenido visual <\/b><span style=\"font-weight: 400;\">(fotograf\u00eda o v\u00eddeo)<\/span><b> obtienen mayor interacci\u00f3n<\/b><span style=\"font-weight: 400;\">.\u00a0<\/span><\/p>\n<p><span style=\"font-weight: 400;\">Por otro lado, y a pesar de que el 52% de las publicaciones en Facebook contienen im\u00e1genes (siendo el tipo de contenido compartido m\u00e1s habitual seguido de los enlaces, que ocupan el segundo puesto del ranking con un 31%), el formato v\u00eddeo se lleva la palma dada su capacidad de viralizar, algo que incrementa notablemente su alcance.\u00a0<\/span><\/p>\n<h2><b>Refuerza la creatividad\u00a0<\/b><\/h2>\n<p><span style=\"font-weight: 400;\">Al igual que la necesidad de ofrecer a tu p\u00fablico im\u00e1genes de calidad, presentarlas siguiendo unas pautas de estilo comunes es esencial ya que te ayudar\u00e1 a que tu marca sea recordada m\u00e1s f\u00e1cilmente.\u00a0<\/span><\/p>\n<p><span style=\"font-weight: 400;\">En este sentido, <\/span><b>si tu objetivo es destacar sobre la competencia,<\/b> <b>encontrar un estilo personal y \u00fanico te har\u00e1 el camino m\u00e1s sencillo<\/b><span style=\"font-weight: 400;\">. Una vez tengas clara la l\u00ednea a seguir, contar con un profesional de la fotograf\u00eda y del dise\u00f1o gr\u00e1fico te ayudar\u00e1 a dotar de calidad tus publicaciones.\u00a0<\/span><\/p>\n<h2><b>Y no te olvides de&#8230;<\/b><\/h2>\n<p><b>La foto o imagen de perfil<\/b><span style=\"font-weight: 400;\"> es la cara m\u00e1s visible de tu marca por lo que, adem\u00e1s de cuidar su calidad,<\/span><b> debe encajar exactamente con lo que quieres transmitir<\/b><span style=\"font-weight: 400;\">. Lo mismo ocurre con la imagen de portada en redes como Twitter, Facebook, LinkedIn y Youtube.\u00a0<\/span><\/p>\n<p><span style=\"font-weight: 400;\">Aunque depender\u00e1 del tipo de proyecto, para sacarle partido a este espacio puedes renovar la imagen de portada aprovechando el cambio de estaci\u00f3n, modificarla en funci\u00f3n de la tem\u00e1tica de una campa\u00f1a activa o utilizar este espacio para destacar determinado contenido.\u00a0<\/span><\/p>\n<p><span style=\"font-weight: 400;\">A pesar de todo esto, y aunque el contenido visual encaje mejor dentro de tu estrategia redes sociales, no debes olvidar que acompa\u00f1arlo de un texto (copy) es recomendable para una correcta y completa comunicaci\u00f3n.\u00a0<\/span><\/p>\n<p><span style=\"font-weight: 400;\">Teniendo todo esto en cuenta, recuerda que en Redegal tenemos a tu disposici\u00f3n un equipo de profesionales especializados en <\/span><a href=\"https:\/\/www.redegal.com\/es\/servicios\/estrategia-de-contenidos\/\"><span style=\"font-weight: 400;\">social media marketing<\/span><\/a><span style=\"font-weight: 400;\"> que se encargar\u00e1 de dise\u00f1ar e implementar la estrategia que mejor se adapte a tus necesidades. <\/span><!--more--><\/p>\n","protected":false},"excerpt":{"rendered":"<p>Para el fot\u00f3grafo franc\u00e9s Bruno Barbey, la fotograf\u00eda es el \u00fanico lenguaje que puede ser entendido y comprendido en todo el mundo, un aforismo dif\u00edcilmente cuestionable que cobra todav\u00eda m\u00e1s fuerza desde el punto de vista del social media marketing. Teniendo en cuenta que el cerebro humano procesa las im\u00e1genes 60.000 veces m\u00e1s r\u00e1pido que [&hellip;]<\/p>\n","protected":false},"author":6,"featured_media":0,"comment_status":"open","ping_status":"open","sticky":false,"template":"","format":"standard","meta":{"_acf_changed":false,"inline_featured_image":false,"footnotes":""},"categories":[28],"tags":[],"class_list":["post-7192","post","type-post","status-publish","format-standard","hentry","category-social-media"],"acf":[],"yoast_head":"<!-- This site is optimized with the Yoast SEO plugin v26.6 - https:\/\/yoast.com\/wordpress\/plugins\/seo\/ -->\n<title>Tips para aprovechar el potencial de las im\u00e1genes en social media - Redegal<\/title>\n<meta name=\"robots\" content=\"index, follow, max-snippet:-1, max-image-preview:large, max-video-preview:-1\" \/>\n<link rel=\"canonical\" href=\"https:\/\/www.redegal.com\/es\/blog\/tips-aprovechar-potencial-imagenes-en-social-media\/\" \/>\n<meta property=\"og:locale\" content=\"es_ES\" \/>\n<meta property=\"og:type\" content=\"article\" \/>\n<meta property=\"og:title\" content=\"Tips para aprovechar el potencial de las im\u00e1genes en social media - Redegal\" \/>\n<meta property=\"og:description\" content=\"Para el fot\u00f3grafo franc\u00e9s Bruno Barbey, la fotograf\u00eda es el \u00fanico lenguaje que puede ser entendido y comprendido en todo el mundo, un aforismo dif\u00edcilmente cuestionable que cobra todav\u00eda m\u00e1s fuerza desde el punto de vista del social media marketing. Teniendo en cuenta que el cerebro humano procesa las im\u00e1genes 60.000 veces m\u00e1s r\u00e1pido que [&hellip;]\" \/>\n<meta property=\"og:url\" content=\"https:\/\/www.redegal.com\/es\/blog\/tips-aprovechar-potencial-imagenes-en-social-media\/\" \/>\n<meta property=\"og:site_name\" content=\"Redegal\" \/>\n<meta property=\"article:publisher\" content=\"https:\/\/facebook.com\/Redegal\/\" \/>\n<meta property=\"article:published_time\" content=\"2019-08-19T07:47:03+00:00\" \/>\n<meta property=\"article:modified_time\" content=\"2021-12-13T13:12:37+00:00\" \/>\n<meta property=\"og:image\" content=\"https:\/\/redegal.com\/wp-content\/uploads\/2019\/08\/WorldPhotoDay_Blog.gif\" \/>\n<meta name=\"author\" content=\"Comunicacion comunicacion\" \/>\n<meta name=\"twitter:card\" content=\"summary_large_image\" \/>\n<meta name=\"twitter:label1\" content=\"Escrito por\" \/>\n\t<meta name=\"twitter:data1\" content=\"Comunicacion comunicacion\" \/>\n\t<meta name=\"twitter:label2\" content=\"Tiempo de lectura\" \/>\n\t<meta name=\"twitter:data2\" content=\"5 minutos\" \/>\n<script type=\"application\/ld+json\" class=\"yoast-schema-graph\">{\"@context\":\"https:\/\/schema.org\",\"@graph\":[{\"@type\":[\"Article\",\"BlogPosting\"],\"@id\":\"https:\/\/www.redegal.com\/es\/blog\/tips-aprovechar-potencial-imagenes-en-social-media\/#article\",\"isPartOf\":{\"@id\":\"https:\/\/www.redegal.com\/es\/blog\/tips-aprovechar-potencial-imagenes-en-social-media\/\"},\"author\":{\"name\":\"Comunicacion comunicacion\",\"@id\":\"https:\/\/www.redegal.com\/es\/#\/schema\/person\/80b02630c7e733147390f69233710ed5\"},\"headline\":\"Tips para aprovechar el potencial de las im\u00e1genes en social media\",\"datePublished\":\"2019-08-19T07:47:03+00:00\",\"dateModified\":\"2021-12-13T13:12:37+00:00\",\"mainEntityOfPage\":{\"@id\":\"https:\/\/www.redegal.com\/es\/blog\/tips-aprovechar-potencial-imagenes-en-social-media\/\"},\"wordCount\":961,\"commentCount\":0,\"publisher\":{\"@id\":\"https:\/\/www.redegal.com\/es\/#organization\"},\"image\":{\"@id\":\"https:\/\/www.redegal.com\/es\/blog\/tips-aprovechar-potencial-imagenes-en-social-media\/#primaryimage\"},\"thumbnailUrl\":\"https:\/\/redegal.com\/wp-content\/uploads\/2019\/08\/WorldPhotoDay_Blog.gif\",\"articleSection\":[\"Social Media\"],\"inLanguage\":\"es\",\"potentialAction\":[{\"@type\":\"CommentAction\",\"name\":\"Comment\",\"target\":[\"https:\/\/www.redegal.com\/es\/blog\/tips-aprovechar-potencial-imagenes-en-social-media\/#respond\"]}]},{\"@type\":\"WebPage\",\"@id\":\"https:\/\/www.redegal.com\/es\/blog\/tips-aprovechar-potencial-imagenes-en-social-media\/\",\"url\":\"https:\/\/www.redegal.com\/es\/blog\/tips-aprovechar-potencial-imagenes-en-social-media\/\",\"name\":\"Tips para aprovechar el potencial de las im\u00e1genes en social media - Redegal\",\"isPartOf\":{\"@id\":\"https:\/\/www.redegal.com\/es\/#website\"},\"primaryImageOfPage\":{\"@id\":\"https:\/\/www.redegal.com\/es\/blog\/tips-aprovechar-potencial-imagenes-en-social-media\/#primaryimage\"},\"image\":{\"@id\":\"https:\/\/www.redegal.com\/es\/blog\/tips-aprovechar-potencial-imagenes-en-social-media\/#primaryimage\"},\"thumbnailUrl\":\"https:\/\/redegal.com\/wp-content\/uploads\/2019\/08\/WorldPhotoDay_Blog.gif\",\"datePublished\":\"2019-08-19T07:47:03+00:00\",\"dateModified\":\"2021-12-13T13:12:37+00:00\",\"breadcrumb\":{\"@id\":\"https:\/\/www.redegal.com\/es\/blog\/tips-aprovechar-potencial-imagenes-en-social-media\/#breadcrumb\"},\"inLanguage\":\"es\",\"potentialAction\":[{\"@type\":\"ReadAction\",\"target\":[\"https:\/\/www.redegal.com\/es\/blog\/tips-aprovechar-potencial-imagenes-en-social-media\/\"]}]},{\"@type\":\"ImageObject\",\"inLanguage\":\"es\",\"@id\":\"https:\/\/www.redegal.com\/es\/blog\/tips-aprovechar-potencial-imagenes-en-social-media\/#primaryimage\",\"url\":\"https:\/\/redegal.com\/wp-content\/uploads\/2019\/08\/WorldPhotoDay_Blog.gif\",\"contentUrl\":\"https:\/\/redegal.com\/wp-content\/uploads\/2019\/08\/WorldPhotoDay_Blog.gif\"},{\"@type\":\"BreadcrumbList\",\"@id\":\"https:\/\/www.redegal.com\/es\/blog\/tips-aprovechar-potencial-imagenes-en-social-media\/#breadcrumb\",\"itemListElement\":[{\"@type\":\"ListItem\",\"position\":1,\"name\":\"Home\",\"item\":\"https:\/\/www.redegal.com\/es\/\"},{\"@type\":\"ListItem\",\"position\":2,\"name\":\"Tips para aprovechar el potencial de las im\u00e1genes en social media\"}]},{\"@type\":\"WebSite\",\"@id\":\"https:\/\/www.redegal.com\/es\/#website\",\"url\":\"https:\/\/www.redegal.com\/es\/\",\"name\":\"Redegal\",\"description\":\"\",\"publisher\":{\"@id\":\"https:\/\/www.redegal.com\/es\/#organization\"},\"potentialAction\":[{\"@type\":\"SearchAction\",\"target\":{\"@type\":\"EntryPoint\",\"urlTemplate\":\"https:\/\/www.redegal.com\/es\/?s={search_term_string}\"},\"query-input\":{\"@type\":\"PropertyValueSpecification\",\"valueRequired\":true,\"valueName\":\"search_term_string\"}}],\"inLanguage\":\"es\"},{\"@type\":\"Organization\",\"@id\":\"https:\/\/www.redegal.com\/es\/#organization\",\"name\":\"Redegal\",\"url\":\"https:\/\/www.redegal.com\/es\/\",\"logo\":{\"@type\":\"ImageObject\",\"inLanguage\":\"es\",\"@id\":\"https:\/\/www.redegal.com\/es\/#\/schema\/logo\/image\/\",\"url\":\"https:\/\/www.redegal.com\/wp-content\/uploads\/2025\/05\/Logo-Redegal.svg\",\"contentUrl\":\"https:\/\/www.redegal.com\/wp-content\/uploads\/2025\/05\/Logo-Redegal.svg\",\"width\":\"1024\",\"height\":\"1024\",\"caption\":\"Redegal\"},\"image\":{\"@id\":\"https:\/\/www.redegal.com\/es\/#\/schema\/logo\/image\/\"},\"sameAs\":[\"https:\/\/facebook.com\/Redegal\/\",\"https:\/\/www.instagram.com\/_redegal\/\",\"https:\/\/www.linkedin.com\/company\/redegal\/\",\"https:\/\/www.youtube.com\/channel\/UCDXwbtEULPIYV2I1ugDzeUw\",\"https:\/\/x.com\/redegal\"]},{\"@type\":\"Person\",\"@id\":\"https:\/\/www.redegal.com\/es\/#\/schema\/person\/80b02630c7e733147390f69233710ed5\",\"name\":\"Comunicacion comunicacion\",\"image\":{\"@type\":\"ImageObject\",\"inLanguage\":\"es\",\"@id\":\"https:\/\/www.redegal.com\/es\/#\/schema\/person\/image\/\",\"url\":\"https:\/\/secure.gravatar.com\/avatar\/?s=96&d=mm&r=g\",\"contentUrl\":\"https:\/\/secure.gravatar.com\/avatar\/?s=96&d=mm&r=g\",\"caption\":\"Comunicacion comunicacion\"}}]}<\/script>\n<!-- \/ Yoast SEO plugin. -->","yoast_head_json":{"title":"Tips para aprovechar el potencial de las im\u00e1genes en social media - Redegal","robots":{"index":"index","follow":"follow","max-snippet":"max-snippet:-1","max-image-preview":"max-image-preview:large","max-video-preview":"max-video-preview:-1"},"canonical":"https:\/\/www.redegal.com\/es\/blog\/tips-aprovechar-potencial-imagenes-en-social-media\/","og_locale":"es_ES","og_type":"article","og_title":"Tips para aprovechar el potencial de las im\u00e1genes en social media - Redegal","og_description":"Para el fot\u00f3grafo franc\u00e9s Bruno Barbey, la fotograf\u00eda es el \u00fanico lenguaje que puede ser entendido y comprendido en todo el mundo, un aforismo dif\u00edcilmente cuestionable que cobra todav\u00eda m\u00e1s fuerza desde el punto de vista del social media marketing. Teniendo en cuenta que el cerebro humano procesa las im\u00e1genes 60.000 veces m\u00e1s r\u00e1pido que [&hellip;]","og_url":"https:\/\/www.redegal.com\/es\/blog\/tips-aprovechar-potencial-imagenes-en-social-media\/","og_site_name":"Redegal","article_publisher":"https:\/\/facebook.com\/Redegal\/","article_published_time":"2019-08-19T07:47:03+00:00","article_modified_time":"2021-12-13T13:12:37+00:00","og_image":[{"url":"https:\/\/redegal.com\/wp-content\/uploads\/2019\/08\/WorldPhotoDay_Blog.gif","type":"","width":"","height":""}],"author":"Comunicacion comunicacion","twitter_card":"summary_large_image","twitter_misc":{"Escrito por":"Comunicacion comunicacion","Tiempo de lectura":"5 minutos"},"schema":{"@context":"https:\/\/schema.org","@graph":[{"@type":["Article","BlogPosting"],"@id":"https:\/\/www.redegal.com\/es\/blog\/tips-aprovechar-potencial-imagenes-en-social-media\/#article","isPartOf":{"@id":"https:\/\/www.redegal.com\/es\/blog\/tips-aprovechar-potencial-imagenes-en-social-media\/"},"author":{"name":"Comunicacion comunicacion","@id":"https:\/\/www.redegal.com\/es\/#\/schema\/person\/80b02630c7e733147390f69233710ed5"},"headline":"Tips para aprovechar el potencial de las im\u00e1genes en social media","datePublished":"2019-08-19T07:47:03+00:00","dateModified":"2021-12-13T13:12:37+00:00","mainEntityOfPage":{"@id":"https:\/\/www.redegal.com\/es\/blog\/tips-aprovechar-potencial-imagenes-en-social-media\/"},"wordCount":961,"commentCount":0,"publisher":{"@id":"https:\/\/www.redegal.com\/es\/#organization"},"image":{"@id":"https:\/\/www.redegal.com\/es\/blog\/tips-aprovechar-potencial-imagenes-en-social-media\/#primaryimage"},"thumbnailUrl":"https:\/\/redegal.com\/wp-content\/uploads\/2019\/08\/WorldPhotoDay_Blog.gif","articleSection":["Social Media"],"inLanguage":"es","potentialAction":[{"@type":"CommentAction","name":"Comment","target":["https:\/\/www.redegal.com\/es\/blog\/tips-aprovechar-potencial-imagenes-en-social-media\/#respond"]}]},{"@type":"WebPage","@id":"https:\/\/www.redegal.com\/es\/blog\/tips-aprovechar-potencial-imagenes-en-social-media\/","url":"https:\/\/www.redegal.com\/es\/blog\/tips-aprovechar-potencial-imagenes-en-social-media\/","name":"Tips para aprovechar el potencial de las im\u00e1genes en social media - Redegal","isPartOf":{"@id":"https:\/\/www.redegal.com\/es\/#website"},"primaryImageOfPage":{"@id":"https:\/\/www.redegal.com\/es\/blog\/tips-aprovechar-potencial-imagenes-en-social-media\/#primaryimage"},"image":{"@id":"https:\/\/www.redegal.com\/es\/blog\/tips-aprovechar-potencial-imagenes-en-social-media\/#primaryimage"},"thumbnailUrl":"https:\/\/redegal.com\/wp-content\/uploads\/2019\/08\/WorldPhotoDay_Blog.gif","datePublished":"2019-08-19T07:47:03+00:00","dateModified":"2021-12-13T13:12:37+00:00","breadcrumb":{"@id":"https:\/\/www.redegal.com\/es\/blog\/tips-aprovechar-potencial-imagenes-en-social-media\/#breadcrumb"},"inLanguage":"es","potentialAction":[{"@type":"ReadAction","target":["https:\/\/www.redegal.com\/es\/blog\/tips-aprovechar-potencial-imagenes-en-social-media\/"]}]},{"@type":"ImageObject","inLanguage":"es","@id":"https:\/\/www.redegal.com\/es\/blog\/tips-aprovechar-potencial-imagenes-en-social-media\/#primaryimage","url":"https:\/\/redegal.com\/wp-content\/uploads\/2019\/08\/WorldPhotoDay_Blog.gif","contentUrl":"https:\/\/redegal.com\/wp-content\/uploads\/2019\/08\/WorldPhotoDay_Blog.gif"},{"@type":"BreadcrumbList","@id":"https:\/\/www.redegal.com\/es\/blog\/tips-aprovechar-potencial-imagenes-en-social-media\/#breadcrumb","itemListElement":[{"@type":"ListItem","position":1,"name":"Home","item":"https:\/\/www.redegal.com\/es\/"},{"@type":"ListItem","position":2,"name":"Tips para aprovechar el potencial de las im\u00e1genes en social media"}]},{"@type":"WebSite","@id":"https:\/\/www.redegal.com\/es\/#website","url":"https:\/\/www.redegal.com\/es\/","name":"Redegal","description":"","publisher":{"@id":"https:\/\/www.redegal.com\/es\/#organization"},"potentialAction":[{"@type":"SearchAction","target":{"@type":"EntryPoint","urlTemplate":"https:\/\/www.redegal.com\/es\/?s={search_term_string}"},"query-input":{"@type":"PropertyValueSpecification","valueRequired":true,"valueName":"search_term_string"}}],"inLanguage":"es"},{"@type":"Organization","@id":"https:\/\/www.redegal.com\/es\/#organization","name":"Redegal","url":"https:\/\/www.redegal.com\/es\/","logo":{"@type":"ImageObject","inLanguage":"es","@id":"https:\/\/www.redegal.com\/es\/#\/schema\/logo\/image\/","url":"https:\/\/www.redegal.com\/wp-content\/uploads\/2025\/05\/Logo-Redegal.svg","contentUrl":"https:\/\/www.redegal.com\/wp-content\/uploads\/2025\/05\/Logo-Redegal.svg","width":"1024","height":"1024","caption":"Redegal"},"image":{"@id":"https:\/\/www.redegal.com\/es\/#\/schema\/logo\/image\/"},"sameAs":["https:\/\/facebook.com\/Redegal\/","https:\/\/www.instagram.com\/_redegal\/","https:\/\/www.linkedin.com\/company\/redegal\/","https:\/\/www.youtube.com\/channel\/UCDXwbtEULPIYV2I1ugDzeUw","https:\/\/x.com\/redegal"]},{"@type":"Person","@id":"https:\/\/www.redegal.com\/es\/#\/schema\/person\/80b02630c7e733147390f69233710ed5","name":"Comunicacion comunicacion","image":{"@type":"ImageObject","inLanguage":"es","@id":"https:\/\/www.redegal.com\/es\/#\/schema\/person\/image\/","url":"https:\/\/secure.gravatar.com\/avatar\/?s=96&d=mm&r=g","contentUrl":"https:\/\/secure.gravatar.com\/avatar\/?s=96&d=mm&r=g","caption":"Comunicacion comunicacion"}}]}},"_links":{"self":[{"href":"https:\/\/www.redegal.com\/es\/wp-json\/wp\/v2\/posts\/7192","targetHints":{"allow":["GET"]}}],"collection":[{"href":"https:\/\/www.redegal.com\/es\/wp-json\/wp\/v2\/posts"}],"about":[{"href":"https:\/\/www.redegal.com\/es\/wp-json\/wp\/v2\/types\/post"}],"author":[{"embeddable":true,"href":"https:\/\/www.redegal.com\/es\/wp-json\/wp\/v2\/users\/6"}],"replies":[{"embeddable":true,"href":"https:\/\/www.redegal.com\/es\/wp-json\/wp\/v2\/comments?post=7192"}],"version-history":[{"count":0,"href":"https:\/\/www.redegal.com\/es\/wp-json\/wp\/v2\/posts\/7192\/revisions"}],"wp:attachment":[{"href":"https:\/\/www.redegal.com\/es\/wp-json\/wp\/v2\/media?parent=7192"}],"wp:term":[{"taxonomy":"category","embeddable":true,"href":"https:\/\/www.redegal.com\/es\/wp-json\/wp\/v2\/categories?post=7192"},{"taxonomy":"post_tag","embeddable":true,"href":"https:\/\/www.redegal.com\/es\/wp-json\/wp\/v2\/tags?post=7192"}],"curies":[{"name":"wp","href":"https:\/\/api.w.org\/{rel}","templated":true}]}}