{"id":7084,"date":"2019-06-17T14:43:41","date_gmt":"2019-06-17T14:43:41","guid":{"rendered":"https:\/\/www.redegal.com\/?p=7084"},"modified":"2021-12-13T13:39:30","modified_gmt":"2021-12-13T12:39:30","slug":"lo-mejor-que-hemos-visto-y-escuchado-en-fluor19","status":"publish","type":"post","link":"https:\/\/www.redegal.com\/es\/blog\/lo-mejor-que-hemos-visto-y-escuchado-en-fluor19\/","title":{"rendered":"Lo mejor que hemos visto y escuchado en #Fluor19"},"content":{"rendered":"<p>Hemos estado en <a href=\"https:\/\/congresofluor.com\/\">Fl\u00faor19<\/a>, el Congreso Atl\u00e1ntico de Marketing Digital donde m\u00e1s de 400 profesionales\u00a0y <em>geeks\u00a0<\/em>de la <strong>publicidad online<\/strong> nos hemos reunido para hablar sobre gesti\u00f3n de datos, estrategias transmedia, <em>ecommerce<\/em>, Social Ads y mucho m\u00e1s. 14 conferencias, 3 mesas redondas y 4 talleres pr\u00e1cticos. \u00bfQuieres conocer lo mejor que hemos visto? Te lo contamos todo a continuaci\u00f3n.<\/p>\n<h1>Primera jornada de Fl\u00faor 19: Jueves, d\u00eda 13<\/h1>\n<p><strong>Trist\u00e1n El\u00f3segui<\/strong> fue el primer ponente, y nos habl\u00f3 sobre\u00a0c\u00f3mo\u00a0presentar datos de forma correcta. El fundador de Matridiana, una consultora especializada en marketing <em>online<\/em> enfatiz\u00f3 la necesidad de incluir m\u00e9tricas de valor para los clientes, en vez de monta\u00f1as de datos dif\u00edciles de descifrar.<\/p>\n<p><a href=\"https:\/\/twitter.com\/congresofluor\/status\/1139087766522929152\">https:\/\/twitter.com\/congresofluor\/status\/1139087766522929152<\/a><\/p>\n<p><strong>Juan Duce Rebelt<\/strong> remarc\u00f3 la importancia de las emociones, una constante en el mundo de la comunicaci\u00f3n y un factor vital para Juan, que concluye con una afirmaci\u00f3n aplastante:<\/p>\n<blockquote><p>Amor, miedo, confianza&#8230; sin emociones nunca saldr\u00edamos de la fase de razonamiento, son el catalizador que transforma el pensamiento en acci\u00f3n.<\/p>\n<p>Juan Duce, Director Estrategia Digital en APD<\/p><\/blockquote>\n<p>Despu\u00e9s fue el turno de<strong> Roberto Carreras<\/strong>, que enfatiz\u00f3 la importancia de la\u00a0palabra oral en las estrategias de comunicaci\u00f3n. Roberto forma parte de una compa\u00f1\u00eda que ofrece un amplio cat\u00e1logo de productos y servicios en tecnolog\u00eda de voz y contenidos de voz y audio.<\/p>\n<p>Su m\u00e1xima es \u00abNo chilles a tus clientes, sus\u00farrales\u00bb.<\/p>\n<p><a href=\"https:\/\/twitter.com\/congresofluor\/status\/1139099593290002432\">https:\/\/twitter.com\/congresofluor\/status\/1139099593290002432<\/a><\/p>\n<p><strong>Teresa \u00c1lvarez<\/strong>, especialista en <a href=\"https:\/\/www.redegal.com\/es\/blog\/mejora-la-estrategia-de-tu-ecommerce\/\">ecommerce<\/a>, nos mostr\u00f3 campa\u00f1as inspiradoras como la que os mostramos a continuaci\u00f3n, que adem\u00e1s de jugar con nuestras emociones, consigui\u00f3 9 millones de impresiones.<\/p>\n<p><a href=\"https:\/\/www.youtube.com\/watch?v=_l5ek4RI6sQ\">https:\/\/www.youtube.com\/watch?v=_l5ek4RI6sQ<\/a><\/p>\n<h2>Master class sobre\u00a0comunicaci\u00f3n online<\/h2>\n<p><strong>Javier Varela<\/strong> encandil\u00f3 al p\u00fablico que se reun\u00eda en el auditorio del edificio de Afundaci\u00f3n de Pontevedra, con una verdadera <em>masterclass<\/em>\u00a0en la que nos daba\u00a05+1 ideas para triunfar en marketing online, \u00bfcu\u00e1les son?, nuestra Digital Project Manager, Judith Abella, lo resume:<\/p>\n<p><iframe title=\"Publicaci\u00f3n integrada\" src=\"https:\/\/www.linkedin.com\/embed\/feed\/update\/urn:li:share:6544922703290212352\" width=\"504\" height=\"732\" frameborder=\"0\" allowfullscreen=\"allowfullscreen\"><\/iframe><\/p>\n<h2>Mesa redonda sobre ecommerce<\/h2>\n<p>\u00bfD\u00f3nde es mejor abrir una tienda <em>online<\/em>?, \u00bfen un\u00a0<em>marketplace <\/em>como\u00a0Amazon, Magento o Prestashop?, \u00bfo es mejor crear tu propio <a href=\"https:\/\/www.redegal.com\/es\/blog\/derribando-mitos-y-construyendo-verdaderos-ecommerce\/\">ecommerce\u00a0<\/a>al margen de estas plataformas? El tema despert\u00f3 mucho inter\u00e9s entre la audiencia y los ponentes ofrecieron algunas claves para el \u00e9xito.<\/p>\n<blockquote class=\"twitter-tweet\" data-width=\"550\" data-dnt=\"true\">\n<p lang=\"es\" dir=\"ltr\">Para expandir tu ecommerce es importante encontrar ese punto sorpresivo que conecte con tus nuevos clientes y encontrar el equilibrio entre tu rentabilidad y la agilidad del servicio. <a href=\"https:\/\/twitter.com\/hashtag\/fluor19?src=hash&amp;ref_src=twsrc%5Etfw\">#fluor19<\/a><\/p>\n<p>&mdash; Congreso FL\u00daOR (@congresofluor) <a href=\"https:\/\/twitter.com\/congresofluor\/status\/1139135560415666176?ref_src=twsrc%5Etfw\">June 13, 2019<\/a><\/p><\/blockquote>\n<p><script async src=\"https:\/\/platform.twitter.com\/widgets.js\" charset=\"utf-8\"><\/script><\/p>\n<p>El d\u00eda continu\u00f3 abordando las problem\u00e1ticas m\u00e1s relevantes que afrontamos d\u00eda a d\u00eda agencias y anunciantes, mientras en los talleres se aportaban las herramientas y l\u00edneas estrat\u00e9gicas para\u00a0superarlas con \u00e9xito.<\/p>\n<blockquote class=\"twitter-tweet\" data-width=\"550\" data-dnt=\"true\">\n<p lang=\"es\" dir=\"ltr\">Todo un \u00e9xito el Taller de <a href=\"https:\/\/twitter.com\/hashtag\/Marketing?src=hash&amp;ref_src=twsrc%5Etfw\">#Marketing<\/a> 4.0 de <a href=\"https:\/\/twitter.com\/antiafernandez?ref_src=twsrc%5Etfw\">@antiafernandez<\/a> <a href=\"https:\/\/twitter.com\/Gradiant?ref_src=twsrc%5Etfw\">@GRADIANT<\/a> !!! \ud83d\udc4f <a href=\"https:\/\/t.co\/BrHspP1t34\">pic.twitter.com\/BrHspP1t34<\/a><\/p>\n<p>&mdash; Congreso FL\u00daOR (@congresofluor) <a href=\"https:\/\/twitter.com\/congresofluor\/status\/1139460649371787265?ref_src=twsrc%5Etfw\">June 14, 2019<\/a><\/p><\/blockquote>\n<p><script async src=\"https:\/\/platform.twitter.com\/widgets.js\" charset=\"utf-8\"><\/script><\/p>\n<h2>Igualdad de g\u00e9nero y publicidad<\/h2>\n<p>Uno de los momentos de mayor catarsis se produjo durante la<strong> Mesa redonda de igualdad<\/strong>. Nos encontramos en un\u00a0contexto hist\u00f3rico de ruptura de valores tradicionales que estaban muy arraigados en nuestra sociedad y en la conciencia colectiva, pero algo est\u00e1 cambiado, y los cambios en el siglo XXI se producen r\u00e1pido, o no se producen.<\/p>\n<p>Las cuatro componentes de la mesa analizaron la<strong> capacidad del mensaje publicitario para generar conciencia,<\/strong> y comentaron experiencias personales de contradicci\u00f3n entre lo que les ped\u00edan que hicieran, y lo que quer\u00edan hacer. Uno de los mejores momentos del d\u00eda gracias a las cuatro integrantes de la mesa: <a href=\"https:\/\/www.linkedin.com\/in\/serranonuria\/?originalSubdomain=es\">Nuria Serrano<\/a>, <a href=\"https:\/\/www.linkedin.com\/in\/zinthialvarez\/?originalSubdomain=es\">Zinthia \u00c1lvarez<\/a>, <a href=\"https:\/\/twitter.com\/chio_infante?lang=es\">Ch\u00edo Infante<\/a> y <a href=\"https:\/\/congresofluor.com\/ponente\/sonia-barros\/\">Sonia Barros<\/a>.<\/p>\n<blockquote class=\"twitter-tweet\" data-width=\"550\" data-dnt=\"true\">\n<p lang=\"es\" dir=\"ltr\">Mesa redonda sobre igualdad y <a href=\"https:\/\/twitter.com\/hashtag\/feminismo?src=hash&amp;ref_src=twsrc%5Etfw\">#feminismo<\/a> en publicidad. \u00bfDeben las agencias ser m\u00e1s \u201cgamberras\u201d como afirma Sonia Barros?<a href=\"https:\/\/twitter.com\/hashtag\/fluor19?src=hash&amp;ref_src=twsrc%5Etfw\">#fluor19<\/a> <a href=\"https:\/\/twitter.com\/hashtag\/NuevasFormasDeComunicar?src=hash&amp;ref_src=twsrc%5Etfw\">#NuevasFormasDeComunicar<\/a> <a href=\"https:\/\/t.co\/HueNVfR1w1\">pic.twitter.com\/HueNVfR1w1<\/a><\/p>\n<p>&mdash; Redegal (@redegal) <a href=\"https:\/\/twitter.com\/redegal\/status\/1139194955044458498?ref_src=twsrc%5Etfw\">June 13, 2019<\/a><\/p><\/blockquote>\n<p><script async src=\"https:\/\/platform.twitter.com\/widgets.js\" charset=\"utf-8\"><\/script><\/p>\n<h1>Segunda jornada de Fl\u00faor 19: Viernes, d\u00eda 14<\/h1>\n<p><strong>Noelia Amoedo<\/strong> comenz\u00f3 el d\u00eda hablando de una tendencia que ya no es tendencia: <a href=\"https:\/\/www.redegal.com\/es\/blog\/mobile-world-congress-2018\/\">mobile first<\/a>. La directiva de Mediasmart remarc\u00f3 la importancia de contar con<strong> profesionales y herramientas\u00a0especializados\u00a0en el entorno m\u00f3vil<\/strong>, ya que \u00abes muy diferente a la tecnolog\u00eda que se utiliza para <em>desktop<\/em>, y ofrece m\u00e1s informaci\u00f3n sobre los usuarios, como la localizaci\u00f3n\u00bb, que es un punto crucial para que los impactos lleguen al p\u00fablico adecuado.<\/p>\n<blockquote class=\"twitter-tweet\" data-width=\"550\" data-dnt=\"true\">\n<p lang=\"es\" dir=\"ltr\">La <a href=\"https:\/\/twitter.com\/hashtag\/geolocalicaci%C3%B3n?src=hash&amp;ref_src=twsrc%5Etfw\">#geolocalicaci\u00f3n<\/a> es el punto fuerte de la <a href=\"https:\/\/twitter.com\/hashtag\/PublicidadM%C3%B3vil?src=hash&amp;ref_src=twsrc%5Etfw\">#PublicidadM\u00f3vil<\/a>. Localizar, segmentar y medir la traducci\u00f3n de mi campa\u00f1a en visitas al punto de venta. <a href=\"https:\/\/twitter.com\/hashtag\/fluor19?src=hash&amp;ref_src=twsrc%5Etfw\">#fluor19<\/a><\/p>\n<p>&mdash; Congreso FL\u00daOR (@congresofluor) <a href=\"https:\/\/twitter.com\/congresofluor\/status\/1139449242408431616?ref_src=twsrc%5Etfw\">June 14, 2019<\/a><\/p><\/blockquote>\n<p><script async src=\"https:\/\/platform.twitter.com\/widgets.js\" charset=\"utf-8\"><\/script><\/p>\n<p>A continuaci\u00f3n la mesa redonda de <a href=\"https:\/\/www.redegal.com\/es\/blog\/razones-para-trabajar-con-microinfluencers\/\">influencers <\/a>continuaba con un tema m\u00e1s\u00a0<em>mobile<\/em>, que de <em>desktop. L<\/em>os nuevos embajadores de marca por antonomasia encuentran su fuente de recursos en las redes sociales, que est\u00e1n \u00edntimamente ligadas a nuestros <em>smartphones, (<\/em>principal dispositivo de acceso a las rede sociales).<\/p>\n<p><a href=\"https:\/\/www.linkedin.com\/in\/rosannablasi\/\">Rosanna Blasi <\/a>ofreci\u00f3 una espectacular ponencia donde el foco volv\u00eda a recaer sobre las plataformas de social media. Afinar la rentabilidad de las redes sociales, donde muchas marcas est\u00e1n por estar, significa desaprovechar el gran potencial que ofrecen. La conclusi\u00f3n m\u00e1s interesante se materializ\u00f3 en una pregunta que pod\u00e9is ver en el siguiente tuit.<\/p>\n<blockquote class=\"twitter-tweet\" data-width=\"550\" data-dnt=\"true\">\n<p lang=\"es\" dir=\"ltr\">\u00bfCu\u00e1ntos de esta sala sab\u00e9is cu\u00e1l  es vuestro \u00edndice de <a href=\"https:\/\/twitter.com\/hashtag\/SocialSelling?src=hash&amp;ref_src=twsrc%5Etfw\">#SocialSelling<\/a>?<\/p>\n<p>\ud83d\udc49Recuerda que tus <a href=\"https:\/\/twitter.com\/hashtag\/RRSS?src=hash&amp;ref_src=twsrc%5Etfw\">#RRSS<\/a> son tu Escaparate online por eso debes:<\/p>\n<p>1.Proyectar una fuerte marca profesional <br \/>2.Agregar valor a cliente <br \/>3.Identificar tu p\u00fablico objetivo<br \/>4.Construir tus relaciones de valor <a href=\"https:\/\/t.co\/uQsVivUYPf\">pic.twitter.com\/uQsVivUYPf<\/a><\/p>\n<p>&mdash; Congreso FL\u00daOR (@congresofluor) <a href=\"https:\/\/twitter.com\/congresofluor\/status\/1139481154682269696?ref_src=twsrc%5Etfw\">June 14, 2019<\/a><\/p><\/blockquote>\n<p><script async src=\"https:\/\/platform.twitter.com\/widgets.js\" charset=\"utf-8\"><\/script><\/p>\n<p><a href=\"https:\/\/www.linkedin.com\/in\/javierregueira\/?originalSubdomain=es\">Javier Regueira<\/a> sigui\u00f3 ahondando en la gesti\u00f3n de redes sociales y\u00a0en c\u00f3mo afectan los cambios de algoritmo a la actuaci\u00f3n de las marcas, un tema que ya tratamos en <a href=\"https:\/\/www.redegal.com\/es\/blog\/nuevo-algoritmo-facebook\/\">este art\u00edculo<\/a> de nuestro blog.<\/p>\n<blockquote class=\"twitter-tweet\" data-width=\"550\" data-dnt=\"true\">\n<p lang=\"es\" dir=\"ltr\">El cambio de algoritmo de <a href=\"https:\/\/twitter.com\/hashtag\/facebook?src=hash&amp;ref_src=twsrc%5Etfw\">#facebook<\/a> est\u00e1 dificultando el alcance org\u00e1nico de las marcas y provoca la <a href=\"https:\/\/twitter.com\/hashtag\/socialmedia?src=hash&amp;ref_src=twsrc%5Etfw\">#socialmedia<\/a> involution.<a href=\"https:\/\/twitter.com\/javierregueira?ref_src=twsrc%5Etfw\">@javierregueira<\/a> <a href=\"https:\/\/twitter.com\/hashtag\/fluor19?src=hash&amp;ref_src=twsrc%5Etfw\">#fluor19<\/a> <a href=\"https:\/\/t.co\/a3K4Ai1dAS\">pic.twitter.com\/a3K4Ai1dAS<\/a><\/p>\n<p>&mdash; Congreso FL\u00daOR (@congresofluor) <a href=\"https:\/\/twitter.com\/congresofluor\/status\/1139497727665025026?ref_src=twsrc%5Etfw\">June 14, 2019<\/a><\/p><\/blockquote>\n<p><script async src=\"https:\/\/platform.twitter.com\/widgets.js\" charset=\"utf-8\"><\/script><\/p>\n<p>Para finalizar, C\u00e1rlos Fern\u00e1ndez, uno de los <a href=\"https:\/\/www.redegal.com\/es\/blog\/por-que-tu-marca-necesita-a-un-community-manager\/\">Community Manager<\/a> m\u00e1s famoso de Espa\u00f1a, ocup\u00f3 el foco en la \u00faltima ponencia del congreso. En el \u00abmundillo publicitario\u00bb se le conoce por llevar al olimpo de cuentas corporativas al perfil de Twitter de la Polic\u00eda Nacional. El secreto de su \u00e9xito se resume en este tuit.<\/p>\n<blockquote class=\"twitter-tweet\" data-width=\"550\" data-dnt=\"true\">\n<p lang=\"es\" dir=\"ltr\">La f\u00f3rmula para generar contenido seg\u00fan <a href=\"https:\/\/twitter.com\/carfergue?ref_src=twsrc%5Etfw\">@carfergue<\/a>:<br \/>\u27a1\ufe0f Inter\u00e9s<br \/>\u27a1\ufe0f Utilidad<br \/>\u27a1\ufe0f Impacto<a href=\"https:\/\/twitter.com\/hashtag\/fluor19?src=hash&amp;ref_src=twsrc%5Etfw\">#fluor19<\/a><\/p>\n<p>&mdash; Congreso FL\u00daOR (@congresofluor) <a href=\"https:\/\/twitter.com\/congresofluor\/status\/1139508143564701696?ref_src=twsrc%5Etfw\">June 14, 2019<\/a><\/p><\/blockquote>\n<p><script async src=\"https:\/\/platform.twitter.com\/widgets.js\" charset=\"utf-8\"><\/script><\/p>\n<p>En definitiva, el primer <a href=\"https:\/\/www.facebook.com\/congresofluor\">Congreso Atl\u00e1ntico de\u00a0 Marketing Digital<\/a> nos ha dejado buen sabor de boca. Sobre el palco esc\u00e9nico desfilaron ponentes y presentaciones\u00a0abordando los principales conflictos que plantea el entorno digital: la gesti\u00f3n de la reputaci\u00f3n, la rentabilidad de los medios y plataformas digitales o los nuevos valores y estereotipos publicitarios, fueron los temas que\u00a0vertebraron\u00a0el gui\u00f3n de #Fluor19.<\/p>\n<p>Internet ofrece un potencial de crecimiento indudable, pero todav\u00eda estamos aprendiendo a navegar por el oc\u00e9ano de bits. \u00bfQu\u00e9 nos deparar\u00e1 #Fl\u00faor20? All\u00ed estaremos para seguir creciendo y mejorando como agencia especializada en <a href=\"https:\/\/www.redegal.com\/es\/servicios\/publicidad-online\/\">publicidad online<\/a>.<\/p>\n<p>Y para terminar, os dejamos con este <a href=\"https:\/\/www.lavozdegalicia.es\/noticia\/sociedad\/2015\/08\/31\/mejores-hits-policia-twitter\/00031441033380769246658.htm\">recopilatorio de los mejores tuits de Carlos<\/a> para el perfil oficial de la polic\u00eda.<\/p>\n<p>Ha sido un placer informar, \u00a1hasta la pr\u00f3xima!<!--more--><\/p>\n","protected":false},"excerpt":{"rendered":"<p>Hemos estado en Fl\u00faor19, el Congreso Atl\u00e1ntico de Marketing Digital donde m\u00e1s de 400 profesionales\u00a0y geeks\u00a0de la publicidad online nos hemos reunido para hablar sobre gesti\u00f3n de datos, estrategias transmedia, ecommerce, Social Ads y mucho m\u00e1s. 14 conferencias, 3 mesas redondas y 4 talleres pr\u00e1cticos. \u00bfQuieres conocer lo mejor que hemos visto? Te lo contamos [&hellip;]<\/p>\n","protected":false},"author":6,"featured_media":0,"comment_status":"open","ping_status":"open","sticky":false,"template":"","format":"standard","meta":{"_acf_changed":false,"inline_featured_image":false,"footnotes":""},"categories":[22],"tags":[],"class_list":["post-7084","post","type-post","status-publish","format-standard","hentry","category-espana"],"acf":[],"yoast_head":"<!-- This site is optimized with the Yoast SEO plugin v26.6 - https:\/\/yoast.com\/wordpress\/plugins\/seo\/ -->\n<title>Lo mejor que hemos visto y escuchado en #Fluor19 - Redegal<\/title>\n<meta name=\"robots\" content=\"index, follow, max-snippet:-1, max-image-preview:large, max-video-preview:-1\" \/>\n<link rel=\"canonical\" href=\"https:\/\/www.redegal.com\/es\/blog\/lo-mejor-que-hemos-visto-y-escuchado-en-fluor19\/\" \/>\n<meta property=\"og:locale\" content=\"es_ES\" \/>\n<meta property=\"og:type\" content=\"article\" \/>\n<meta property=\"og:title\" content=\"Lo mejor que hemos visto y escuchado en #Fluor19 - Redegal\" \/>\n<meta property=\"og:description\" content=\"Hemos estado en Fl\u00faor19, el Congreso Atl\u00e1ntico de Marketing Digital donde m\u00e1s de 400 profesionales\u00a0y geeks\u00a0de la publicidad online nos hemos reunido para hablar sobre gesti\u00f3n de datos, estrategias transmedia, ecommerce, Social Ads y mucho m\u00e1s. 14 conferencias, 3 mesas redondas y 4 talleres pr\u00e1cticos. \u00bfQuieres conocer lo mejor que hemos visto? Te lo contamos [&hellip;]\" \/>\n<meta property=\"og:url\" content=\"https:\/\/www.redegal.com\/es\/blog\/lo-mejor-que-hemos-visto-y-escuchado-en-fluor19\/\" \/>\n<meta property=\"og:site_name\" content=\"Redegal\" \/>\n<meta property=\"article:publisher\" content=\"https:\/\/facebook.com\/Redegal\/\" \/>\n<meta property=\"article:published_time\" content=\"2019-06-17T14:43:41+00:00\" \/>\n<meta property=\"article:modified_time\" content=\"2021-12-13T12:39:30+00:00\" \/>\n<meta property=\"og:image\" content=\"https:\/\/www.redegal.com\/wp-content\/uploads\/2021\/11\/Redegal-Social-Thumb.jpg\" \/>\n\t<meta property=\"og:image:width\" content=\"1200\" \/>\n\t<meta property=\"og:image:height\" content=\"600\" \/>\n\t<meta property=\"og:image:type\" content=\"image\/jpeg\" \/>\n<meta name=\"author\" content=\"Comunicacion comunicacion\" \/>\n<meta name=\"twitter:card\" content=\"summary_large_image\" \/>\n<meta name=\"twitter:label1\" content=\"Escrito por\" \/>\n\t<meta name=\"twitter:data1\" content=\"Comunicacion comunicacion\" \/>\n\t<meta name=\"twitter:label2\" content=\"Tiempo de lectura\" \/>\n\t<meta name=\"twitter:data2\" content=\"4 minutos\" \/>\n<script type=\"application\/ld+json\" class=\"yoast-schema-graph\">{\"@context\":\"https:\/\/schema.org\",\"@graph\":[{\"@type\":[\"Article\",\"BlogPosting\"],\"@id\":\"https:\/\/www.redegal.com\/es\/blog\/lo-mejor-que-hemos-visto-y-escuchado-en-fluor19\/#article\",\"isPartOf\":{\"@id\":\"https:\/\/www.redegal.com\/es\/blog\/lo-mejor-que-hemos-visto-y-escuchado-en-fluor19\/\"},\"author\":{\"name\":\"Comunicacion comunicacion\",\"@id\":\"https:\/\/www.redegal.com\/es\/#\/schema\/person\/80b02630c7e733147390f69233710ed5\"},\"headline\":\"Lo mejor que hemos visto y escuchado en #Fluor19\",\"datePublished\":\"2019-06-17T14:43:41+00:00\",\"dateModified\":\"2021-12-13T12:39:30+00:00\",\"mainEntityOfPage\":{\"@id\":\"https:\/\/www.redegal.com\/es\/blog\/lo-mejor-que-hemos-visto-y-escuchado-en-fluor19\/\"},\"wordCount\":1053,\"commentCount\":0,\"publisher\":{\"@id\":\"https:\/\/www.redegal.com\/es\/#organization\"},\"articleSection\":[\"Espa\u00f1a\"],\"inLanguage\":\"es\",\"potentialAction\":[{\"@type\":\"CommentAction\",\"name\":\"Comment\",\"target\":[\"https:\/\/www.redegal.com\/es\/blog\/lo-mejor-que-hemos-visto-y-escuchado-en-fluor19\/#respond\"]}]},{\"@type\":\"WebPage\",\"@id\":\"https:\/\/www.redegal.com\/es\/blog\/lo-mejor-que-hemos-visto-y-escuchado-en-fluor19\/\",\"url\":\"https:\/\/www.redegal.com\/es\/blog\/lo-mejor-que-hemos-visto-y-escuchado-en-fluor19\/\",\"name\":\"Lo mejor que hemos visto y escuchado en #Fluor19 - Redegal\",\"isPartOf\":{\"@id\":\"https:\/\/www.redegal.com\/es\/#website\"},\"datePublished\":\"2019-06-17T14:43:41+00:00\",\"dateModified\":\"2021-12-13T12:39:30+00:00\",\"breadcrumb\":{\"@id\":\"https:\/\/www.redegal.com\/es\/blog\/lo-mejor-que-hemos-visto-y-escuchado-en-fluor19\/#breadcrumb\"},\"inLanguage\":\"es\",\"potentialAction\":[{\"@type\":\"ReadAction\",\"target\":[\"https:\/\/www.redegal.com\/es\/blog\/lo-mejor-que-hemos-visto-y-escuchado-en-fluor19\/\"]}]},{\"@type\":\"BreadcrumbList\",\"@id\":\"https:\/\/www.redegal.com\/es\/blog\/lo-mejor-que-hemos-visto-y-escuchado-en-fluor19\/#breadcrumb\",\"itemListElement\":[{\"@type\":\"ListItem\",\"position\":1,\"name\":\"Home\",\"item\":\"https:\/\/www.redegal.com\/es\/\"},{\"@type\":\"ListItem\",\"position\":2,\"name\":\"Lo mejor que hemos visto y escuchado en #Fluor19\"}]},{\"@type\":\"WebSite\",\"@id\":\"https:\/\/www.redegal.com\/es\/#website\",\"url\":\"https:\/\/www.redegal.com\/es\/\",\"name\":\"Redegal\",\"description\":\"\",\"publisher\":{\"@id\":\"https:\/\/www.redegal.com\/es\/#organization\"},\"potentialAction\":[{\"@type\":\"SearchAction\",\"target\":{\"@type\":\"EntryPoint\",\"urlTemplate\":\"https:\/\/www.redegal.com\/es\/?s={search_term_string}\"},\"query-input\":{\"@type\":\"PropertyValueSpecification\",\"valueRequired\":true,\"valueName\":\"search_term_string\"}}],\"inLanguage\":\"es\"},{\"@type\":\"Organization\",\"@id\":\"https:\/\/www.redegal.com\/es\/#organization\",\"name\":\"Redegal\",\"url\":\"https:\/\/www.redegal.com\/es\/\",\"logo\":{\"@type\":\"ImageObject\",\"inLanguage\":\"es\",\"@id\":\"https:\/\/www.redegal.com\/es\/#\/schema\/logo\/image\/\",\"url\":\"https:\/\/www.redegal.com\/wp-content\/uploads\/2025\/05\/Logo-Redegal.svg\",\"contentUrl\":\"https:\/\/www.redegal.com\/wp-content\/uploads\/2025\/05\/Logo-Redegal.svg\",\"width\":\"1024\",\"height\":\"1024\",\"caption\":\"Redegal\"},\"image\":{\"@id\":\"https:\/\/www.redegal.com\/es\/#\/schema\/logo\/image\/\"},\"sameAs\":[\"https:\/\/facebook.com\/Redegal\/\",\"https:\/\/www.instagram.com\/_redegal\/\",\"https:\/\/www.linkedin.com\/company\/redegal\/\",\"https:\/\/www.youtube.com\/channel\/UCDXwbtEULPIYV2I1ugDzeUw\",\"https:\/\/x.com\/redegal\"]},{\"@type\":\"Person\",\"@id\":\"https:\/\/www.redegal.com\/es\/#\/schema\/person\/80b02630c7e733147390f69233710ed5\",\"name\":\"Comunicacion comunicacion\",\"image\":{\"@type\":\"ImageObject\",\"inLanguage\":\"es\",\"@id\":\"https:\/\/www.redegal.com\/es\/#\/schema\/person\/image\/\",\"url\":\"https:\/\/secure.gravatar.com\/avatar\/?s=96&d=mm&r=g\",\"contentUrl\":\"https:\/\/secure.gravatar.com\/avatar\/?s=96&d=mm&r=g\",\"caption\":\"Comunicacion comunicacion\"}}]}<\/script>\n<!-- \/ Yoast SEO plugin. -->","yoast_head_json":{"title":"Lo mejor que hemos visto y escuchado en #Fluor19 - Redegal","robots":{"index":"index","follow":"follow","max-snippet":"max-snippet:-1","max-image-preview":"max-image-preview:large","max-video-preview":"max-video-preview:-1"},"canonical":"https:\/\/www.redegal.com\/es\/blog\/lo-mejor-que-hemos-visto-y-escuchado-en-fluor19\/","og_locale":"es_ES","og_type":"article","og_title":"Lo mejor que hemos visto y escuchado en #Fluor19 - Redegal","og_description":"Hemos estado en Fl\u00faor19, el Congreso Atl\u00e1ntico de Marketing Digital donde m\u00e1s de 400 profesionales\u00a0y geeks\u00a0de la publicidad online nos hemos reunido para hablar sobre gesti\u00f3n de datos, estrategias transmedia, ecommerce, Social Ads y mucho m\u00e1s. 14 conferencias, 3 mesas redondas y 4 talleres pr\u00e1cticos. \u00bfQuieres conocer lo mejor que hemos visto? Te lo contamos [&hellip;]","og_url":"https:\/\/www.redegal.com\/es\/blog\/lo-mejor-que-hemos-visto-y-escuchado-en-fluor19\/","og_site_name":"Redegal","article_publisher":"https:\/\/facebook.com\/Redegal\/","article_published_time":"2019-06-17T14:43:41+00:00","article_modified_time":"2021-12-13T12:39:30+00:00","og_image":[{"width":1200,"height":600,"url":"https:\/\/www.redegal.com\/wp-content\/uploads\/2021\/11\/Redegal-Social-Thumb.jpg","type":"image\/jpeg"}],"author":"Comunicacion comunicacion","twitter_card":"summary_large_image","twitter_misc":{"Escrito por":"Comunicacion comunicacion","Tiempo de lectura":"4 minutos"},"schema":{"@context":"https:\/\/schema.org","@graph":[{"@type":["Article","BlogPosting"],"@id":"https:\/\/www.redegal.com\/es\/blog\/lo-mejor-que-hemos-visto-y-escuchado-en-fluor19\/#article","isPartOf":{"@id":"https:\/\/www.redegal.com\/es\/blog\/lo-mejor-que-hemos-visto-y-escuchado-en-fluor19\/"},"author":{"name":"Comunicacion comunicacion","@id":"https:\/\/www.redegal.com\/es\/#\/schema\/person\/80b02630c7e733147390f69233710ed5"},"headline":"Lo mejor que hemos visto y escuchado en #Fluor19","datePublished":"2019-06-17T14:43:41+00:00","dateModified":"2021-12-13T12:39:30+00:00","mainEntityOfPage":{"@id":"https:\/\/www.redegal.com\/es\/blog\/lo-mejor-que-hemos-visto-y-escuchado-en-fluor19\/"},"wordCount":1053,"commentCount":0,"publisher":{"@id":"https:\/\/www.redegal.com\/es\/#organization"},"articleSection":["Espa\u00f1a"],"inLanguage":"es","potentialAction":[{"@type":"CommentAction","name":"Comment","target":["https:\/\/www.redegal.com\/es\/blog\/lo-mejor-que-hemos-visto-y-escuchado-en-fluor19\/#respond"]}]},{"@type":"WebPage","@id":"https:\/\/www.redegal.com\/es\/blog\/lo-mejor-que-hemos-visto-y-escuchado-en-fluor19\/","url":"https:\/\/www.redegal.com\/es\/blog\/lo-mejor-que-hemos-visto-y-escuchado-en-fluor19\/","name":"Lo mejor que hemos visto y escuchado en #Fluor19 - Redegal","isPartOf":{"@id":"https:\/\/www.redegal.com\/es\/#website"},"datePublished":"2019-06-17T14:43:41+00:00","dateModified":"2021-12-13T12:39:30+00:00","breadcrumb":{"@id":"https:\/\/www.redegal.com\/es\/blog\/lo-mejor-que-hemos-visto-y-escuchado-en-fluor19\/#breadcrumb"},"inLanguage":"es","potentialAction":[{"@type":"ReadAction","target":["https:\/\/www.redegal.com\/es\/blog\/lo-mejor-que-hemos-visto-y-escuchado-en-fluor19\/"]}]},{"@type":"BreadcrumbList","@id":"https:\/\/www.redegal.com\/es\/blog\/lo-mejor-que-hemos-visto-y-escuchado-en-fluor19\/#breadcrumb","itemListElement":[{"@type":"ListItem","position":1,"name":"Home","item":"https:\/\/www.redegal.com\/es\/"},{"@type":"ListItem","position":2,"name":"Lo mejor que hemos visto y escuchado en #Fluor19"}]},{"@type":"WebSite","@id":"https:\/\/www.redegal.com\/es\/#website","url":"https:\/\/www.redegal.com\/es\/","name":"Redegal","description":"","publisher":{"@id":"https:\/\/www.redegal.com\/es\/#organization"},"potentialAction":[{"@type":"SearchAction","target":{"@type":"EntryPoint","urlTemplate":"https:\/\/www.redegal.com\/es\/?s={search_term_string}"},"query-input":{"@type":"PropertyValueSpecification","valueRequired":true,"valueName":"search_term_string"}}],"inLanguage":"es"},{"@type":"Organization","@id":"https:\/\/www.redegal.com\/es\/#organization","name":"Redegal","url":"https:\/\/www.redegal.com\/es\/","logo":{"@type":"ImageObject","inLanguage":"es","@id":"https:\/\/www.redegal.com\/es\/#\/schema\/logo\/image\/","url":"https:\/\/www.redegal.com\/wp-content\/uploads\/2025\/05\/Logo-Redegal.svg","contentUrl":"https:\/\/www.redegal.com\/wp-content\/uploads\/2025\/05\/Logo-Redegal.svg","width":"1024","height":"1024","caption":"Redegal"},"image":{"@id":"https:\/\/www.redegal.com\/es\/#\/schema\/logo\/image\/"},"sameAs":["https:\/\/facebook.com\/Redegal\/","https:\/\/www.instagram.com\/_redegal\/","https:\/\/www.linkedin.com\/company\/redegal\/","https:\/\/www.youtube.com\/channel\/UCDXwbtEULPIYV2I1ugDzeUw","https:\/\/x.com\/redegal"]},{"@type":"Person","@id":"https:\/\/www.redegal.com\/es\/#\/schema\/person\/80b02630c7e733147390f69233710ed5","name":"Comunicacion comunicacion","image":{"@type":"ImageObject","inLanguage":"es","@id":"https:\/\/www.redegal.com\/es\/#\/schema\/person\/image\/","url":"https:\/\/secure.gravatar.com\/avatar\/?s=96&d=mm&r=g","contentUrl":"https:\/\/secure.gravatar.com\/avatar\/?s=96&d=mm&r=g","caption":"Comunicacion comunicacion"}}]}},"_links":{"self":[{"href":"https:\/\/www.redegal.com\/es\/wp-json\/wp\/v2\/posts\/7084","targetHints":{"allow":["GET"]}}],"collection":[{"href":"https:\/\/www.redegal.com\/es\/wp-json\/wp\/v2\/posts"}],"about":[{"href":"https:\/\/www.redegal.com\/es\/wp-json\/wp\/v2\/types\/post"}],"author":[{"embeddable":true,"href":"https:\/\/www.redegal.com\/es\/wp-json\/wp\/v2\/users\/6"}],"replies":[{"embeddable":true,"href":"https:\/\/www.redegal.com\/es\/wp-json\/wp\/v2\/comments?post=7084"}],"version-history":[{"count":0,"href":"https:\/\/www.redegal.com\/es\/wp-json\/wp\/v2\/posts\/7084\/revisions"}],"wp:attachment":[{"href":"https:\/\/www.redegal.com\/es\/wp-json\/wp\/v2\/media?parent=7084"}],"wp:term":[{"taxonomy":"category","embeddable":true,"href":"https:\/\/www.redegal.com\/es\/wp-json\/wp\/v2\/categories?post=7084"},{"taxonomy":"post_tag","embeddable":true,"href":"https:\/\/www.redegal.com\/es\/wp-json\/wp\/v2\/tags?post=7084"}],"curies":[{"name":"wp","href":"https:\/\/api.w.org\/{rel}","templated":true}]}}