{"id":6331,"date":"2018-06-08T10:54:19","date_gmt":"2018-06-08T10:54:19","guid":{"rendered":"https:\/\/www.redegal.com\/?p=6331"},"modified":"2022-05-20T10:57:24","modified_gmt":"2022-05-20T08:57:24","slug":"estudio-redes-sociales-2018","status":"publish","type":"post","link":"https:\/\/www.redegal.com\/es\/blog\/estudio-redes-sociales-2018\/","title":{"rendered":"WhatsApp y Spotify, las redes sociales a las que m\u00e1s tiempo dedicamos"},"content":{"rendered":"<p><span style=\"font-weight: 400;\">La Asociaci\u00f3n que representa al sector de la publicidad y la comunicaci\u00f3n digital en Espa\u00f1a (IAB) acaba de publicar su \u00faltimo <\/span><a href=\"https:\/\/iabspain.es\/la-generacion-z-es-la-que-mayor-numero-de-redes-sociales-utiliza-y-con-mayor-frecuencia-de-uso\/\" target=\"_blank\" rel=\"noopener\"><b>estudio de Redes Sociales<\/b><\/a>.<\/p>\n<p><span style=\"font-weight: 400;\">La\u00a0edici\u00f3n de este a\u00f1o, en la que participaron hombres y mujeres de 16 a 65 a\u00f1os que trabajan en el sector digital de Espa\u00f1a, contempla varios <\/span><b>cambios significativos<\/b><span style=\"font-weight: 400;\">. Se han incluido nuevos campos de estudio, como el an\u00e1lisis de <\/span><b><a href=\"https:\/\/www.redegal.com\/es\/blog\/marketing-influencers\/\" target=\"_blank\" rel=\"noopener\">influencers<\/a><\/b>,\u00a0<span style=\"font-weight: 400;\">la <strong>Generaci\u00f3n Z<\/strong> y su comportamiento en Redes Sociales, as\u00ed como la visi\u00f3n de los profesionales del sector digital. Adem\u00e1s, se ha eliminado del estudio a la plataforma Google+ y se han incorporado nuevas redes como <\/span><b>Vero<\/b>,\u00a0<b>Musical.ly<\/b>\u00a0<span style=\"font-weight: 400;\">y<\/span><b> 21Buttons<\/b>.<\/p>\n<p><span style=\"font-weight: 400;\">A continuaci\u00f3n puedes ver las <\/span><b>conclusiones m\u00e1s relevantes<\/b><span style=\"font-weight: 400;\"> extra\u00eddas del informe.<\/span><\/p>\n<h2><strong>\u00bfQui\u00e9n utiliza las Redes Sociales?<\/strong><\/h2>\n<p><span style=\"font-weight: 400;\">Seg\u00fan los datos publicados en el estudio, <\/span><b>el 85% de los internautas de 16 a 65 a\u00f1os <\/b><span style=\"font-weight: 400;\">utiliza alguna red social, lo que equivale a 25\u20195 millones de personas en nuestro pa\u00eds. El <\/span><b>usuario promedio<\/b><span style=\"font-weight: 400;\"> son mujeres (51% frente al 49% de hombres) de 31 a 45 a\u00f1os con estudios universitarios y con trabajo.<\/span><\/p>\n<figure id=\"attachment_6333\" aria-describedby=\"caption-attachment-6333\" style=\"width: 590px\" class=\"wp-caption aligncenter\"><img decoding=\"async\" class=\"size-full wp-image-6333\" src=\"https:\/\/redegal.com\/wp-content\/uploads\/2018\/06\/redes-sociales-perfil.png\" alt=\"redes-sociales-usuario\" width=\"590\" height=\"324\" srcset=\"https:\/\/www.redegal.com\/wp-content\/uploads\/2018\/06\/redes-sociales-perfil.png 590w, https:\/\/www.redegal.com\/wp-content\/uploads\/2018\/06\/redes-sociales-perfil-300x165.png 300w, https:\/\/www.redegal.com\/wp-content\/uploads\/2018\/06\/redes-sociales-perfil-120x66.png 120w\" sizes=\"(max-width: 590px) 100vw, 590px\" \/><figcaption id=\"caption-attachment-6333\" class=\"wp-caption-text\">Fuente: IAB Spain, Estudio de Redes Sociales 2018.<\/figcaption><\/figure>\n<h2><strong>\u00bfCu\u00e1les son las m\u00e1s populares?<\/strong><\/h2>\n<p><span style=\"font-weight: 400;\">Menciona las tres redes sociales que primero se te vengan a la cabeza. \u00bfCu\u00e1les son? La mayor\u00eda de los encuestados en el informe contest\u00f3, por orden de preferencia, <\/span><b>Facebook, Twitter e Instagram<\/b><span style=\"font-weight: 400;\">. Facebook contin\u00faa liderando el ranking de popularidad, Twitter ha perdido notoriedad e Instagram avanza a pasos agigantados, situ\u00e1ndose ya en tercera posici\u00f3n.<\/span><\/p>\n<h2><strong>\u00bfCu\u00e1ntas redes sociales conocemos?<\/strong><\/h2>\n<p><span style=\"font-weight: 400;\">De media, cada usuario es capaz de nombrar hasta<\/span><b> 8\u20197 redes diferentes<\/b><span style=\"font-weight: 400;\">. Las m\u00e1s mencionadas son Facebook y el servicio de mensajer\u00eda instant\u00e1nea Whatsapp. En comparaci\u00f3n con el estudio del a\u00f1o pasado, Snapchat ha aumentado su notoriedad hasta un 48% y Spotify ha disminuido un 70%, aunque es la sexta red social m\u00e1s conocida. <\/span><\/p>\n<h2><strong>\u00bfCu\u00e1ntas redes sociales utilizamos a la vez?<\/strong><\/h2>\n<p><span style=\"font-weight: 400;\">Los resultados muestran que la mayor\u00eda de personas utiliza hasta <\/span><b>4\u20197 redes sociales <\/b><span style=\"font-weight: 400;\">a la vez. Entre ellas, y por orden de prioridad, se encuentran: <\/span><b>Facebook, WhatsApp, Youtube e Instagram<\/b><span style=\"font-weight: 400;\">. Cabe destacar que estas dos \u00faltimas son las que m\u00e1s usuarios registrados han ganado en el \u00faltimo a\u00f1o.<\/span><\/p>\n<h2><strong>\u00bfCu\u00e1les son las mejor valoradas?<\/strong><\/h2>\n<p><b>WhatsApp <\/b><span style=\"font-weight: 400;\">se posiciona como la red social mejor valorada, con un 8\u20194 de puntuaci\u00f3n, seguida de <strong>Youtube<\/strong> (8\u20191), <strong>Instagram<\/strong> y<strong> Spotify<\/strong> (ambas con un 7\u20198). <\/span><\/p>\n<h2><strong>\u00bfCu\u00e1ntas horas al d\u00eda dedicamos a las redes sociales?<\/strong><\/h2>\n<p><span style=\"font-weight: 400;\">De media,<\/span><b> las mujeres pasan m\u00e1s tiempo<\/b><span style=\"font-weight: 400;\"> que los hombres en las redes sociales, suponiendo alrededor de<\/span><b> 1 hora al d\u00eda<\/b><span style=\"font-weight: 400;\">. Por edades, los j\u00f3venes de 16 a 30 a\u00f1os son los que m\u00e1s tiempo invierten, y las redes sociales que lideran la frecuencia de nuestra rutina diaria son <\/span><b>WhatsApp<\/b><span style=\"font-weight: 400;\"> y <\/span><a href=\"https:\/\/www.redegal.com\/es\/blog\/spotify-conectar-audiencia\/\" target=\"_blank\" rel=\"noopener\"><b>Spotify<\/b><\/a>.<\/p>\n<figure id=\"attachment_6334\" aria-describedby=\"caption-attachment-6334\" style=\"width: 594px\" class=\"wp-caption aligncenter\"><img decoding=\"async\" class=\"size-full wp-image-6334\" src=\"https:\/\/redegal.com\/wp-content\/uploads\/2018\/06\/uso-redes-sociales.png\" alt=\"redes-sociales-mas-utilizadas\" width=\"594\" height=\"285\" srcset=\"https:\/\/www.redegal.com\/wp-content\/uploads\/2018\/06\/uso-redes-sociales.png 594w, https:\/\/www.redegal.com\/wp-content\/uploads\/2018\/06\/uso-redes-sociales-300x144.png 300w, https:\/\/www.redegal.com\/wp-content\/uploads\/2018\/06\/uso-redes-sociales-120x58.png 120w\" sizes=\"(max-width: 594px) 100vw, 594px\" \/><figcaption id=\"caption-attachment-6334\" class=\"wp-caption-text\">Fuente: IAB Spain, Estudio de Redes Sociales 2018.<\/figcaption><\/figure>\n<h2><strong>\u00bfPara qu\u00e9 las utilizamos?<\/strong><\/h2>\n<p><span style=\"font-weight: 400;\">La mayor\u00eda de los usuarios utiliza las redes sociales para <\/span><b>chatear <\/b><span style=\"font-weight: 400;\">y estar al d\u00eda de lo que hacen sus contactos. Tambi\u00e9n lo hacen para <\/span><b>ver v\u00eddeos y escuchar m\u00fasica<\/b><span style=\"font-weight: 400;\">. Adem\u00e1s, se ha detectado una disminuci\u00f3n en la cantidad de gente que las utiliza para publicar contenido y un aumento en el inter\u00e9s por conocer gente.<\/span><\/p>\n<h2><strong>\u00bfCon qu\u00e9 dispositivo nos conectamos?<\/strong><\/h2>\n<p><span style=\"font-weight: 400;\">En 2017, el dispositivo m\u00e1s utilizado por los usuarios para acceder a las redes sociales fue el ordenador. Sin embargo, <\/span><b><a href=\"https:\/\/www.redegal.com\/es\/blog\/mobile-world-congress-2018\/\" target=\"_blank\" rel=\"noopener\">este a\u00f1o es el m\u00f3vil el que triunfa<\/a>\u00a0<\/b><span style=\"font-weight: 400;\">con un incre\u00edble <strong>95% de usuarios<\/strong> utiliz\u00e1ndolo, provocando que el ordenador descienda a una segunda posici\u00f3n con un 91% y la tablet se sit\u00fae en tercer lugar, con un 48%.<\/span><\/p>\n<h2><strong>\u00bfA qu\u00e9 horas nos conectamos?<\/strong><\/h2>\n<p><b>Dependiendo del dispositivo utilizado<\/b><span style=\"font-weight: 400;\">, la franja horaria var\u00eda. As\u00ed, los usuarios que utilizan el <strong>m\u00f3vil<\/strong> suelen conectarse a las redes sociales partir de las 8:30 de la ma\u00f1ana y las horas de mayor actividad comprenden desde las 20:30h a las 00:30h. Con el <strong>ordenador<\/strong> y con la <strong>tablet<\/strong> el uso se acent\u00faa a partir de las 16:00h, especialmente entre las 20:30h y las 00:30h.<\/span><\/p>\n<h2><strong>Y adem\u00e1s&#8230;<\/strong><\/h2>\n<ul>\n<li style=\"font-weight: 400;\"><a href=\"https:\/\/www.redegal.com\/es\/blog\/from-like-to-love\/\"><span style=\"font-weight: 400;\">El <\/span><b>81% de los usuarios sigue a alguna marca <\/b><\/a><span style=\"font-weight: 400;\">a trav\u00e9s de redes sociales. Para el 27%, que una marca tenga un perfil en redes sociales es sin\u00f3nimo de confianza.<\/span><\/li>\n<\/ul>\n<ul>\n<li style=\"font-weight: 400;\"><b>La publicidad en redes sociales no suele generar molestias<\/b><span style=\"font-weight: 400;\">, especialmente entre los m\u00e1s j\u00f3venes y si est\u00e1 correctamente segmentada.<\/span><\/li>\n<\/ul>\n<ul>\n<li style=\"font-weight: 400;\"><b>Siete de cada diez usuarios siguen a alg\u00fan influencer<\/b><span style=\"font-weight: 400;\"> y no lo perciben como un recurso publicitario.<\/span><\/li>\n<\/ul>\n<ul>\n<li style=\"font-weight: 400;\"><b>La Generaci\u00f3n Z <\/b><span style=\"font-weight: 400;\">(personas nacidas entre el a\u00f1o 2000 y el 2010) es la que m\u00e1s utiliza las redes sociales. Sus redes preferidas son <\/span><b>WhatsApp, Instagram y Youtube<\/b><span style=\"font-weight: 400;\">.<\/span><\/li>\n<\/ul>\n<ul>\n<li style=\"font-weight: 400;\"><span style=\"font-weight: 400;\">Los<\/span><b> profesionales del sector <\/b><span style=\"font-weight: 400;\">digital utilizan las Redes fundamentalmente para vender m\u00e1s y conseguir <\/span><i><span style=\"font-weight: 400;\">branding<\/span><\/i><span style=\"font-weight: 400;\">. El contenido m\u00e1s utilizado son las promociones y concursos, ya que son las que atraen mayor tr\u00e1fico web y generan m\u00e1s interacciones. Las plataformas sociales elegidas por la mayor\u00eda de empresas son Facebook, Instagram y Twitter.<\/span><\/li>\n<\/ul>\n<p><span style=\"font-weight: 400;\">Estos han sido los <\/span><b>aspectos m\u00e1s destacables del informe de 2018 elaborado por IAB<\/b><span style=\"font-weight: 400;\">.\u00a0<\/span><\/p>\n","protected":false},"excerpt":{"rendered":"<p>La Asociaci\u00f3n que representa al sector de la publicidad y la comunicaci\u00f3n digital en Espa\u00f1a (IAB) acaba de publicar su \u00faltimo estudio de Redes Sociales. La\u00a0edici\u00f3n de este a\u00f1o, en la que participaron hombres y mujeres de 16 a 65 a\u00f1os que trabajan en el sector digital de Espa\u00f1a, contempla varios cambios significativos. Se han [&hellip;]<\/p>\n","protected":false},"author":6,"featured_media":0,"comment_status":"open","ping_status":"open","sticky":false,"template":"","format":"standard","meta":{"_acf_changed":false,"inline_featured_image":false,"footnotes":""},"categories":[28],"tags":[],"class_list":["post-6331","post","type-post","status-publish","format-standard","hentry","category-social-media"],"acf":[],"yoast_head":"<!-- This site is optimized with the Yoast SEO plugin v26.6 - https:\/\/yoast.com\/wordpress\/plugins\/seo\/ -->\n<title>WhatsApp y Spotify, las redes sociales a las que m\u00e1s tiempo dedicamos - Redegal<\/title>\n<meta name=\"robots\" content=\"index, follow, max-snippet:-1, max-image-preview:large, max-video-preview:-1\" \/>\n<link rel=\"canonical\" href=\"https:\/\/www.redegal.com\/es\/blog\/estudio-redes-sociales-2018\/\" \/>\n<meta property=\"og:locale\" content=\"es_ES\" \/>\n<meta property=\"og:type\" content=\"article\" \/>\n<meta property=\"og:title\" content=\"WhatsApp y Spotify, las redes sociales a las que m\u00e1s tiempo dedicamos - Redegal\" \/>\n<meta property=\"og:description\" content=\"La Asociaci\u00f3n que representa al sector de la publicidad y la comunicaci\u00f3n digital en Espa\u00f1a (IAB) acaba de publicar su \u00faltimo estudio de Redes Sociales. La\u00a0edici\u00f3n de este a\u00f1o, en la que participaron hombres y mujeres de 16 a 65 a\u00f1os que trabajan en el sector digital de Espa\u00f1a, contempla varios cambios significativos. Se han [&hellip;]\" \/>\n<meta property=\"og:url\" content=\"https:\/\/www.redegal.com\/es\/blog\/estudio-redes-sociales-2018\/\" \/>\n<meta property=\"og:site_name\" content=\"Redegal\" \/>\n<meta property=\"article:publisher\" content=\"https:\/\/facebook.com\/Redegal\/\" \/>\n<meta property=\"article:published_time\" content=\"2018-06-08T10:54:19+00:00\" \/>\n<meta property=\"article:modified_time\" content=\"2022-05-20T08:57:24+00:00\" \/>\n<meta property=\"og:image\" content=\"https:\/\/redegal.com\/wp-content\/uploads\/2018\/06\/redes-sociales-perfil.png\" \/>\n<meta name=\"author\" content=\"Comunicacion comunicacion\" \/>\n<meta name=\"twitter:card\" content=\"summary_large_image\" \/>\n<meta name=\"twitter:label1\" content=\"Escrito por\" \/>\n\t<meta name=\"twitter:data1\" content=\"Comunicacion comunicacion\" \/>\n\t<meta name=\"twitter:label2\" content=\"Tiempo de lectura\" \/>\n\t<meta name=\"twitter:data2\" content=\"4 minutos\" \/>\n<script type=\"application\/ld+json\" class=\"yoast-schema-graph\">{\"@context\":\"https:\/\/schema.org\",\"@graph\":[{\"@type\":[\"Article\",\"BlogPosting\"],\"@id\":\"https:\/\/www.redegal.com\/es\/blog\/estudio-redes-sociales-2018\/#article\",\"isPartOf\":{\"@id\":\"https:\/\/www.redegal.com\/es\/blog\/estudio-redes-sociales-2018\/\"},\"author\":{\"name\":\"Comunicacion comunicacion\",\"@id\":\"https:\/\/www.redegal.com\/es\/#\/schema\/person\/80b02630c7e733147390f69233710ed5\"},\"headline\":\"WhatsApp y Spotify, las redes sociales a las que m\u00e1s tiempo dedicamos\",\"datePublished\":\"2018-06-08T10:54:19+00:00\",\"dateModified\":\"2022-05-20T08:57:24+00:00\",\"mainEntityOfPage\":{\"@id\":\"https:\/\/www.redegal.com\/es\/blog\/estudio-redes-sociales-2018\/\"},\"wordCount\":884,\"commentCount\":0,\"publisher\":{\"@id\":\"https:\/\/www.redegal.com\/es\/#organization\"},\"image\":{\"@id\":\"https:\/\/www.redegal.com\/es\/blog\/estudio-redes-sociales-2018\/#primaryimage\"},\"thumbnailUrl\":\"https:\/\/redegal.com\/wp-content\/uploads\/2018\/06\/redes-sociales-perfil.png\",\"articleSection\":[\"Social Media\"],\"inLanguage\":\"es\",\"potentialAction\":[{\"@type\":\"CommentAction\",\"name\":\"Comment\",\"target\":[\"https:\/\/www.redegal.com\/es\/blog\/estudio-redes-sociales-2018\/#respond\"]}]},{\"@type\":\"WebPage\",\"@id\":\"https:\/\/www.redegal.com\/es\/blog\/estudio-redes-sociales-2018\/\",\"url\":\"https:\/\/www.redegal.com\/es\/blog\/estudio-redes-sociales-2018\/\",\"name\":\"WhatsApp y Spotify, las redes sociales a las que m\u00e1s tiempo dedicamos - Redegal\",\"isPartOf\":{\"@id\":\"https:\/\/www.redegal.com\/es\/#website\"},\"primaryImageOfPage\":{\"@id\":\"https:\/\/www.redegal.com\/es\/blog\/estudio-redes-sociales-2018\/#primaryimage\"},\"image\":{\"@id\":\"https:\/\/www.redegal.com\/es\/blog\/estudio-redes-sociales-2018\/#primaryimage\"},\"thumbnailUrl\":\"https:\/\/redegal.com\/wp-content\/uploads\/2018\/06\/redes-sociales-perfil.png\",\"datePublished\":\"2018-06-08T10:54:19+00:00\",\"dateModified\":\"2022-05-20T08:57:24+00:00\",\"breadcrumb\":{\"@id\":\"https:\/\/www.redegal.com\/es\/blog\/estudio-redes-sociales-2018\/#breadcrumb\"},\"inLanguage\":\"es\",\"potentialAction\":[{\"@type\":\"ReadAction\",\"target\":[\"https:\/\/www.redegal.com\/es\/blog\/estudio-redes-sociales-2018\/\"]}]},{\"@type\":\"ImageObject\",\"inLanguage\":\"es\",\"@id\":\"https:\/\/www.redegal.com\/es\/blog\/estudio-redes-sociales-2018\/#primaryimage\",\"url\":\"https:\/\/redegal.com\/wp-content\/uploads\/2018\/06\/redes-sociales-perfil.png\",\"contentUrl\":\"https:\/\/redegal.com\/wp-content\/uploads\/2018\/06\/redes-sociales-perfil.png\"},{\"@type\":\"BreadcrumbList\",\"@id\":\"https:\/\/www.redegal.com\/es\/blog\/estudio-redes-sociales-2018\/#breadcrumb\",\"itemListElement\":[{\"@type\":\"ListItem\",\"position\":1,\"name\":\"Home\",\"item\":\"https:\/\/www.redegal.com\/es\/\"},{\"@type\":\"ListItem\",\"position\":2,\"name\":\"WhatsApp y Spotify, las redes sociales a las que m\u00e1s tiempo dedicamos\"}]},{\"@type\":\"WebSite\",\"@id\":\"https:\/\/www.redegal.com\/es\/#website\",\"url\":\"https:\/\/www.redegal.com\/es\/\",\"name\":\"Redegal\",\"description\":\"\",\"publisher\":{\"@id\":\"https:\/\/www.redegal.com\/es\/#organization\"},\"potentialAction\":[{\"@type\":\"SearchAction\",\"target\":{\"@type\":\"EntryPoint\",\"urlTemplate\":\"https:\/\/www.redegal.com\/es\/?s={search_term_string}\"},\"query-input\":{\"@type\":\"PropertyValueSpecification\",\"valueRequired\":true,\"valueName\":\"search_term_string\"}}],\"inLanguage\":\"es\"},{\"@type\":\"Organization\",\"@id\":\"https:\/\/www.redegal.com\/es\/#organization\",\"name\":\"Redegal\",\"url\":\"https:\/\/www.redegal.com\/es\/\",\"logo\":{\"@type\":\"ImageObject\",\"inLanguage\":\"es\",\"@id\":\"https:\/\/www.redegal.com\/es\/#\/schema\/logo\/image\/\",\"url\":\"https:\/\/www.redegal.com\/wp-content\/uploads\/2025\/05\/Logo-Redegal.svg\",\"contentUrl\":\"https:\/\/www.redegal.com\/wp-content\/uploads\/2025\/05\/Logo-Redegal.svg\",\"width\":\"1024\",\"height\":\"1024\",\"caption\":\"Redegal\"},\"image\":{\"@id\":\"https:\/\/www.redegal.com\/es\/#\/schema\/logo\/image\/\"},\"sameAs\":[\"https:\/\/facebook.com\/Redegal\/\",\"https:\/\/www.instagram.com\/_redegal\/\",\"https:\/\/www.linkedin.com\/company\/redegal\/\",\"https:\/\/www.youtube.com\/channel\/UCDXwbtEULPIYV2I1ugDzeUw\",\"https:\/\/x.com\/redegal\"]},{\"@type\":\"Person\",\"@id\":\"https:\/\/www.redegal.com\/es\/#\/schema\/person\/80b02630c7e733147390f69233710ed5\",\"name\":\"Comunicacion comunicacion\",\"image\":{\"@type\":\"ImageObject\",\"inLanguage\":\"es\",\"@id\":\"https:\/\/www.redegal.com\/es\/#\/schema\/person\/image\/\",\"url\":\"https:\/\/secure.gravatar.com\/avatar\/?s=96&d=mm&r=g\",\"contentUrl\":\"https:\/\/secure.gravatar.com\/avatar\/?s=96&d=mm&r=g\",\"caption\":\"Comunicacion comunicacion\"}}]}<\/script>\n<!-- \/ Yoast SEO plugin. -->","yoast_head_json":{"title":"WhatsApp y Spotify, las redes sociales a las que m\u00e1s tiempo dedicamos - Redegal","robots":{"index":"index","follow":"follow","max-snippet":"max-snippet:-1","max-image-preview":"max-image-preview:large","max-video-preview":"max-video-preview:-1"},"canonical":"https:\/\/www.redegal.com\/es\/blog\/estudio-redes-sociales-2018\/","og_locale":"es_ES","og_type":"article","og_title":"WhatsApp y Spotify, las redes sociales a las que m\u00e1s tiempo dedicamos - Redegal","og_description":"La Asociaci\u00f3n que representa al sector de la publicidad y la comunicaci\u00f3n digital en Espa\u00f1a (IAB) acaba de publicar su \u00faltimo estudio de Redes Sociales. La\u00a0edici\u00f3n de este a\u00f1o, en la que participaron hombres y mujeres de 16 a 65 a\u00f1os que trabajan en el sector digital de Espa\u00f1a, contempla varios cambios significativos. Se han [&hellip;]","og_url":"https:\/\/www.redegal.com\/es\/blog\/estudio-redes-sociales-2018\/","og_site_name":"Redegal","article_publisher":"https:\/\/facebook.com\/Redegal\/","article_published_time":"2018-06-08T10:54:19+00:00","article_modified_time":"2022-05-20T08:57:24+00:00","og_image":[{"url":"https:\/\/redegal.com\/wp-content\/uploads\/2018\/06\/redes-sociales-perfil.png","type":"","width":"","height":""}],"author":"Comunicacion comunicacion","twitter_card":"summary_large_image","twitter_misc":{"Escrito por":"Comunicacion comunicacion","Tiempo de lectura":"4 minutos"},"schema":{"@context":"https:\/\/schema.org","@graph":[{"@type":["Article","BlogPosting"],"@id":"https:\/\/www.redegal.com\/es\/blog\/estudio-redes-sociales-2018\/#article","isPartOf":{"@id":"https:\/\/www.redegal.com\/es\/blog\/estudio-redes-sociales-2018\/"},"author":{"name":"Comunicacion comunicacion","@id":"https:\/\/www.redegal.com\/es\/#\/schema\/person\/80b02630c7e733147390f69233710ed5"},"headline":"WhatsApp y Spotify, las redes sociales a las que m\u00e1s tiempo dedicamos","datePublished":"2018-06-08T10:54:19+00:00","dateModified":"2022-05-20T08:57:24+00:00","mainEntityOfPage":{"@id":"https:\/\/www.redegal.com\/es\/blog\/estudio-redes-sociales-2018\/"},"wordCount":884,"commentCount":0,"publisher":{"@id":"https:\/\/www.redegal.com\/es\/#organization"},"image":{"@id":"https:\/\/www.redegal.com\/es\/blog\/estudio-redes-sociales-2018\/#primaryimage"},"thumbnailUrl":"https:\/\/redegal.com\/wp-content\/uploads\/2018\/06\/redes-sociales-perfil.png","articleSection":["Social Media"],"inLanguage":"es","potentialAction":[{"@type":"CommentAction","name":"Comment","target":["https:\/\/www.redegal.com\/es\/blog\/estudio-redes-sociales-2018\/#respond"]}]},{"@type":"WebPage","@id":"https:\/\/www.redegal.com\/es\/blog\/estudio-redes-sociales-2018\/","url":"https:\/\/www.redegal.com\/es\/blog\/estudio-redes-sociales-2018\/","name":"WhatsApp y Spotify, las redes sociales a las que m\u00e1s tiempo dedicamos - Redegal","isPartOf":{"@id":"https:\/\/www.redegal.com\/es\/#website"},"primaryImageOfPage":{"@id":"https:\/\/www.redegal.com\/es\/blog\/estudio-redes-sociales-2018\/#primaryimage"},"image":{"@id":"https:\/\/www.redegal.com\/es\/blog\/estudio-redes-sociales-2018\/#primaryimage"},"thumbnailUrl":"https:\/\/redegal.com\/wp-content\/uploads\/2018\/06\/redes-sociales-perfil.png","datePublished":"2018-06-08T10:54:19+00:00","dateModified":"2022-05-20T08:57:24+00:00","breadcrumb":{"@id":"https:\/\/www.redegal.com\/es\/blog\/estudio-redes-sociales-2018\/#breadcrumb"},"inLanguage":"es","potentialAction":[{"@type":"ReadAction","target":["https:\/\/www.redegal.com\/es\/blog\/estudio-redes-sociales-2018\/"]}]},{"@type":"ImageObject","inLanguage":"es","@id":"https:\/\/www.redegal.com\/es\/blog\/estudio-redes-sociales-2018\/#primaryimage","url":"https:\/\/redegal.com\/wp-content\/uploads\/2018\/06\/redes-sociales-perfil.png","contentUrl":"https:\/\/redegal.com\/wp-content\/uploads\/2018\/06\/redes-sociales-perfil.png"},{"@type":"BreadcrumbList","@id":"https:\/\/www.redegal.com\/es\/blog\/estudio-redes-sociales-2018\/#breadcrumb","itemListElement":[{"@type":"ListItem","position":1,"name":"Home","item":"https:\/\/www.redegal.com\/es\/"},{"@type":"ListItem","position":2,"name":"WhatsApp y Spotify, las redes sociales a las que m\u00e1s tiempo dedicamos"}]},{"@type":"WebSite","@id":"https:\/\/www.redegal.com\/es\/#website","url":"https:\/\/www.redegal.com\/es\/","name":"Redegal","description":"","publisher":{"@id":"https:\/\/www.redegal.com\/es\/#organization"},"potentialAction":[{"@type":"SearchAction","target":{"@type":"EntryPoint","urlTemplate":"https:\/\/www.redegal.com\/es\/?s={search_term_string}"},"query-input":{"@type":"PropertyValueSpecification","valueRequired":true,"valueName":"search_term_string"}}],"inLanguage":"es"},{"@type":"Organization","@id":"https:\/\/www.redegal.com\/es\/#organization","name":"Redegal","url":"https:\/\/www.redegal.com\/es\/","logo":{"@type":"ImageObject","inLanguage":"es","@id":"https:\/\/www.redegal.com\/es\/#\/schema\/logo\/image\/","url":"https:\/\/www.redegal.com\/wp-content\/uploads\/2025\/05\/Logo-Redegal.svg","contentUrl":"https:\/\/www.redegal.com\/wp-content\/uploads\/2025\/05\/Logo-Redegal.svg","width":"1024","height":"1024","caption":"Redegal"},"image":{"@id":"https:\/\/www.redegal.com\/es\/#\/schema\/logo\/image\/"},"sameAs":["https:\/\/facebook.com\/Redegal\/","https:\/\/www.instagram.com\/_redegal\/","https:\/\/www.linkedin.com\/company\/redegal\/","https:\/\/www.youtube.com\/channel\/UCDXwbtEULPIYV2I1ugDzeUw","https:\/\/x.com\/redegal"]},{"@type":"Person","@id":"https:\/\/www.redegal.com\/es\/#\/schema\/person\/80b02630c7e733147390f69233710ed5","name":"Comunicacion comunicacion","image":{"@type":"ImageObject","inLanguage":"es","@id":"https:\/\/www.redegal.com\/es\/#\/schema\/person\/image\/","url":"https:\/\/secure.gravatar.com\/avatar\/?s=96&d=mm&r=g","contentUrl":"https:\/\/secure.gravatar.com\/avatar\/?s=96&d=mm&r=g","caption":"Comunicacion comunicacion"}}]}},"_links":{"self":[{"href":"https:\/\/www.redegal.com\/es\/wp-json\/wp\/v2\/posts\/6331","targetHints":{"allow":["GET"]}}],"collection":[{"href":"https:\/\/www.redegal.com\/es\/wp-json\/wp\/v2\/posts"}],"about":[{"href":"https:\/\/www.redegal.com\/es\/wp-json\/wp\/v2\/types\/post"}],"author":[{"embeddable":true,"href":"https:\/\/www.redegal.com\/es\/wp-json\/wp\/v2\/users\/6"}],"replies":[{"embeddable":true,"href":"https:\/\/www.redegal.com\/es\/wp-json\/wp\/v2\/comments?post=6331"}],"version-history":[{"count":0,"href":"https:\/\/www.redegal.com\/es\/wp-json\/wp\/v2\/posts\/6331\/revisions"}],"wp:attachment":[{"href":"https:\/\/www.redegal.com\/es\/wp-json\/wp\/v2\/media?parent=6331"}],"wp:term":[{"taxonomy":"category","embeddable":true,"href":"https:\/\/www.redegal.com\/es\/wp-json\/wp\/v2\/categories?post=6331"},{"taxonomy":"post_tag","embeddable":true,"href":"https:\/\/www.redegal.com\/es\/wp-json\/wp\/v2\/tags?post=6331"}],"curies":[{"name":"wp","href":"https:\/\/api.w.org\/{rel}","templated":true}]}}