{"id":6112,"date":"2018-04-25T10:19:04","date_gmt":"2018-04-25T10:19:04","guid":{"rendered":"https:\/\/www.redegal.com\/?p=6112"},"modified":"2021-11-20T15:08:09","modified_gmt":"2021-11-20T14:08:09","slug":"prestashop-1-7","status":"publish","type":"post","link":"https:\/\/www.redegal.com\/es\/blog\/prestashop-1-7\/","title":{"rendered":"\u00abPara las marcas, contar con un aliado especializado siempre es positivo\u00bb"},"content":{"rendered":"<p><a href=\"http:\/\/www.lanavemadrid.com\/\" target=\"_blank\" rel=\"noopener\">\u00abLa Nave\u00bb<\/a> de Madrid acog\u00eda la semana pasada la tercera edici\u00f3n del <a href=\"https:\/\/prestashopday.com\/es\/\" target=\"_blank\" rel=\"noopener\">PrestaShop Day<\/a>, un evento en el que nos reunimos m\u00e1s de 1.800 profesionales del ecommerce para intercambiar experiencias y unir sinergias con el objetivo de hacer <strong>crecer<\/strong>\u00a0nuestro\u00a0<strong>negocio online <\/strong>y <strong>vuestros <em>ecommerce<\/em><\/strong>.<\/p>\n<p style=\"text-align: left;\"><a href=\"https:\/\/www.linkedin.com\/in\/gavaliente\/\" target=\"_blank\" rel=\"noopener\">Gonzalo<\/a>, desarrollador de negocio en Madrid; <a href=\"https:\/\/www.linkedin.com\/in\/csoon1992\/\" target=\"_blank\" rel=\"noopener\">Cristina<\/a>, programadora; <a href=\"https:\/\/www.linkedin.com\/in\/thamara-aragon-amores-0bb06592\/\" target=\"_blank\" rel=\"noopener\">Thamara<\/a>, maquetadora y <a href=\"https:\/\/www.linkedin.com\/in\/javiervillanuevalinkedin\/\" target=\"_blank\" rel=\"noopener\">Javier<\/a>, CTO, tuvieron la oportunidad de acudir a un sinf\u00edn de conferencias, talleres y clases magistrales con el objetivo de\u00a0<strong>aprender juntos <\/strong>y<strong> crecer profesionalmente\u00a0<\/strong>de una forma diferente. Ya sab\u00e9is: renovarse o morir.<\/p>\n<p>Y en Redegal somos m\u00e1s de la primera opci\u00f3n. Somos de <strong>investigar<\/strong> para detectar las necesidades de nuestros clientes y de\u00a0<strong>informarnos<\/strong> para aplicar las nuevas tendencias del sector. Pero tambi\u00e9n somos de\u00a0cont\u00e1roslas para que est\u00e9is a la \u00faltima.<\/p>\n<p>Del mismo modo que ya hicimos con el departamento de Publicidad Digital y de Dise\u00f1o (aqu\u00ed pod\u00e9is leer las entrevistas a nuestra SEM Manager, Ana P\u00e9rez; y a nuestra Strategic Creative, Noem\u00ed Cubillo), esta vez hemos\u00a0tenido la oportunidad de charlar unos minutos sobre <strong><em>ecommerce<\/em> y PrestaShop<\/strong> con nuestro compa\u00f1ero\u00a0<a href=\"https:\/\/www.linkedin.com\/in\/robercmorais\/\" target=\"_blank\" rel=\"noopener\">Roberto Morais<\/a>, del departamento de Desarrollo web. El objetivo, que conozc\u00e1is m\u00e1s a fondo el sector, pero tambi\u00e9n que pod\u00e1is poner cara y voz a las personas que forman nuestro equipo.<\/p>\n<p><img decoding=\"async\" class=\"aligncenter size-large wp-image-6134\" src=\"https:\/\/redegal.com\/wp-content\/uploads\/2018\/04\/ce1d878b-8a7a-4251-bcac-e766ff574666-768x1024.jpg\" alt=\"PrestaShop\" width=\"768\" height=\"1024\" srcset=\"https:\/\/www.redegal.com\/wp-content\/uploads\/2018\/04\/ce1d878b-8a7a-4251-bcac-e766ff574666-768x1024.jpg 768w, https:\/\/www.redegal.com\/wp-content\/uploads\/2018\/04\/ce1d878b-8a7a-4251-bcac-e766ff574666-225x300.jpg 225w, https:\/\/www.redegal.com\/wp-content\/uploads\/2018\/04\/ce1d878b-8a7a-4251-bcac-e766ff574666-90x120.jpg 90w, https:\/\/www.redegal.com\/wp-content\/uploads\/2018\/04\/ce1d878b-8a7a-4251-bcac-e766ff574666.jpg 1040w\" sizes=\"(max-width: 768px) 100vw, 768px\" \/><\/p>\n<p>\u00a1Comenzamos!<\/p>\n<p><strong>La \u00faltima versi\u00f3n de PrestaShop, la 1.7, que se lanz\u00f3 al mercado hace algo menos de a\u00f1o y medio, \u00bfqu\u00e9 novedades incorpor\u00f3 respecto a las seis anteriores?<\/strong><\/p>\n<p>La verdad es que esta \u00faltima versi\u00f3n es bastante revolucionaria, ha mejorado su estructura y su arquitectura de c\u00f3digo y tambi\u00e9n la rapidez de las acciones de la web, ya que han empleado todo el\u00a0<em>core<\/em>\u00a0de la plataforma con el\u00a0<em>framework<\/em>\u00a0<a href=\"https:\/\/es.wikipedia.org\/wiki\/Symfony\">Symfony2<\/a>.\u00a0Todo esto hace que el c\u00f3digo sea m\u00e1s limpio, m\u00e1s optimizado y mucho m\u00e1s c\u00f3modo, porque PrestaShop saca cada vez menos\u00a0<em>releases<\/em>\u00a0de cambios en su plataforma.<\/p>\n<p><strong>\u00bfQu\u00e9 ventajas supone para las marcas?<\/strong><\/p>\n<p>Un comerciante siempre quiere vender m\u00e1s y m\u00e1s, as\u00ed que lo ideal es poner al alcance de sus clientes los mejores medios para garantizar la compra. Es lo m\u00e1s l\u00f3gico. Y la versi\u00f3n 1.7 no solo es m\u00e1s r\u00e1pida sino que tambi\u00e9n, en su web\u00a0<a href=\"https:\/\/addons.prestashop.com\/es\/\">Addons<\/a>, tiene una cantidad enorme de m\u00f3dulos para hacer integraciones de pago con sistemas como Redsys, OpenPay, etc. Adem\u00e1s, el cat\u00e1logo de temas es bastante abundante, por lo que tiene una soluci\u00f3n eficaz para cualquier tienda online de cualquier sector.<\/p>\n<p><strong>\u00bfA qu\u00e9 tipo de negocios recomend\u00e1is emplear PrestaShop para el desarrollo de sus\u00a0<em>ecommerce<\/em>?<\/strong><\/p>\n<p>Realmente, hoy en d\u00eda cualquier negocio del mercado puede optar por un PrestaShop para su <em>ecommerce<\/em>. Es una plataforma estable y segura. De todos modos, no podemos negar que en la industria textil funciona realmente bien, sobre todo por la forma en que gestiona los productos, permitiendo combinar colores y tallas.<\/p>\n<p><strong>Cuando desarroll\u00e1is una tienda online, \u00bfqu\u00e9 es lo que m\u00e1s valora el cliente?, \u00bfa qu\u00e9 aspectos da mayor importancia?<\/strong><\/p>\n<p>Normalmente el aspecto visual de los portales es lo m\u00e1s importante, al fin y al cabo, todo el mundo quiere la p\u00e1gina web m\u00e1s bonita de todas\u2026 No obstante, los clientes son cada vez m\u00e1s met\u00f3dicos con los flujos de la web, es decir, no solo les basta con que sea atractiva, sino que tambi\u00e9n quiere que su tienda online haga cosas que no hacen otras. Hemos llegado a desarrollar cosas de lo m\u00e1s descabelladas que, al final, resultaron todo un \u00e9xito.<\/p>\n<p><strong>\u00bf<\/strong><strong>Por qu\u00e9 es tan importante contar con una agencia especializada en PrestaShop?<\/strong><\/p>\n<p>Para las marcas, contar con un aliado especializado siempre es positivo. Una empresa familiarizada con la plataforma, como Redegal, ya se ha golpeado con todos los posibles que surgen del uso diario de la plataforma. Dar\u00e1 mejores soluciones, m\u00e1s estables y mucho m\u00e1s seguras.<\/p>\n<p><strong>\u00bfQu\u00e9 es, a tu juicio, lo mejor de la profesi\u00f3n?, \u00bfc\u00f3mo animar\u00edas a otras personas a dedicarse a este sector? \u00bfqu\u00e9 cualidades son necesarias?<\/strong><\/p>\n<p>Podr\u00eda destacar tantas cosas\u2026 Cada d\u00eda aprendemos cosas nuevas, tanto de desarrollo de <em>back<\/em> como de <em>front<\/em>. Adem\u00e1s, debemos tocar diferentes tecnolog\u00edas y estar a la \u00faltima de las novedades que van surgiendo, ya sean <em>framework<\/em>, librer\u00edas o PC. Pero claro, \u00a1qu\u00e9 voy a decir yo, que me encanta mi trabajo!<\/p>\n<p><strong>Y ya para terminar, \u00bfde qu\u00e9 forma animar\u00edas a otros a dedicarse al mundo del Desarrollo web?<\/strong><\/p>\n<p>La inform\u00e1tica es el presente y es el futuro, las personas son cada vez m\u00e1s conscientes de ello y los \u00edndices de paro en este sector son realmente bajos\u2026 Todo eso hace que cada vez m\u00e1s gente se plantee estudiar Inform\u00e1tica. Adem\u00e1s, lo \u00fanico que realmente imprescindible son las ganas de aprender y de darlo todo cada d\u00eda para que las p\u00e1ginas web, las apps o lo que sea que se realice, salga perfecto: <span style=\"text-decoration: underline;\"><strong>el trabajo de desarrollador es como el de relojero, cada l\u00ednea de c\u00f3digo es un engranaje de un mecanismo que no puede fallar<\/strong><\/span>.<\/p>\n","protected":false},"excerpt":{"rendered":"<p>\u00abLa Nave\u00bb de Madrid acog\u00eda la semana pasada la tercera edici\u00f3n del PrestaShop Day, un evento en el que nos reunimos m\u00e1s de 1.800 profesionales del ecommerce para intercambiar experiencias y unir sinergias con el objetivo de hacer crecer\u00a0nuestro\u00a0negocio online y vuestros ecommerce. Gonzalo, desarrollador de negocio en Madrid; Cristina, programadora; Thamara, maquetadora y Javier, [&hellip;]<\/p>\n","protected":false},"author":6,"featured_media":0,"comment_status":"open","ping_status":"open","sticky":false,"template":"","format":"standard","meta":{"_acf_changed":false,"inline_featured_image":false,"footnotes":""},"categories":[19],"tags":[],"class_list":["post-6112","post","type-post","status-publish","format-standard","hentry","category-ecommerce"],"acf":[],"yoast_head":"<!-- This site is optimized with the Yoast SEO plugin v26.6 - https:\/\/yoast.com\/wordpress\/plugins\/seo\/ -->\n<title>&quot;Para las marcas, contar con un aliado especializado siempre es positivo&quot; - Redegal<\/title>\n<meta name=\"robots\" content=\"index, follow, max-snippet:-1, max-image-preview:large, max-video-preview:-1\" \/>\n<link rel=\"canonical\" href=\"https:\/\/www.redegal.com\/es\/blog\/prestashop-1-7\/\" \/>\n<meta property=\"og:locale\" content=\"es_ES\" \/>\n<meta property=\"og:type\" content=\"article\" \/>\n<meta property=\"og:title\" content=\"&quot;Para las marcas, contar con un aliado especializado siempre es positivo&quot; - Redegal\" \/>\n<meta property=\"og:description\" content=\"\u00abLa Nave\u00bb de Madrid acog\u00eda la semana pasada la tercera edici\u00f3n del PrestaShop Day, un evento en el que nos reunimos m\u00e1s de 1.800 profesionales del ecommerce para intercambiar experiencias y unir sinergias con el objetivo de hacer crecer\u00a0nuestro\u00a0negocio online y vuestros ecommerce. Gonzalo, desarrollador de negocio en Madrid; Cristina, programadora; Thamara, maquetadora y Javier, [&hellip;]\" \/>\n<meta property=\"og:url\" content=\"https:\/\/www.redegal.com\/es\/blog\/prestashop-1-7\/\" \/>\n<meta property=\"og:site_name\" content=\"Redegal\" \/>\n<meta property=\"article:publisher\" content=\"https:\/\/facebook.com\/Redegal\/\" \/>\n<meta property=\"article:published_time\" content=\"2018-04-25T10:19:04+00:00\" \/>\n<meta property=\"article:modified_time\" content=\"2021-11-20T14:08:09+00:00\" \/>\n<meta property=\"og:image\" content=\"https:\/\/redegal.com\/wp-content\/uploads\/2018\/04\/ce1d878b-8a7a-4251-bcac-e766ff574666-768x1024.jpg\" \/>\n<meta name=\"author\" content=\"Comunicacion comunicacion\" \/>\n<meta name=\"twitter:card\" content=\"summary_large_image\" \/>\n<meta name=\"twitter:label1\" content=\"Escrito por\" \/>\n\t<meta name=\"twitter:data1\" content=\"Comunicacion comunicacion\" \/>\n\t<meta name=\"twitter:label2\" content=\"Tiempo de lectura\" \/>\n\t<meta name=\"twitter:data2\" content=\"4 minutos\" \/>\n<script type=\"application\/ld+json\" class=\"yoast-schema-graph\">{\"@context\":\"https:\/\/schema.org\",\"@graph\":[{\"@type\":[\"Article\",\"BlogPosting\"],\"@id\":\"https:\/\/www.redegal.com\/es\/blog\/prestashop-1-7\/#article\",\"isPartOf\":{\"@id\":\"https:\/\/www.redegal.com\/es\/blog\/prestashop-1-7\/\"},\"author\":{\"name\":\"Comunicacion comunicacion\",\"@id\":\"https:\/\/www.redegal.com\/es\/#\/schema\/person\/80b02630c7e733147390f69233710ed5\"},\"headline\":\"\u00abPara las marcas, contar con un aliado especializado siempre es positivo\u00bb\",\"datePublished\":\"2018-04-25T10:19:04+00:00\",\"dateModified\":\"2021-11-20T14:08:09+00:00\",\"mainEntityOfPage\":{\"@id\":\"https:\/\/www.redegal.com\/es\/blog\/prestashop-1-7\/\"},\"wordCount\":890,\"commentCount\":0,\"publisher\":{\"@id\":\"https:\/\/www.redegal.com\/es\/#organization\"},\"image\":{\"@id\":\"https:\/\/www.redegal.com\/es\/blog\/prestashop-1-7\/#primaryimage\"},\"thumbnailUrl\":\"https:\/\/redegal.com\/wp-content\/uploads\/2018\/04\/ce1d878b-8a7a-4251-bcac-e766ff574666-768x1024.jpg\",\"articleSection\":[\"eCommerce\"],\"inLanguage\":\"es\",\"potentialAction\":[{\"@type\":\"CommentAction\",\"name\":\"Comment\",\"target\":[\"https:\/\/www.redegal.com\/es\/blog\/prestashop-1-7\/#respond\"]}]},{\"@type\":\"WebPage\",\"@id\":\"https:\/\/www.redegal.com\/es\/blog\/prestashop-1-7\/\",\"url\":\"https:\/\/www.redegal.com\/es\/blog\/prestashop-1-7\/\",\"name\":\"\\\"Para las marcas, contar con un aliado especializado siempre es positivo\\\" - Redegal\",\"isPartOf\":{\"@id\":\"https:\/\/www.redegal.com\/es\/#website\"},\"primaryImageOfPage\":{\"@id\":\"https:\/\/www.redegal.com\/es\/blog\/prestashop-1-7\/#primaryimage\"},\"image\":{\"@id\":\"https:\/\/www.redegal.com\/es\/blog\/prestashop-1-7\/#primaryimage\"},\"thumbnailUrl\":\"https:\/\/redegal.com\/wp-content\/uploads\/2018\/04\/ce1d878b-8a7a-4251-bcac-e766ff574666-768x1024.jpg\",\"datePublished\":\"2018-04-25T10:19:04+00:00\",\"dateModified\":\"2021-11-20T14:08:09+00:00\",\"breadcrumb\":{\"@id\":\"https:\/\/www.redegal.com\/es\/blog\/prestashop-1-7\/#breadcrumb\"},\"inLanguage\":\"es\",\"potentialAction\":[{\"@type\":\"ReadAction\",\"target\":[\"https:\/\/www.redegal.com\/es\/blog\/prestashop-1-7\/\"]}]},{\"@type\":\"ImageObject\",\"inLanguage\":\"es\",\"@id\":\"https:\/\/www.redegal.com\/es\/blog\/prestashop-1-7\/#primaryimage\",\"url\":\"https:\/\/redegal.com\/wp-content\/uploads\/2018\/04\/ce1d878b-8a7a-4251-bcac-e766ff574666-768x1024.jpg\",\"contentUrl\":\"https:\/\/redegal.com\/wp-content\/uploads\/2018\/04\/ce1d878b-8a7a-4251-bcac-e766ff574666-768x1024.jpg\"},{\"@type\":\"BreadcrumbList\",\"@id\":\"https:\/\/www.redegal.com\/es\/blog\/prestashop-1-7\/#breadcrumb\",\"itemListElement\":[{\"@type\":\"ListItem\",\"position\":1,\"name\":\"Home\",\"item\":\"https:\/\/www.redegal.com\/es\/\"},{\"@type\":\"ListItem\",\"position\":2,\"name\":\"\u00abPara las marcas, contar con un aliado especializado siempre es positivo\u00bb\"}]},{\"@type\":\"WebSite\",\"@id\":\"https:\/\/www.redegal.com\/es\/#website\",\"url\":\"https:\/\/www.redegal.com\/es\/\",\"name\":\"Redegal\",\"description\":\"\",\"publisher\":{\"@id\":\"https:\/\/www.redegal.com\/es\/#organization\"},\"potentialAction\":[{\"@type\":\"SearchAction\",\"target\":{\"@type\":\"EntryPoint\",\"urlTemplate\":\"https:\/\/www.redegal.com\/es\/?s={search_term_string}\"},\"query-input\":{\"@type\":\"PropertyValueSpecification\",\"valueRequired\":true,\"valueName\":\"search_term_string\"}}],\"inLanguage\":\"es\"},{\"@type\":\"Organization\",\"@id\":\"https:\/\/www.redegal.com\/es\/#organization\",\"name\":\"Redegal\",\"url\":\"https:\/\/www.redegal.com\/es\/\",\"logo\":{\"@type\":\"ImageObject\",\"inLanguage\":\"es\",\"@id\":\"https:\/\/www.redegal.com\/es\/#\/schema\/logo\/image\/\",\"url\":\"https:\/\/www.redegal.com\/wp-content\/uploads\/2025\/05\/Logo-Redegal.svg\",\"contentUrl\":\"https:\/\/www.redegal.com\/wp-content\/uploads\/2025\/05\/Logo-Redegal.svg\",\"width\":\"1024\",\"height\":\"1024\",\"caption\":\"Redegal\"},\"image\":{\"@id\":\"https:\/\/www.redegal.com\/es\/#\/schema\/logo\/image\/\"},\"sameAs\":[\"https:\/\/facebook.com\/Redegal\/\",\"https:\/\/www.instagram.com\/_redegal\/\",\"https:\/\/www.linkedin.com\/company\/redegal\/\",\"https:\/\/www.youtube.com\/channel\/UCDXwbtEULPIYV2I1ugDzeUw\",\"https:\/\/x.com\/redegal\"]},{\"@type\":\"Person\",\"@id\":\"https:\/\/www.redegal.com\/es\/#\/schema\/person\/80b02630c7e733147390f69233710ed5\",\"name\":\"Comunicacion comunicacion\",\"image\":{\"@type\":\"ImageObject\",\"inLanguage\":\"es\",\"@id\":\"https:\/\/www.redegal.com\/es\/#\/schema\/person\/image\/\",\"url\":\"https:\/\/secure.gravatar.com\/avatar\/?s=96&d=mm&r=g\",\"contentUrl\":\"https:\/\/secure.gravatar.com\/avatar\/?s=96&d=mm&r=g\",\"caption\":\"Comunicacion comunicacion\"}}]}<\/script>\n<!-- \/ Yoast SEO plugin. -->","yoast_head_json":{"title":"\"Para las marcas, contar con un aliado especializado siempre es positivo\" - Redegal","robots":{"index":"index","follow":"follow","max-snippet":"max-snippet:-1","max-image-preview":"max-image-preview:large","max-video-preview":"max-video-preview:-1"},"canonical":"https:\/\/www.redegal.com\/es\/blog\/prestashop-1-7\/","og_locale":"es_ES","og_type":"article","og_title":"\"Para las marcas, contar con un aliado especializado siempre es positivo\" - Redegal","og_description":"\u00abLa Nave\u00bb de Madrid acog\u00eda la semana pasada la tercera edici\u00f3n del PrestaShop Day, un evento en el que nos reunimos m\u00e1s de 1.800 profesionales del ecommerce para intercambiar experiencias y unir sinergias con el objetivo de hacer crecer\u00a0nuestro\u00a0negocio online y vuestros ecommerce. Gonzalo, desarrollador de negocio en Madrid; Cristina, programadora; Thamara, maquetadora y Javier, [&hellip;]","og_url":"https:\/\/www.redegal.com\/es\/blog\/prestashop-1-7\/","og_site_name":"Redegal","article_publisher":"https:\/\/facebook.com\/Redegal\/","article_published_time":"2018-04-25T10:19:04+00:00","article_modified_time":"2021-11-20T14:08:09+00:00","og_image":[{"url":"https:\/\/redegal.com\/wp-content\/uploads\/2018\/04\/ce1d878b-8a7a-4251-bcac-e766ff574666-768x1024.jpg","type":"","width":"","height":""}],"author":"Comunicacion comunicacion","twitter_card":"summary_large_image","twitter_misc":{"Escrito por":"Comunicacion comunicacion","Tiempo de lectura":"4 minutos"},"schema":{"@context":"https:\/\/schema.org","@graph":[{"@type":["Article","BlogPosting"],"@id":"https:\/\/www.redegal.com\/es\/blog\/prestashop-1-7\/#article","isPartOf":{"@id":"https:\/\/www.redegal.com\/es\/blog\/prestashop-1-7\/"},"author":{"name":"Comunicacion comunicacion","@id":"https:\/\/www.redegal.com\/es\/#\/schema\/person\/80b02630c7e733147390f69233710ed5"},"headline":"\u00abPara las marcas, contar con un aliado especializado siempre es positivo\u00bb","datePublished":"2018-04-25T10:19:04+00:00","dateModified":"2021-11-20T14:08:09+00:00","mainEntityOfPage":{"@id":"https:\/\/www.redegal.com\/es\/blog\/prestashop-1-7\/"},"wordCount":890,"commentCount":0,"publisher":{"@id":"https:\/\/www.redegal.com\/es\/#organization"},"image":{"@id":"https:\/\/www.redegal.com\/es\/blog\/prestashop-1-7\/#primaryimage"},"thumbnailUrl":"https:\/\/redegal.com\/wp-content\/uploads\/2018\/04\/ce1d878b-8a7a-4251-bcac-e766ff574666-768x1024.jpg","articleSection":["eCommerce"],"inLanguage":"es","potentialAction":[{"@type":"CommentAction","name":"Comment","target":["https:\/\/www.redegal.com\/es\/blog\/prestashop-1-7\/#respond"]}]},{"@type":"WebPage","@id":"https:\/\/www.redegal.com\/es\/blog\/prestashop-1-7\/","url":"https:\/\/www.redegal.com\/es\/blog\/prestashop-1-7\/","name":"\"Para las marcas, contar con un aliado especializado siempre es positivo\" - Redegal","isPartOf":{"@id":"https:\/\/www.redegal.com\/es\/#website"},"primaryImageOfPage":{"@id":"https:\/\/www.redegal.com\/es\/blog\/prestashop-1-7\/#primaryimage"},"image":{"@id":"https:\/\/www.redegal.com\/es\/blog\/prestashop-1-7\/#primaryimage"},"thumbnailUrl":"https:\/\/redegal.com\/wp-content\/uploads\/2018\/04\/ce1d878b-8a7a-4251-bcac-e766ff574666-768x1024.jpg","datePublished":"2018-04-25T10:19:04+00:00","dateModified":"2021-11-20T14:08:09+00:00","breadcrumb":{"@id":"https:\/\/www.redegal.com\/es\/blog\/prestashop-1-7\/#breadcrumb"},"inLanguage":"es","potentialAction":[{"@type":"ReadAction","target":["https:\/\/www.redegal.com\/es\/blog\/prestashop-1-7\/"]}]},{"@type":"ImageObject","inLanguage":"es","@id":"https:\/\/www.redegal.com\/es\/blog\/prestashop-1-7\/#primaryimage","url":"https:\/\/redegal.com\/wp-content\/uploads\/2018\/04\/ce1d878b-8a7a-4251-bcac-e766ff574666-768x1024.jpg","contentUrl":"https:\/\/redegal.com\/wp-content\/uploads\/2018\/04\/ce1d878b-8a7a-4251-bcac-e766ff574666-768x1024.jpg"},{"@type":"BreadcrumbList","@id":"https:\/\/www.redegal.com\/es\/blog\/prestashop-1-7\/#breadcrumb","itemListElement":[{"@type":"ListItem","position":1,"name":"Home","item":"https:\/\/www.redegal.com\/es\/"},{"@type":"ListItem","position":2,"name":"\u00abPara las marcas, contar con un aliado especializado siempre es positivo\u00bb"}]},{"@type":"WebSite","@id":"https:\/\/www.redegal.com\/es\/#website","url":"https:\/\/www.redegal.com\/es\/","name":"Redegal","description":"","publisher":{"@id":"https:\/\/www.redegal.com\/es\/#organization"},"potentialAction":[{"@type":"SearchAction","target":{"@type":"EntryPoint","urlTemplate":"https:\/\/www.redegal.com\/es\/?s={search_term_string}"},"query-input":{"@type":"PropertyValueSpecification","valueRequired":true,"valueName":"search_term_string"}}],"inLanguage":"es"},{"@type":"Organization","@id":"https:\/\/www.redegal.com\/es\/#organization","name":"Redegal","url":"https:\/\/www.redegal.com\/es\/","logo":{"@type":"ImageObject","inLanguage":"es","@id":"https:\/\/www.redegal.com\/es\/#\/schema\/logo\/image\/","url":"https:\/\/www.redegal.com\/wp-content\/uploads\/2025\/05\/Logo-Redegal.svg","contentUrl":"https:\/\/www.redegal.com\/wp-content\/uploads\/2025\/05\/Logo-Redegal.svg","width":"1024","height":"1024","caption":"Redegal"},"image":{"@id":"https:\/\/www.redegal.com\/es\/#\/schema\/logo\/image\/"},"sameAs":["https:\/\/facebook.com\/Redegal\/","https:\/\/www.instagram.com\/_redegal\/","https:\/\/www.linkedin.com\/company\/redegal\/","https:\/\/www.youtube.com\/channel\/UCDXwbtEULPIYV2I1ugDzeUw","https:\/\/x.com\/redegal"]},{"@type":"Person","@id":"https:\/\/www.redegal.com\/es\/#\/schema\/person\/80b02630c7e733147390f69233710ed5","name":"Comunicacion comunicacion","image":{"@type":"ImageObject","inLanguage":"es","@id":"https:\/\/www.redegal.com\/es\/#\/schema\/person\/image\/","url":"https:\/\/secure.gravatar.com\/avatar\/?s=96&d=mm&r=g","contentUrl":"https:\/\/secure.gravatar.com\/avatar\/?s=96&d=mm&r=g","caption":"Comunicacion comunicacion"}}]}},"_links":{"self":[{"href":"https:\/\/www.redegal.com\/es\/wp-json\/wp\/v2\/posts\/6112","targetHints":{"allow":["GET"]}}],"collection":[{"href":"https:\/\/www.redegal.com\/es\/wp-json\/wp\/v2\/posts"}],"about":[{"href":"https:\/\/www.redegal.com\/es\/wp-json\/wp\/v2\/types\/post"}],"author":[{"embeddable":true,"href":"https:\/\/www.redegal.com\/es\/wp-json\/wp\/v2\/users\/6"}],"replies":[{"embeddable":true,"href":"https:\/\/www.redegal.com\/es\/wp-json\/wp\/v2\/comments?post=6112"}],"version-history":[{"count":0,"href":"https:\/\/www.redegal.com\/es\/wp-json\/wp\/v2\/posts\/6112\/revisions"}],"wp:attachment":[{"href":"https:\/\/www.redegal.com\/es\/wp-json\/wp\/v2\/media?parent=6112"}],"wp:term":[{"taxonomy":"category","embeddable":true,"href":"https:\/\/www.redegal.com\/es\/wp-json\/wp\/v2\/categories?post=6112"},{"taxonomy":"post_tag","embeddable":true,"href":"https:\/\/www.redegal.com\/es\/wp-json\/wp\/v2\/tags?post=6112"}],"curies":[{"name":"wp","href":"https:\/\/api.w.org\/{rel}","templated":true}]}}