{"id":5410,"date":"2017-07-20T09:08:13","date_gmt":"2017-07-20T09:08:13","guid":{"rendered":"https:\/\/www.redegal.com\/?p=5410"},"modified":"2023-03-09T11:13:13","modified_gmt":"2023-03-09T10:13:13","slug":"marketing-contenidos-periodismo","status":"publish","type":"post","link":"https:\/\/www.redegal.com\/es\/blog\/marketing-contenidos-periodismo\/","title":{"rendered":"Periodismo y marketing de contenidos"},"content":{"rendered":"<p style=\"text-align: justify;\">Hoy m\u00e1s que nunca <strong>el contenido es el rey<\/strong> y el protagonista de Internet,\u00a0por eso el c<em>ontent marketing<\/em> (marketing de contenidos) \u2013una t\u00e9cnica que forma parte del <em>inbount marketing\u2013, <\/em>se presenta como\u00a0una parte imprescindible en la estrategia de las empresas que tienen entre sus objetivos lograr un buen posicionamiento de marca y una buena reputaci\u00f3n online.<\/p>\n<p style=\"text-align: justify;\">La importancia de los\u00a0<strong>art\u00edculos patrocinados<\/strong>\u00a0para ocupar los primeros puestos en los buscadores, las\u00a0<strong>notas de prensa<\/strong>\u00a0optimizadas, los\u00a0<strong>posts<\/strong>\u00a0de un <a href=\"https:\/\/www.redegal.com\/es\/blog\/beneficios-blog-corporativo\/\">blog corporativo<\/a> o los contenidos que difundimos en las\u00a0<strong>redes sociales<\/strong>\u00a0de nuestra empresa son, por tanto, aspectos a tener muy en cuenta cuando una marca busca hacerse hueco en el mundo digital. De este modo, darse a conocer, crear una imagen de marca, aumentar las visitas a su web y, por tanto, las ventas en su tienda online se convierte una tarea m\u00e1s sencilla.<\/p>\n<h2 style=\"text-align: justify;\"><strong>Ventajas del <em>content marketing<\/em><\/strong><\/h2>\n<p style=\"text-align: justify;\">Los <strong>beneficios<\/strong> que reportar\u00e1 a nuestra marca llevar a cabo una buena estrategia de contenidos en Internet pueden resumirse en cinco:<\/p>\n<ul style=\"text-align: justify;\">\n<li>Crear y asentar en el p\u00fablico la imagen de nuestra marca<\/li>\n<li>Mejorar el posicionamiento en buscadores<\/li>\n<li>Diferenciarnos ante la competencia y lograr un estilo comunicativo propio<\/li>\n<li>Aumentar nuestra credibilidad, naturalidad, y, por tanto, ganarnos la confianza del p\u00fablico.<\/li>\n<li>Fidelizar al cliente aport\u00e1ndole contenidos de calidad que le entretengan, le interesen y le sean \u00fatiles.<\/li>\n<\/ul>\n<p style=\"text-align: justify;\">Pero, para lograr nuestros objetivos y aprovecharnos de las ventajas que acabamos de comentar, \u00bfsobre qui\u00e9n debe recaer la gesti\u00f3n del <em>content marketing<\/em>? Est\u00e1 claro: sobre los <strong>periodistas y profesionales de la informaci\u00f3n<\/strong> especializados en comunicaci\u00f3n digital.<\/p>\n<h2 style=\"text-align: justify;\"><strong>Periodistas expertos: los m\u00e1s preparados<\/strong><\/h2>\n<p style=\"text-align: justify;\">Nadie conoce a los lectores tanto como un periodista. Ellos saben qu\u00e9 interesa, c\u00f3mo contarlo y cu\u00e1ndo hacerlo. Adem\u00e1s, por su naturaleza curiosa e investigadora y sus dotes de redacci\u00f3n, son capaces de explicar temas y <strong>contar historias<\/strong> como ning\u00fan otro profesional podr\u00eda hacerlo.<\/p>\n<p style=\"text-align: justify;\">Con todo, para lograr los objetivos de la marca, resulta imprescindible que el periodista conozca muy bien el <strong>\u00e1rea<\/strong> al que esta pertenece, las caracter\u00edsticas del <strong>p\u00fablico<\/strong> y, por encima de todo, c\u00f3mo funciona el <strong>entorno digital<\/strong> y las herramientas de la red.<\/p>\n<p style=\"text-align: justify;\">Escribir para un medio generalista no es lo mismo que hacerlo para uno especializado. Tampoco requiere la misma formaci\u00f3n y el mismo <em>background <\/em>redactar un art\u00edculo sobre tecnolog\u00eda que otro sobre econom\u00eda o cultura. Y la forma de hacerlo ser\u00e1 muy diferente si nos dirigimos a empresarios del sector o a personas interesadas en el tema. Pero los periodistas conocen todas estas realidades, a las que ha tenido que adaptarse con el tiempo, por lo que nadie mejor que \u00e9l para confiarle la estrategia de contenidos de nuestra marca.<\/p>\n<p style=\"text-align: justify;\">Pero lo m\u00e1s importante es que el profesional de la informaci\u00f3n est\u00e9 familiarizado con las diversas t\u00e9cnicas que se aplican en marketing digital para sacar el m\u00e1ximo partido a sus textos. No basta con conocer al p\u00fablico, tener claros los objetivos de la marca o escribir correctamente. Es imprescindible aplicar t\u00e9cnicas que permitir\u00e1n que los contenidos lleguen al mayor n\u00famero de personas y se posicionen en los primeros resultados de los buscadores, entre otras cosas.<\/p>\n<p style=\"text-align: justify;\">En definitiva: la persona que mejor ejecutar\u00e1 la estrategia de contenidos de nuestra marca debe, sin duda, ser un <strong>profesional de la informaci\u00f3n<\/strong>, pero tambi\u00e9n debe ser un <strong>profesional del marketing digital<\/strong>. Solo la sinergia de ambas disciplinas dar\u00e1n el mejor resultado.<\/p>\n<p style=\"text-align: justify;\">Si lo que buscas es mejorar tu imagen de marca, posicionamiento online, diferenciarte de la competencia y ganarte la confianza del p\u00fablico, el <em>content marketing<\/em> es la soluci\u00f3n del momento. En Redegal contamos en nuestro equipo de <a href=\"https:\/\/www.redegal.com\/es\/servicios\/estrategia-de-contenidos\/\">social media<\/a> con\u00a0 periodistas especializados en comunicaci\u00f3n online que sabr\u00e1n c\u00f3mo ayudarte a conseguir tu objetivo. \u00a1Cons\u00faltanos y estaremos encantados de ayudarte!<\/p>\n<p><!--more--><\/p>\n","protected":false},"excerpt":{"rendered":"<p>Hoy m\u00e1s que nunca el contenido es el rey y el protagonista de Internet,\u00a0por eso el content marketing (marketing de contenidos) \u2013una t\u00e9cnica que forma parte del inbount marketing\u2013, se presenta como\u00a0una parte imprescindible en la estrategia de las empresas que tienen entre sus objetivos lograr un buen posicionamiento de marca y una buena reputaci\u00f3n [&hellip;]<\/p>\n","protected":false},"author":6,"featured_media":0,"comment_status":"open","ping_status":"open","sticky":false,"template":"","format":"standard","meta":{"_acf_changed":false,"inline_featured_image":false,"footnotes":""},"categories":[28],"tags":[],"class_list":["post-5410","post","type-post","status-publish","format-standard","hentry","category-social-media"],"acf":[],"yoast_head":"<!-- This site is optimized with the Yoast SEO plugin v26.6 - https:\/\/yoast.com\/wordpress\/plugins\/seo\/ -->\n<title>Periodismo y marketing de contenidos - Redegal<\/title>\n<meta name=\"robots\" content=\"index, follow, max-snippet:-1, max-image-preview:large, max-video-preview:-1\" \/>\n<link rel=\"canonical\" href=\"https:\/\/www.redegal.com\/es\/blog\/marketing-contenidos-periodismo\/\" \/>\n<meta property=\"og:locale\" content=\"es_ES\" \/>\n<meta property=\"og:type\" content=\"article\" \/>\n<meta property=\"og:title\" content=\"Periodismo y marketing de contenidos - Redegal\" \/>\n<meta property=\"og:description\" content=\"Hoy m\u00e1s que nunca el contenido es el rey y el protagonista de Internet,\u00a0por eso el content marketing (marketing de contenidos) \u2013una t\u00e9cnica que forma parte del inbount marketing\u2013, se presenta como\u00a0una parte imprescindible en la estrategia de las empresas que tienen entre sus objetivos lograr un buen posicionamiento de marca y una buena reputaci\u00f3n [&hellip;]\" \/>\n<meta property=\"og:url\" content=\"https:\/\/www.redegal.com\/es\/blog\/marketing-contenidos-periodismo\/\" \/>\n<meta property=\"og:site_name\" content=\"Redegal\" \/>\n<meta property=\"article:publisher\" content=\"https:\/\/facebook.com\/Redegal\/\" \/>\n<meta property=\"article:published_time\" content=\"2017-07-20T09:08:13+00:00\" \/>\n<meta property=\"article:modified_time\" content=\"2023-03-09T10:13:13+00:00\" \/>\n<meta property=\"og:image\" content=\"https:\/\/www.redegal.com\/wp-content\/uploads\/2021\/11\/Redegal-Social-Thumb.jpg\" \/>\n\t<meta property=\"og:image:width\" content=\"1200\" \/>\n\t<meta property=\"og:image:height\" content=\"600\" \/>\n\t<meta property=\"og:image:type\" content=\"image\/jpeg\" \/>\n<meta name=\"author\" content=\"Comunicacion comunicacion\" \/>\n<meta name=\"twitter:card\" content=\"summary_large_image\" \/>\n<meta name=\"twitter:label1\" content=\"Escrito por\" \/>\n\t<meta name=\"twitter:data1\" content=\"Comunicacion comunicacion\" \/>\n\t<meta name=\"twitter:label2\" content=\"Tiempo de lectura\" \/>\n\t<meta name=\"twitter:data2\" content=\"3 minutos\" \/>\n<script type=\"application\/ld+json\" class=\"yoast-schema-graph\">{\"@context\":\"https:\/\/schema.org\",\"@graph\":[{\"@type\":[\"Article\",\"BlogPosting\"],\"@id\":\"https:\/\/www.redegal.com\/es\/blog\/marketing-contenidos-periodismo\/#article\",\"isPartOf\":{\"@id\":\"https:\/\/www.redegal.com\/es\/blog\/marketing-contenidos-periodismo\/\"},\"author\":{\"name\":\"Comunicacion comunicacion\",\"@id\":\"https:\/\/www.redegal.com\/es\/#\/schema\/person\/80b02630c7e733147390f69233710ed5\"},\"headline\":\"Periodismo y marketing de contenidos\",\"datePublished\":\"2017-07-20T09:08:13+00:00\",\"dateModified\":\"2023-03-09T10:13:13+00:00\",\"mainEntityOfPage\":{\"@id\":\"https:\/\/www.redegal.com\/es\/blog\/marketing-contenidos-periodismo\/\"},\"wordCount\":667,\"commentCount\":0,\"publisher\":{\"@id\":\"https:\/\/www.redegal.com\/es\/#organization\"},\"articleSection\":[\"Social Media\"],\"inLanguage\":\"es\",\"potentialAction\":[{\"@type\":\"CommentAction\",\"name\":\"Comment\",\"target\":[\"https:\/\/www.redegal.com\/es\/blog\/marketing-contenidos-periodismo\/#respond\"]}]},{\"@type\":\"WebPage\",\"@id\":\"https:\/\/www.redegal.com\/es\/blog\/marketing-contenidos-periodismo\/\",\"url\":\"https:\/\/www.redegal.com\/es\/blog\/marketing-contenidos-periodismo\/\",\"name\":\"Periodismo y marketing de contenidos - Redegal\",\"isPartOf\":{\"@id\":\"https:\/\/www.redegal.com\/es\/#website\"},\"datePublished\":\"2017-07-20T09:08:13+00:00\",\"dateModified\":\"2023-03-09T10:13:13+00:00\",\"breadcrumb\":{\"@id\":\"https:\/\/www.redegal.com\/es\/blog\/marketing-contenidos-periodismo\/#breadcrumb\"},\"inLanguage\":\"es\",\"potentialAction\":[{\"@type\":\"ReadAction\",\"target\":[\"https:\/\/www.redegal.com\/es\/blog\/marketing-contenidos-periodismo\/\"]}]},{\"@type\":\"BreadcrumbList\",\"@id\":\"https:\/\/www.redegal.com\/es\/blog\/marketing-contenidos-periodismo\/#breadcrumb\",\"itemListElement\":[{\"@type\":\"ListItem\",\"position\":1,\"name\":\"Home\",\"item\":\"https:\/\/www.redegal.com\/es\/\"},{\"@type\":\"ListItem\",\"position\":2,\"name\":\"Periodismo y marketing de contenidos\"}]},{\"@type\":\"WebSite\",\"@id\":\"https:\/\/www.redegal.com\/es\/#website\",\"url\":\"https:\/\/www.redegal.com\/es\/\",\"name\":\"Redegal\",\"description\":\"\",\"publisher\":{\"@id\":\"https:\/\/www.redegal.com\/es\/#organization\"},\"potentialAction\":[{\"@type\":\"SearchAction\",\"target\":{\"@type\":\"EntryPoint\",\"urlTemplate\":\"https:\/\/www.redegal.com\/es\/?s={search_term_string}\"},\"query-input\":{\"@type\":\"PropertyValueSpecification\",\"valueRequired\":true,\"valueName\":\"search_term_string\"}}],\"inLanguage\":\"es\"},{\"@type\":\"Organization\",\"@id\":\"https:\/\/www.redegal.com\/es\/#organization\",\"name\":\"Redegal\",\"url\":\"https:\/\/www.redegal.com\/es\/\",\"logo\":{\"@type\":\"ImageObject\",\"inLanguage\":\"es\",\"@id\":\"https:\/\/www.redegal.com\/es\/#\/schema\/logo\/image\/\",\"url\":\"https:\/\/www.redegal.com\/wp-content\/uploads\/2025\/05\/Logo-Redegal.svg\",\"contentUrl\":\"https:\/\/www.redegal.com\/wp-content\/uploads\/2025\/05\/Logo-Redegal.svg\",\"width\":\"1024\",\"height\":\"1024\",\"caption\":\"Redegal\"},\"image\":{\"@id\":\"https:\/\/www.redegal.com\/es\/#\/schema\/logo\/image\/\"},\"sameAs\":[\"https:\/\/facebook.com\/Redegal\/\",\"https:\/\/www.instagram.com\/_redegal\/\",\"https:\/\/www.linkedin.com\/company\/redegal\/\",\"https:\/\/www.youtube.com\/channel\/UCDXwbtEULPIYV2I1ugDzeUw\",\"https:\/\/x.com\/redegal\"]},{\"@type\":\"Person\",\"@id\":\"https:\/\/www.redegal.com\/es\/#\/schema\/person\/80b02630c7e733147390f69233710ed5\",\"name\":\"Comunicacion comunicacion\",\"image\":{\"@type\":\"ImageObject\",\"inLanguage\":\"es\",\"@id\":\"https:\/\/www.redegal.com\/es\/#\/schema\/person\/image\/\",\"url\":\"https:\/\/secure.gravatar.com\/avatar\/?s=96&d=mm&r=g\",\"contentUrl\":\"https:\/\/secure.gravatar.com\/avatar\/?s=96&d=mm&r=g\",\"caption\":\"Comunicacion comunicacion\"}}]}<\/script>\n<!-- \/ Yoast SEO plugin. -->","yoast_head_json":{"title":"Periodismo y marketing de contenidos - Redegal","robots":{"index":"index","follow":"follow","max-snippet":"max-snippet:-1","max-image-preview":"max-image-preview:large","max-video-preview":"max-video-preview:-1"},"canonical":"https:\/\/www.redegal.com\/es\/blog\/marketing-contenidos-periodismo\/","og_locale":"es_ES","og_type":"article","og_title":"Periodismo y marketing de contenidos - Redegal","og_description":"Hoy m\u00e1s que nunca el contenido es el rey y el protagonista de Internet,\u00a0por eso el content marketing (marketing de contenidos) \u2013una t\u00e9cnica que forma parte del inbount marketing\u2013, se presenta como\u00a0una parte imprescindible en la estrategia de las empresas que tienen entre sus objetivos lograr un buen posicionamiento de marca y una buena reputaci\u00f3n [&hellip;]","og_url":"https:\/\/www.redegal.com\/es\/blog\/marketing-contenidos-periodismo\/","og_site_name":"Redegal","article_publisher":"https:\/\/facebook.com\/Redegal\/","article_published_time":"2017-07-20T09:08:13+00:00","article_modified_time":"2023-03-09T10:13:13+00:00","og_image":[{"width":1200,"height":600,"url":"https:\/\/www.redegal.com\/wp-content\/uploads\/2021\/11\/Redegal-Social-Thumb.jpg","type":"image\/jpeg"}],"author":"Comunicacion comunicacion","twitter_card":"summary_large_image","twitter_misc":{"Escrito por":"Comunicacion comunicacion","Tiempo de lectura":"3 minutos"},"schema":{"@context":"https:\/\/schema.org","@graph":[{"@type":["Article","BlogPosting"],"@id":"https:\/\/www.redegal.com\/es\/blog\/marketing-contenidos-periodismo\/#article","isPartOf":{"@id":"https:\/\/www.redegal.com\/es\/blog\/marketing-contenidos-periodismo\/"},"author":{"name":"Comunicacion comunicacion","@id":"https:\/\/www.redegal.com\/es\/#\/schema\/person\/80b02630c7e733147390f69233710ed5"},"headline":"Periodismo y marketing de contenidos","datePublished":"2017-07-20T09:08:13+00:00","dateModified":"2023-03-09T10:13:13+00:00","mainEntityOfPage":{"@id":"https:\/\/www.redegal.com\/es\/blog\/marketing-contenidos-periodismo\/"},"wordCount":667,"commentCount":0,"publisher":{"@id":"https:\/\/www.redegal.com\/es\/#organization"},"articleSection":["Social Media"],"inLanguage":"es","potentialAction":[{"@type":"CommentAction","name":"Comment","target":["https:\/\/www.redegal.com\/es\/blog\/marketing-contenidos-periodismo\/#respond"]}]},{"@type":"WebPage","@id":"https:\/\/www.redegal.com\/es\/blog\/marketing-contenidos-periodismo\/","url":"https:\/\/www.redegal.com\/es\/blog\/marketing-contenidos-periodismo\/","name":"Periodismo y marketing de contenidos - Redegal","isPartOf":{"@id":"https:\/\/www.redegal.com\/es\/#website"},"datePublished":"2017-07-20T09:08:13+00:00","dateModified":"2023-03-09T10:13:13+00:00","breadcrumb":{"@id":"https:\/\/www.redegal.com\/es\/blog\/marketing-contenidos-periodismo\/#breadcrumb"},"inLanguage":"es","potentialAction":[{"@type":"ReadAction","target":["https:\/\/www.redegal.com\/es\/blog\/marketing-contenidos-periodismo\/"]}]},{"@type":"BreadcrumbList","@id":"https:\/\/www.redegal.com\/es\/blog\/marketing-contenidos-periodismo\/#breadcrumb","itemListElement":[{"@type":"ListItem","position":1,"name":"Home","item":"https:\/\/www.redegal.com\/es\/"},{"@type":"ListItem","position":2,"name":"Periodismo y marketing de contenidos"}]},{"@type":"WebSite","@id":"https:\/\/www.redegal.com\/es\/#website","url":"https:\/\/www.redegal.com\/es\/","name":"Redegal","description":"","publisher":{"@id":"https:\/\/www.redegal.com\/es\/#organization"},"potentialAction":[{"@type":"SearchAction","target":{"@type":"EntryPoint","urlTemplate":"https:\/\/www.redegal.com\/es\/?s={search_term_string}"},"query-input":{"@type":"PropertyValueSpecification","valueRequired":true,"valueName":"search_term_string"}}],"inLanguage":"es"},{"@type":"Organization","@id":"https:\/\/www.redegal.com\/es\/#organization","name":"Redegal","url":"https:\/\/www.redegal.com\/es\/","logo":{"@type":"ImageObject","inLanguage":"es","@id":"https:\/\/www.redegal.com\/es\/#\/schema\/logo\/image\/","url":"https:\/\/www.redegal.com\/wp-content\/uploads\/2025\/05\/Logo-Redegal.svg","contentUrl":"https:\/\/www.redegal.com\/wp-content\/uploads\/2025\/05\/Logo-Redegal.svg","width":"1024","height":"1024","caption":"Redegal"},"image":{"@id":"https:\/\/www.redegal.com\/es\/#\/schema\/logo\/image\/"},"sameAs":["https:\/\/facebook.com\/Redegal\/","https:\/\/www.instagram.com\/_redegal\/","https:\/\/www.linkedin.com\/company\/redegal\/","https:\/\/www.youtube.com\/channel\/UCDXwbtEULPIYV2I1ugDzeUw","https:\/\/x.com\/redegal"]},{"@type":"Person","@id":"https:\/\/www.redegal.com\/es\/#\/schema\/person\/80b02630c7e733147390f69233710ed5","name":"Comunicacion comunicacion","image":{"@type":"ImageObject","inLanguage":"es","@id":"https:\/\/www.redegal.com\/es\/#\/schema\/person\/image\/","url":"https:\/\/secure.gravatar.com\/avatar\/?s=96&d=mm&r=g","contentUrl":"https:\/\/secure.gravatar.com\/avatar\/?s=96&d=mm&r=g","caption":"Comunicacion comunicacion"}}]}},"_links":{"self":[{"href":"https:\/\/www.redegal.com\/es\/wp-json\/wp\/v2\/posts\/5410","targetHints":{"allow":["GET"]}}],"collection":[{"href":"https:\/\/www.redegal.com\/es\/wp-json\/wp\/v2\/posts"}],"about":[{"href":"https:\/\/www.redegal.com\/es\/wp-json\/wp\/v2\/types\/post"}],"author":[{"embeddable":true,"href":"https:\/\/www.redegal.com\/es\/wp-json\/wp\/v2\/users\/6"}],"replies":[{"embeddable":true,"href":"https:\/\/www.redegal.com\/es\/wp-json\/wp\/v2\/comments?post=5410"}],"version-history":[{"count":0,"href":"https:\/\/www.redegal.com\/es\/wp-json\/wp\/v2\/posts\/5410\/revisions"}],"wp:attachment":[{"href":"https:\/\/www.redegal.com\/es\/wp-json\/wp\/v2\/media?parent=5410"}],"wp:term":[{"taxonomy":"category","embeddable":true,"href":"https:\/\/www.redegal.com\/es\/wp-json\/wp\/v2\/categories?post=5410"},{"taxonomy":"post_tag","embeddable":true,"href":"https:\/\/www.redegal.com\/es\/wp-json\/wp\/v2\/tags?post=5410"}],"curies":[{"name":"wp","href":"https:\/\/api.w.org\/{rel}","templated":true}]}}