{"id":5042,"date":"2016-12-20T09:54:15","date_gmt":"2016-12-20T09:54:15","guid":{"rendered":"https:\/\/www.redegal.com\/?p=5042"},"modified":"2021-12-13T14:06:55","modified_gmt":"2021-12-13T13:06:55","slug":"queremos-celebrarlo-contigo","status":"publish","type":"post","link":"https:\/\/www.redegal.com\/es\/blog\/queremos-celebrarlo-contigo\/","title":{"rendered":"\u00a1Queremos celebrarlo contigo!"},"content":{"rendered":"<p style=\"text-align: justify;\">Con la Navidad a la vuelta de la esquina y despidi\u00e9ndonos del 2016, queremos compartir con todos vosotros lo que ha significado para Redegal el a\u00f1o que ya se termina.<\/p>\n<p style=\"text-align: justify;\">2016 ha sido generoso con nosotros. <strong>Ha sido un a\u00f1o de crecimiento, cargado de retos y nuevos proyectos<\/strong>. Pero, sobre todo, ha sido un a\u00f1o de trabajo en equipo, ambici\u00f3n, esfuerzo y constancia.<\/p>\n<p style=\"text-align: justify;\">Desde 2015, <strong>nuestra plantilla ha crecido en un 40%<\/strong>, nuestra cartera de clientes no ha dejado de aumentar y no nos conformamos con el mercado espa\u00f1ol, mexicano y colombiano, queremos ir m\u00e1s all\u00e1. Por eso, entre nuestros nuevos proyectos se encuentran la apertura de delegaci\u00f3n de <strong>Miami<\/strong> y la continuaci\u00f3n del proceso de internacionalizaci\u00f3n en Am\u00e9rica Latina (<strong>Chile, Panam\u00e1 y Per\u00fa<\/strong>) tal y como recog\u00eda el pasado 3 de noviembre el diario Expansi\u00f3n.<\/p>\n<p style=\"text-align: justify;\">Pero no todo queda ah\u00ed. En este \u00faltimo a\u00f1o tambi\u00e9n celebramos nuestros primeros <a href=\"https:\/\/www.redegal.com\/es\/blog\/seo-desayunosredegal\/?utm_source=facebook.com&amp;utm_campaign=Social%20Media%20Marketing&amp;utm_medium=referral&amp;utm_content=fb-desayunos-seo\">#DesayunosRedegal<\/a> en Madrid, el evento de Google Partners en las oficinas de Ourense y, m\u00e1s recientemente, establecimos una alianza estrat\u00e9gica con el grupo empresarial <a href=\"http:\/\/www.coren.es\/\">Coren<\/a>. Adem\u00e1s, acudimos a decenas de <strong>conferencias, ferias y congresos<\/strong>, en ocasiones como ponentes y en otras a aprender de los m\u00e1s grandes. Por poner algunos ejemplos: <a href=\"https:\/\/www.redegal.com\/es\/blog\/redegal-en-el-digital-marketing-day\/\">Digital Marketing Day<\/a>, Futurizz, <a href=\"https:\/\/www.redegal.com\/es\/blog\/acudimos-meet-magento-mayor-evento-plataforma-ecommerce-europa\/\">Meet Magento<\/a>, eShow M\u00e9xico, FbStart M\u00e9xico o el <a href=\"https:\/\/www.redegal.com\/es\/blog\/encuentro-gigantes-mexico\/\">Encuentro de expertos en marketing y ecommerce de M\u00e9xico<\/a>, en el que nuestro CEO global, Jorge V\u00e1zquez, dio una <a href=\"https:\/\/www.redegal.com\/es\/blog\/estrategia-seo-2017\/\">ponencia sobre SEO.<\/a><\/p>\n<p style=\"text-align: justify;\">Al final, como suele decirse (nosotros podemos comprobarlo), todo esfuerzo tiene su recompensa: nos han premiado como <a href=\"https:\/\/www.redegal.com\/es\/blog\/somos-unos-de-los-ganadores-eawards-2016\/\"><strong>Mejor Agencia Digital de Captaci\u00f3n de Tr\u00e1fico de M\u00e9xico en 2016<\/strong><\/a>, viajamos hasta Silicon Valley luego de haber sido galardonados por Google, \u00a1y hasta aparecimos en la revista <a href=\"http:\/\/www.forbes.com.mx\/brand-voice\/mundo-estar-digital-vendas-no-internet\/\">Forbes M\u00e9xico<\/a>!<\/p>\n<p style=\"text-align: justify;\">\u00bfLa clave? Trabajar duro y formarse continuamente, Y, por supuesto, las ganas y la ilusi\u00f3n. Siempre con el mismo objetivo: dar la mejor soluci\u00f3n al cliente.<\/p>\n<p style=\"text-align: justify;\">Queremos aprovechar para dar las gracias a todas las personas que nos han acompa\u00f1ado y acompa\u00f1an en esta aventura y para desearos una Feliz Navidad y un 2017 lleno de oportunidades, retos e ilusi\u00f3n con un villancico compuesto por <a href=\"http:\/\/victorgrande.com\/\">V\u00edctor Grande<\/a> para Redegal y un v\u00eddeo en el que han colaborado desde nuestras diferentes oficinas.<\/p>\n<p style=\"text-align: justify;\">\u00a1Feliz Navidad!<\/p>\n<p><iframe title=\"\u00a1Queremos celebrarlo contigo!\" width=\"640\" height=\"360\" src=\"https:\/\/www.youtube.com\/embed\/BPWt0xytriA?feature=oembed\" frameborder=\"0\" allow=\"accelerometer; autoplay; clipboard-write; encrypted-media; gyroscope; picture-in-picture; web-share\" referrerpolicy=\"strict-origin-when-cross-origin\" allowfullscreen><\/iframe><\/p>\n","protected":false},"excerpt":{"rendered":"<p>Con la Navidad a la vuelta de la esquina y despidi\u00e9ndonos del 2016, queremos compartir con todos vosotros lo que ha significado para Redegal el a\u00f1o que ya se termina. 2016 ha sido generoso con nosotros. Ha sido un a\u00f1o de crecimiento, cargado de retos y nuevos proyectos. Pero, sobre todo, ha sido un a\u00f1o [&hellip;]<\/p>\n","protected":false},"author":6,"featured_media":0,"comment_status":"open","ping_status":"open","sticky":false,"template":"","format":"standard","meta":{"_acf_changed":false,"inline_featured_image":false,"footnotes":""},"categories":[24],"tags":[],"class_list":["post-5042","post","type-post","status-publish","format-standard","hentry","category-redegal"],"acf":[],"yoast_head":"<!-- This site is optimized with the Yoast SEO plugin v26.6 - https:\/\/yoast.com\/wordpress\/plugins\/seo\/ -->\n<title>\u00a1Queremos celebrarlo contigo! - Redegal<\/title>\n<meta name=\"robots\" content=\"index, follow, max-snippet:-1, max-image-preview:large, max-video-preview:-1\" \/>\n<link rel=\"canonical\" href=\"https:\/\/www.redegal.com\/es\/blog\/queremos-celebrarlo-contigo\/\" \/>\n<meta property=\"og:locale\" content=\"es_ES\" \/>\n<meta property=\"og:type\" content=\"article\" \/>\n<meta property=\"og:title\" content=\"\u00a1Queremos celebrarlo contigo! - Redegal\" \/>\n<meta property=\"og:description\" content=\"Con la Navidad a la vuelta de la esquina y despidi\u00e9ndonos del 2016, queremos compartir con todos vosotros lo que ha significado para Redegal el a\u00f1o que ya se termina. 2016 ha sido generoso con nosotros. Ha sido un a\u00f1o de crecimiento, cargado de retos y nuevos proyectos. Pero, sobre todo, ha sido un a\u00f1o [&hellip;]\" \/>\n<meta property=\"og:url\" content=\"https:\/\/www.redegal.com\/es\/blog\/queremos-celebrarlo-contigo\/\" \/>\n<meta property=\"og:site_name\" content=\"Redegal\" \/>\n<meta property=\"article:publisher\" content=\"https:\/\/facebook.com\/Redegal\/\" \/>\n<meta property=\"article:published_time\" content=\"2016-12-20T09:54:15+00:00\" \/>\n<meta property=\"article:modified_time\" content=\"2021-12-13T13:06:55+00:00\" \/>\n<meta property=\"og:image\" content=\"https:\/\/www.redegal.com\/wp-content\/uploads\/2021\/11\/Redegal-Social-Thumb.jpg\" \/>\n\t<meta property=\"og:image:width\" content=\"1200\" \/>\n\t<meta property=\"og:image:height\" content=\"600\" \/>\n\t<meta property=\"og:image:type\" content=\"image\/jpeg\" \/>\n<meta name=\"author\" content=\"Comunicacion comunicacion\" \/>\n<meta name=\"twitter:card\" content=\"summary_large_image\" \/>\n<meta name=\"twitter:label1\" content=\"Escrito por\" \/>\n\t<meta name=\"twitter:data1\" content=\"Comunicacion comunicacion\" \/>\n\t<meta name=\"twitter:label2\" content=\"Tiempo de lectura\" \/>\n\t<meta name=\"twitter:data2\" content=\"2 minutos\" \/>\n<script type=\"application\/ld+json\" class=\"yoast-schema-graph\">{\"@context\":\"https:\/\/schema.org\",\"@graph\":[{\"@type\":[\"Article\",\"BlogPosting\"],\"@id\":\"https:\/\/www.redegal.com\/es\/blog\/queremos-celebrarlo-contigo\/#article\",\"isPartOf\":{\"@id\":\"https:\/\/www.redegal.com\/es\/blog\/queremos-celebrarlo-contigo\/\"},\"author\":{\"name\":\"Comunicacion comunicacion\",\"@id\":\"https:\/\/www.redegal.com\/es\/#\/schema\/person\/80b02630c7e733147390f69233710ed5\"},\"headline\":\"\u00a1Queremos celebrarlo contigo!\",\"datePublished\":\"2016-12-20T09:54:15+00:00\",\"dateModified\":\"2021-12-13T13:06:55+00:00\",\"mainEntityOfPage\":{\"@id\":\"https:\/\/www.redegal.com\/es\/blog\/queremos-celebrarlo-contigo\/\"},\"wordCount\":404,\"commentCount\":0,\"publisher\":{\"@id\":\"https:\/\/www.redegal.com\/es\/#organization\"},\"articleSection\":[\"Redegal\"],\"inLanguage\":\"es\",\"potentialAction\":[{\"@type\":\"CommentAction\",\"name\":\"Comment\",\"target\":[\"https:\/\/www.redegal.com\/es\/blog\/queremos-celebrarlo-contigo\/#respond\"]}]},{\"@type\":\"WebPage\",\"@id\":\"https:\/\/www.redegal.com\/es\/blog\/queremos-celebrarlo-contigo\/\",\"url\":\"https:\/\/www.redegal.com\/es\/blog\/queremos-celebrarlo-contigo\/\",\"name\":\"\u00a1Queremos celebrarlo contigo! - Redegal\",\"isPartOf\":{\"@id\":\"https:\/\/www.redegal.com\/es\/#website\"},\"datePublished\":\"2016-12-20T09:54:15+00:00\",\"dateModified\":\"2021-12-13T13:06:55+00:00\",\"breadcrumb\":{\"@id\":\"https:\/\/www.redegal.com\/es\/blog\/queremos-celebrarlo-contigo\/#breadcrumb\"},\"inLanguage\":\"es\",\"potentialAction\":[{\"@type\":\"ReadAction\",\"target\":[\"https:\/\/www.redegal.com\/es\/blog\/queremos-celebrarlo-contigo\/\"]}]},{\"@type\":\"BreadcrumbList\",\"@id\":\"https:\/\/www.redegal.com\/es\/blog\/queremos-celebrarlo-contigo\/#breadcrumb\",\"itemListElement\":[{\"@type\":\"ListItem\",\"position\":1,\"name\":\"Home\",\"item\":\"https:\/\/www.redegal.com\/es\/\"},{\"@type\":\"ListItem\",\"position\":2,\"name\":\"\u00a1Queremos celebrarlo contigo!\"}]},{\"@type\":\"WebSite\",\"@id\":\"https:\/\/www.redegal.com\/es\/#website\",\"url\":\"https:\/\/www.redegal.com\/es\/\",\"name\":\"Redegal\",\"description\":\"\",\"publisher\":{\"@id\":\"https:\/\/www.redegal.com\/es\/#organization\"},\"potentialAction\":[{\"@type\":\"SearchAction\",\"target\":{\"@type\":\"EntryPoint\",\"urlTemplate\":\"https:\/\/www.redegal.com\/es\/?s={search_term_string}\"},\"query-input\":{\"@type\":\"PropertyValueSpecification\",\"valueRequired\":true,\"valueName\":\"search_term_string\"}}],\"inLanguage\":\"es\"},{\"@type\":\"Organization\",\"@id\":\"https:\/\/www.redegal.com\/es\/#organization\",\"name\":\"Redegal\",\"url\":\"https:\/\/www.redegal.com\/es\/\",\"logo\":{\"@type\":\"ImageObject\",\"inLanguage\":\"es\",\"@id\":\"https:\/\/www.redegal.com\/es\/#\/schema\/logo\/image\/\",\"url\":\"https:\/\/www.redegal.com\/wp-content\/uploads\/2025\/05\/Logo-Redegal.svg\",\"contentUrl\":\"https:\/\/www.redegal.com\/wp-content\/uploads\/2025\/05\/Logo-Redegal.svg\",\"width\":\"1024\",\"height\":\"1024\",\"caption\":\"Redegal\"},\"image\":{\"@id\":\"https:\/\/www.redegal.com\/es\/#\/schema\/logo\/image\/\"},\"sameAs\":[\"https:\/\/facebook.com\/Redegal\/\",\"https:\/\/www.instagram.com\/_redegal\/\",\"https:\/\/www.linkedin.com\/company\/redegal\/\",\"https:\/\/www.youtube.com\/channel\/UCDXwbtEULPIYV2I1ugDzeUw\",\"https:\/\/x.com\/redegal\"]},{\"@type\":\"Person\",\"@id\":\"https:\/\/www.redegal.com\/es\/#\/schema\/person\/80b02630c7e733147390f69233710ed5\",\"name\":\"Comunicacion comunicacion\",\"image\":{\"@type\":\"ImageObject\",\"inLanguage\":\"es\",\"@id\":\"https:\/\/www.redegal.com\/es\/#\/schema\/person\/image\/\",\"url\":\"https:\/\/secure.gravatar.com\/avatar\/?s=96&d=mm&r=g\",\"contentUrl\":\"https:\/\/secure.gravatar.com\/avatar\/?s=96&d=mm&r=g\",\"caption\":\"Comunicacion comunicacion\"}}]}<\/script>\n<!-- \/ Yoast SEO plugin. -->","yoast_head_json":{"title":"\u00a1Queremos celebrarlo contigo! - Redegal","robots":{"index":"index","follow":"follow","max-snippet":"max-snippet:-1","max-image-preview":"max-image-preview:large","max-video-preview":"max-video-preview:-1"},"canonical":"https:\/\/www.redegal.com\/es\/blog\/queremos-celebrarlo-contigo\/","og_locale":"es_ES","og_type":"article","og_title":"\u00a1Queremos celebrarlo contigo! - Redegal","og_description":"Con la Navidad a la vuelta de la esquina y despidi\u00e9ndonos del 2016, queremos compartir con todos vosotros lo que ha significado para Redegal el a\u00f1o que ya se termina. 2016 ha sido generoso con nosotros. Ha sido un a\u00f1o de crecimiento, cargado de retos y nuevos proyectos. Pero, sobre todo, ha sido un a\u00f1o [&hellip;]","og_url":"https:\/\/www.redegal.com\/es\/blog\/queremos-celebrarlo-contigo\/","og_site_name":"Redegal","article_publisher":"https:\/\/facebook.com\/Redegal\/","article_published_time":"2016-12-20T09:54:15+00:00","article_modified_time":"2021-12-13T13:06:55+00:00","og_image":[{"width":1200,"height":600,"url":"https:\/\/www.redegal.com\/wp-content\/uploads\/2021\/11\/Redegal-Social-Thumb.jpg","type":"image\/jpeg"}],"author":"Comunicacion comunicacion","twitter_card":"summary_large_image","twitter_misc":{"Escrito por":"Comunicacion comunicacion","Tiempo de lectura":"2 minutos"},"schema":{"@context":"https:\/\/schema.org","@graph":[{"@type":["Article","BlogPosting"],"@id":"https:\/\/www.redegal.com\/es\/blog\/queremos-celebrarlo-contigo\/#article","isPartOf":{"@id":"https:\/\/www.redegal.com\/es\/blog\/queremos-celebrarlo-contigo\/"},"author":{"name":"Comunicacion comunicacion","@id":"https:\/\/www.redegal.com\/es\/#\/schema\/person\/80b02630c7e733147390f69233710ed5"},"headline":"\u00a1Queremos celebrarlo contigo!","datePublished":"2016-12-20T09:54:15+00:00","dateModified":"2021-12-13T13:06:55+00:00","mainEntityOfPage":{"@id":"https:\/\/www.redegal.com\/es\/blog\/queremos-celebrarlo-contigo\/"},"wordCount":404,"commentCount":0,"publisher":{"@id":"https:\/\/www.redegal.com\/es\/#organization"},"articleSection":["Redegal"],"inLanguage":"es","potentialAction":[{"@type":"CommentAction","name":"Comment","target":["https:\/\/www.redegal.com\/es\/blog\/queremos-celebrarlo-contigo\/#respond"]}]},{"@type":"WebPage","@id":"https:\/\/www.redegal.com\/es\/blog\/queremos-celebrarlo-contigo\/","url":"https:\/\/www.redegal.com\/es\/blog\/queremos-celebrarlo-contigo\/","name":"\u00a1Queremos celebrarlo contigo! - Redegal","isPartOf":{"@id":"https:\/\/www.redegal.com\/es\/#website"},"datePublished":"2016-12-20T09:54:15+00:00","dateModified":"2021-12-13T13:06:55+00:00","breadcrumb":{"@id":"https:\/\/www.redegal.com\/es\/blog\/queremos-celebrarlo-contigo\/#breadcrumb"},"inLanguage":"es","potentialAction":[{"@type":"ReadAction","target":["https:\/\/www.redegal.com\/es\/blog\/queremos-celebrarlo-contigo\/"]}]},{"@type":"BreadcrumbList","@id":"https:\/\/www.redegal.com\/es\/blog\/queremos-celebrarlo-contigo\/#breadcrumb","itemListElement":[{"@type":"ListItem","position":1,"name":"Home","item":"https:\/\/www.redegal.com\/es\/"},{"@type":"ListItem","position":2,"name":"\u00a1Queremos celebrarlo contigo!"}]},{"@type":"WebSite","@id":"https:\/\/www.redegal.com\/es\/#website","url":"https:\/\/www.redegal.com\/es\/","name":"Redegal","description":"","publisher":{"@id":"https:\/\/www.redegal.com\/es\/#organization"},"potentialAction":[{"@type":"SearchAction","target":{"@type":"EntryPoint","urlTemplate":"https:\/\/www.redegal.com\/es\/?s={search_term_string}"},"query-input":{"@type":"PropertyValueSpecification","valueRequired":true,"valueName":"search_term_string"}}],"inLanguage":"es"},{"@type":"Organization","@id":"https:\/\/www.redegal.com\/es\/#organization","name":"Redegal","url":"https:\/\/www.redegal.com\/es\/","logo":{"@type":"ImageObject","inLanguage":"es","@id":"https:\/\/www.redegal.com\/es\/#\/schema\/logo\/image\/","url":"https:\/\/www.redegal.com\/wp-content\/uploads\/2025\/05\/Logo-Redegal.svg","contentUrl":"https:\/\/www.redegal.com\/wp-content\/uploads\/2025\/05\/Logo-Redegal.svg","width":"1024","height":"1024","caption":"Redegal"},"image":{"@id":"https:\/\/www.redegal.com\/es\/#\/schema\/logo\/image\/"},"sameAs":["https:\/\/facebook.com\/Redegal\/","https:\/\/www.instagram.com\/_redegal\/","https:\/\/www.linkedin.com\/company\/redegal\/","https:\/\/www.youtube.com\/channel\/UCDXwbtEULPIYV2I1ugDzeUw","https:\/\/x.com\/redegal"]},{"@type":"Person","@id":"https:\/\/www.redegal.com\/es\/#\/schema\/person\/80b02630c7e733147390f69233710ed5","name":"Comunicacion comunicacion","image":{"@type":"ImageObject","inLanguage":"es","@id":"https:\/\/www.redegal.com\/es\/#\/schema\/person\/image\/","url":"https:\/\/secure.gravatar.com\/avatar\/?s=96&d=mm&r=g","contentUrl":"https:\/\/secure.gravatar.com\/avatar\/?s=96&d=mm&r=g","caption":"Comunicacion comunicacion"}}]}},"_links":{"self":[{"href":"https:\/\/www.redegal.com\/es\/wp-json\/wp\/v2\/posts\/5042","targetHints":{"allow":["GET"]}}],"collection":[{"href":"https:\/\/www.redegal.com\/es\/wp-json\/wp\/v2\/posts"}],"about":[{"href":"https:\/\/www.redegal.com\/es\/wp-json\/wp\/v2\/types\/post"}],"author":[{"embeddable":true,"href":"https:\/\/www.redegal.com\/es\/wp-json\/wp\/v2\/users\/6"}],"replies":[{"embeddable":true,"href":"https:\/\/www.redegal.com\/es\/wp-json\/wp\/v2\/comments?post=5042"}],"version-history":[{"count":0,"href":"https:\/\/www.redegal.com\/es\/wp-json\/wp\/v2\/posts\/5042\/revisions"}],"wp:attachment":[{"href":"https:\/\/www.redegal.com\/es\/wp-json\/wp\/v2\/media?parent=5042"}],"wp:term":[{"taxonomy":"category","embeddable":true,"href":"https:\/\/www.redegal.com\/es\/wp-json\/wp\/v2\/categories?post=5042"},{"taxonomy":"post_tag","embeddable":true,"href":"https:\/\/www.redegal.com\/es\/wp-json\/wp\/v2\/tags?post=5042"}],"curies":[{"name":"wp","href":"https:\/\/api.w.org\/{rel}","templated":true}]}}