{"id":4849,"date":"2016-10-25T06:55:44","date_gmt":"2016-10-25T06:55:44","guid":{"rendered":"https:\/\/www.redegal.com\/?p=4849"},"modified":"2021-11-20T15:07:44","modified_gmt":"2021-11-20T14:07:44","slug":"acudimos-meet-magento-mayor-evento-plataforma-ecommerce-europa","status":"publish","type":"post","link":"https:\/\/www.redegal.com\/es\/blog\/acudimos-meet-magento-mayor-evento-plataforma-ecommerce-europa\/","title":{"rendered":"Acudimos al Meet Magento, el mayor evento de la plataforma Ecommerce de Europa"},"content":{"rendered":"<p>Por tercer a\u00f1o, Madrid ha sido la ciudad elegida para la celebraci\u00f3n del <a href=\"http:\/\/es.meet-magento.com\/\">Meet Magento\u00a02016<\/a>,\u00a0el congreso internacional de la comunidad Magento que se desarrollar\u00e1 hoy en el Teatro Goya de la capital espa\u00f1ola.<\/p>\n<p>El evento, dirigido a profesionales del Ecommerce (desarrolladores, proveedores y tiendas online), se centrar\u00e1 en las novedades de la plataforma y prestar\u00e1 especial atenci\u00f3n a las \u00faltimas tendencias del sector. Toda una oportunidad para compartir conocimiento y fomentar oportunidades de negocio que Redegal, buscando siempre ser parte de la innovaci\u00f3n y conocedor de los cambios, no ha querido desaprovechar.<\/p>\n<p>En el Meet Magento habr\u00e1 talleres formativos para los asistentes, con sesiones de \u2018mentoring\u2019 y casos de \u00e9xito enfocados a mejorar la rentabilidad de las tiendas online. Adem\u00e1s, las conferencias correr\u00e1n a cargo de algunos de los grandes referentes del panorama Ecommerce nacional e internacional, entre los que se encuentran <strong>Thomas Goletz<\/strong>, de Meet Magento Association; <strong>Ignacio Riesco<\/strong>, de Interactiv4; <strong>Ben Marks<\/strong>, de Magento o <strong>Marc Bayo<\/strong>, de Seur.<\/p>\n<p>En palabras de Ignacio Riesco, organizador del congreso y CEO de Interactiv4: \u201cMeet Magento se ha convertido en el evento de referencia de la comunidad Magento y de todas las empresas que conf\u00edan en esta plataforma para dirigir su negocio en un entorno online\u201d. <strong>\u00a1No pod\u00edamos perd\u00e9rnoslo!<\/strong><\/p>\n","protected":false},"excerpt":{"rendered":"<p>Por tercer a\u00f1o, Madrid ha sido la ciudad elegida para la celebraci\u00f3n del Meet Magento\u00a02016,\u00a0el congreso internacional de la comunidad Magento que se desarrollar\u00e1 hoy en el Teatro Goya de la capital espa\u00f1ola. El evento, dirigido a profesionales del Ecommerce (desarrolladores, proveedores y tiendas online), se centrar\u00e1 en las novedades de la plataforma y prestar\u00e1 [&hellip;]<\/p>\n","protected":false},"author":6,"featured_media":0,"comment_status":"open","ping_status":"open","sticky":false,"template":"","format":"standard","meta":{"_acf_changed":false,"inline_featured_image":false,"footnotes":""},"categories":[19,22],"tags":[],"class_list":["post-4849","post","type-post","status-publish","format-standard","hentry","category-ecommerce","category-espana"],"acf":[],"yoast_head":"<!-- This site is optimized with the Yoast SEO plugin v26.6 - https:\/\/yoast.com\/wordpress\/plugins\/seo\/ -->\n<title>Acudimos al Meet Magento, el mayor evento de la plataforma Ecommerce de Europa - Redegal<\/title>\n<meta name=\"robots\" content=\"index, follow, max-snippet:-1, max-image-preview:large, max-video-preview:-1\" \/>\n<link rel=\"canonical\" href=\"https:\/\/www.redegal.com\/es\/blog\/acudimos-meet-magento-mayor-evento-plataforma-ecommerce-europa\/\" \/>\n<meta property=\"og:locale\" content=\"es_ES\" \/>\n<meta property=\"og:type\" content=\"article\" \/>\n<meta property=\"og:title\" content=\"Acudimos al Meet Magento, el mayor evento de la plataforma Ecommerce de Europa - Redegal\" \/>\n<meta property=\"og:description\" content=\"Por tercer a\u00f1o, Madrid ha sido la ciudad elegida para la celebraci\u00f3n del Meet Magento\u00a02016,\u00a0el congreso internacional de la comunidad Magento que se desarrollar\u00e1 hoy en el Teatro Goya de la capital espa\u00f1ola. El evento, dirigido a profesionales del Ecommerce (desarrolladores, proveedores y tiendas online), se centrar\u00e1 en las novedades de la plataforma y prestar\u00e1 [&hellip;]\" \/>\n<meta property=\"og:url\" content=\"https:\/\/www.redegal.com\/es\/blog\/acudimos-meet-magento-mayor-evento-plataforma-ecommerce-europa\/\" \/>\n<meta property=\"og:site_name\" content=\"Redegal\" \/>\n<meta property=\"article:publisher\" content=\"https:\/\/facebook.com\/Redegal\/\" \/>\n<meta property=\"article:published_time\" content=\"2016-10-25T06:55:44+00:00\" \/>\n<meta property=\"article:modified_time\" content=\"2021-11-20T14:07:44+00:00\" \/>\n<meta property=\"og:image\" content=\"https:\/\/www.redegal.com\/wp-content\/uploads\/2021\/11\/Redegal-Social-Thumb.jpg\" \/>\n\t<meta property=\"og:image:width\" content=\"1200\" \/>\n\t<meta property=\"og:image:height\" content=\"600\" \/>\n\t<meta property=\"og:image:type\" content=\"image\/jpeg\" \/>\n<meta name=\"author\" content=\"Comunicacion comunicacion\" \/>\n<meta name=\"twitter:card\" content=\"summary_large_image\" \/>\n<meta name=\"twitter:label1\" content=\"Escrito por\" \/>\n\t<meta name=\"twitter:data1\" content=\"Comunicacion comunicacion\" \/>\n\t<meta name=\"twitter:label2\" content=\"Tiempo de lectura\" \/>\n\t<meta name=\"twitter:data2\" content=\"1 minuto\" \/>\n<script type=\"application\/ld+json\" class=\"yoast-schema-graph\">{\"@context\":\"https:\/\/schema.org\",\"@graph\":[{\"@type\":[\"Article\",\"BlogPosting\"],\"@id\":\"https:\/\/www.redegal.com\/es\/blog\/acudimos-meet-magento-mayor-evento-plataforma-ecommerce-europa\/#article\",\"isPartOf\":{\"@id\":\"https:\/\/www.redegal.com\/es\/blog\/acudimos-meet-magento-mayor-evento-plataforma-ecommerce-europa\/\"},\"author\":{\"name\":\"Comunicacion comunicacion\",\"@id\":\"https:\/\/www.redegal.com\/es\/#\/schema\/person\/80b02630c7e733147390f69233710ed5\"},\"headline\":\"Acudimos al Meet Magento, el mayor evento de la plataforma Ecommerce de Europa\",\"datePublished\":\"2016-10-25T06:55:44+00:00\",\"dateModified\":\"2021-11-20T14:07:44+00:00\",\"mainEntityOfPage\":{\"@id\":\"https:\/\/www.redegal.com\/es\/blog\/acudimos-meet-magento-mayor-evento-plataforma-ecommerce-europa\/\"},\"wordCount\":232,\"commentCount\":0,\"publisher\":{\"@id\":\"https:\/\/www.redegal.com\/es\/#organization\"},\"articleSection\":[\"eCommerce\",\"Espa\u00f1a\"],\"inLanguage\":\"es\",\"potentialAction\":[{\"@type\":\"CommentAction\",\"name\":\"Comment\",\"target\":[\"https:\/\/www.redegal.com\/es\/blog\/acudimos-meet-magento-mayor-evento-plataforma-ecommerce-europa\/#respond\"]}]},{\"@type\":\"WebPage\",\"@id\":\"https:\/\/www.redegal.com\/es\/blog\/acudimos-meet-magento-mayor-evento-plataforma-ecommerce-europa\/\",\"url\":\"https:\/\/www.redegal.com\/es\/blog\/acudimos-meet-magento-mayor-evento-plataforma-ecommerce-europa\/\",\"name\":\"Acudimos al Meet Magento, el mayor evento de la plataforma Ecommerce de Europa - Redegal\",\"isPartOf\":{\"@id\":\"https:\/\/www.redegal.com\/es\/#website\"},\"datePublished\":\"2016-10-25T06:55:44+00:00\",\"dateModified\":\"2021-11-20T14:07:44+00:00\",\"breadcrumb\":{\"@id\":\"https:\/\/www.redegal.com\/es\/blog\/acudimos-meet-magento-mayor-evento-plataforma-ecommerce-europa\/#breadcrumb\"},\"inLanguage\":\"es\",\"potentialAction\":[{\"@type\":\"ReadAction\",\"target\":[\"https:\/\/www.redegal.com\/es\/blog\/acudimos-meet-magento-mayor-evento-plataforma-ecommerce-europa\/\"]}]},{\"@type\":\"BreadcrumbList\",\"@id\":\"https:\/\/www.redegal.com\/es\/blog\/acudimos-meet-magento-mayor-evento-plataforma-ecommerce-europa\/#breadcrumb\",\"itemListElement\":[{\"@type\":\"ListItem\",\"position\":1,\"name\":\"Home\",\"item\":\"https:\/\/www.redegal.com\/es\/\"},{\"@type\":\"ListItem\",\"position\":2,\"name\":\"Acudimos al Meet Magento, el mayor evento de la plataforma Ecommerce de Europa\"}]},{\"@type\":\"WebSite\",\"@id\":\"https:\/\/www.redegal.com\/es\/#website\",\"url\":\"https:\/\/www.redegal.com\/es\/\",\"name\":\"Redegal\",\"description\":\"\",\"publisher\":{\"@id\":\"https:\/\/www.redegal.com\/es\/#organization\"},\"potentialAction\":[{\"@type\":\"SearchAction\",\"target\":{\"@type\":\"EntryPoint\",\"urlTemplate\":\"https:\/\/www.redegal.com\/es\/?s={search_term_string}\"},\"query-input\":{\"@type\":\"PropertyValueSpecification\",\"valueRequired\":true,\"valueName\":\"search_term_string\"}}],\"inLanguage\":\"es\"},{\"@type\":\"Organization\",\"@id\":\"https:\/\/www.redegal.com\/es\/#organization\",\"name\":\"Redegal\",\"url\":\"https:\/\/www.redegal.com\/es\/\",\"logo\":{\"@type\":\"ImageObject\",\"inLanguage\":\"es\",\"@id\":\"https:\/\/www.redegal.com\/es\/#\/schema\/logo\/image\/\",\"url\":\"https:\/\/www.redegal.com\/wp-content\/uploads\/2025\/05\/Logo-Redegal.svg\",\"contentUrl\":\"https:\/\/www.redegal.com\/wp-content\/uploads\/2025\/05\/Logo-Redegal.svg\",\"width\":\"1024\",\"height\":\"1024\",\"caption\":\"Redegal\"},\"image\":{\"@id\":\"https:\/\/www.redegal.com\/es\/#\/schema\/logo\/image\/\"},\"sameAs\":[\"https:\/\/facebook.com\/Redegal\/\",\"https:\/\/www.instagram.com\/_redegal\/\",\"https:\/\/www.linkedin.com\/company\/redegal\/\",\"https:\/\/www.youtube.com\/channel\/UCDXwbtEULPIYV2I1ugDzeUw\",\"https:\/\/x.com\/redegal\"]},{\"@type\":\"Person\",\"@id\":\"https:\/\/www.redegal.com\/es\/#\/schema\/person\/80b02630c7e733147390f69233710ed5\",\"name\":\"Comunicacion comunicacion\",\"image\":{\"@type\":\"ImageObject\",\"inLanguage\":\"es\",\"@id\":\"https:\/\/www.redegal.com\/es\/#\/schema\/person\/image\/\",\"url\":\"https:\/\/secure.gravatar.com\/avatar\/?s=96&d=mm&r=g\",\"contentUrl\":\"https:\/\/secure.gravatar.com\/avatar\/?s=96&d=mm&r=g\",\"caption\":\"Comunicacion comunicacion\"}}]}<\/script>\n<!-- \/ Yoast SEO plugin. -->","yoast_head_json":{"title":"Acudimos al Meet Magento, el mayor evento de la plataforma Ecommerce de Europa - Redegal","robots":{"index":"index","follow":"follow","max-snippet":"max-snippet:-1","max-image-preview":"max-image-preview:large","max-video-preview":"max-video-preview:-1"},"canonical":"https:\/\/www.redegal.com\/es\/blog\/acudimos-meet-magento-mayor-evento-plataforma-ecommerce-europa\/","og_locale":"es_ES","og_type":"article","og_title":"Acudimos al Meet Magento, el mayor evento de la plataforma Ecommerce de Europa - Redegal","og_description":"Por tercer a\u00f1o, Madrid ha sido la ciudad elegida para la celebraci\u00f3n del Meet Magento\u00a02016,\u00a0el congreso internacional de la comunidad Magento que se desarrollar\u00e1 hoy en el Teatro Goya de la capital espa\u00f1ola. El evento, dirigido a profesionales del Ecommerce (desarrolladores, proveedores y tiendas online), se centrar\u00e1 en las novedades de la plataforma y prestar\u00e1 [&hellip;]","og_url":"https:\/\/www.redegal.com\/es\/blog\/acudimos-meet-magento-mayor-evento-plataforma-ecommerce-europa\/","og_site_name":"Redegal","article_publisher":"https:\/\/facebook.com\/Redegal\/","article_published_time":"2016-10-25T06:55:44+00:00","article_modified_time":"2021-11-20T14:07:44+00:00","og_image":[{"width":1200,"height":600,"url":"https:\/\/www.redegal.com\/wp-content\/uploads\/2021\/11\/Redegal-Social-Thumb.jpg","type":"image\/jpeg"}],"author":"Comunicacion comunicacion","twitter_card":"summary_large_image","twitter_misc":{"Escrito por":"Comunicacion comunicacion","Tiempo de lectura":"1 minuto"},"schema":{"@context":"https:\/\/schema.org","@graph":[{"@type":["Article","BlogPosting"],"@id":"https:\/\/www.redegal.com\/es\/blog\/acudimos-meet-magento-mayor-evento-plataforma-ecommerce-europa\/#article","isPartOf":{"@id":"https:\/\/www.redegal.com\/es\/blog\/acudimos-meet-magento-mayor-evento-plataforma-ecommerce-europa\/"},"author":{"name":"Comunicacion comunicacion","@id":"https:\/\/www.redegal.com\/es\/#\/schema\/person\/80b02630c7e733147390f69233710ed5"},"headline":"Acudimos al Meet Magento, el mayor evento de la plataforma Ecommerce de Europa","datePublished":"2016-10-25T06:55:44+00:00","dateModified":"2021-11-20T14:07:44+00:00","mainEntityOfPage":{"@id":"https:\/\/www.redegal.com\/es\/blog\/acudimos-meet-magento-mayor-evento-plataforma-ecommerce-europa\/"},"wordCount":232,"commentCount":0,"publisher":{"@id":"https:\/\/www.redegal.com\/es\/#organization"},"articleSection":["eCommerce","Espa\u00f1a"],"inLanguage":"es","potentialAction":[{"@type":"CommentAction","name":"Comment","target":["https:\/\/www.redegal.com\/es\/blog\/acudimos-meet-magento-mayor-evento-plataforma-ecommerce-europa\/#respond"]}]},{"@type":"WebPage","@id":"https:\/\/www.redegal.com\/es\/blog\/acudimos-meet-magento-mayor-evento-plataforma-ecommerce-europa\/","url":"https:\/\/www.redegal.com\/es\/blog\/acudimos-meet-magento-mayor-evento-plataforma-ecommerce-europa\/","name":"Acudimos al Meet Magento, el mayor evento de la plataforma Ecommerce de Europa - Redegal","isPartOf":{"@id":"https:\/\/www.redegal.com\/es\/#website"},"datePublished":"2016-10-25T06:55:44+00:00","dateModified":"2021-11-20T14:07:44+00:00","breadcrumb":{"@id":"https:\/\/www.redegal.com\/es\/blog\/acudimos-meet-magento-mayor-evento-plataforma-ecommerce-europa\/#breadcrumb"},"inLanguage":"es","potentialAction":[{"@type":"ReadAction","target":["https:\/\/www.redegal.com\/es\/blog\/acudimos-meet-magento-mayor-evento-plataforma-ecommerce-europa\/"]}]},{"@type":"BreadcrumbList","@id":"https:\/\/www.redegal.com\/es\/blog\/acudimos-meet-magento-mayor-evento-plataforma-ecommerce-europa\/#breadcrumb","itemListElement":[{"@type":"ListItem","position":1,"name":"Home","item":"https:\/\/www.redegal.com\/es\/"},{"@type":"ListItem","position":2,"name":"Acudimos al Meet Magento, el mayor evento de la plataforma Ecommerce de Europa"}]},{"@type":"WebSite","@id":"https:\/\/www.redegal.com\/es\/#website","url":"https:\/\/www.redegal.com\/es\/","name":"Redegal","description":"","publisher":{"@id":"https:\/\/www.redegal.com\/es\/#organization"},"potentialAction":[{"@type":"SearchAction","target":{"@type":"EntryPoint","urlTemplate":"https:\/\/www.redegal.com\/es\/?s={search_term_string}"},"query-input":{"@type":"PropertyValueSpecification","valueRequired":true,"valueName":"search_term_string"}}],"inLanguage":"es"},{"@type":"Organization","@id":"https:\/\/www.redegal.com\/es\/#organization","name":"Redegal","url":"https:\/\/www.redegal.com\/es\/","logo":{"@type":"ImageObject","inLanguage":"es","@id":"https:\/\/www.redegal.com\/es\/#\/schema\/logo\/image\/","url":"https:\/\/www.redegal.com\/wp-content\/uploads\/2025\/05\/Logo-Redegal.svg","contentUrl":"https:\/\/www.redegal.com\/wp-content\/uploads\/2025\/05\/Logo-Redegal.svg","width":"1024","height":"1024","caption":"Redegal"},"image":{"@id":"https:\/\/www.redegal.com\/es\/#\/schema\/logo\/image\/"},"sameAs":["https:\/\/facebook.com\/Redegal\/","https:\/\/www.instagram.com\/_redegal\/","https:\/\/www.linkedin.com\/company\/redegal\/","https:\/\/www.youtube.com\/channel\/UCDXwbtEULPIYV2I1ugDzeUw","https:\/\/x.com\/redegal"]},{"@type":"Person","@id":"https:\/\/www.redegal.com\/es\/#\/schema\/person\/80b02630c7e733147390f69233710ed5","name":"Comunicacion comunicacion","image":{"@type":"ImageObject","inLanguage":"es","@id":"https:\/\/www.redegal.com\/es\/#\/schema\/person\/image\/","url":"https:\/\/secure.gravatar.com\/avatar\/?s=96&d=mm&r=g","contentUrl":"https:\/\/secure.gravatar.com\/avatar\/?s=96&d=mm&r=g","caption":"Comunicacion comunicacion"}}]}},"_links":{"self":[{"href":"https:\/\/www.redegal.com\/es\/wp-json\/wp\/v2\/posts\/4849","targetHints":{"allow":["GET"]}}],"collection":[{"href":"https:\/\/www.redegal.com\/es\/wp-json\/wp\/v2\/posts"}],"about":[{"href":"https:\/\/www.redegal.com\/es\/wp-json\/wp\/v2\/types\/post"}],"author":[{"embeddable":true,"href":"https:\/\/www.redegal.com\/es\/wp-json\/wp\/v2\/users\/6"}],"replies":[{"embeddable":true,"href":"https:\/\/www.redegal.com\/es\/wp-json\/wp\/v2\/comments?post=4849"}],"version-history":[{"count":0,"href":"https:\/\/www.redegal.com\/es\/wp-json\/wp\/v2\/posts\/4849\/revisions"}],"wp:attachment":[{"href":"https:\/\/www.redegal.com\/es\/wp-json\/wp\/v2\/media?parent=4849"}],"wp:term":[{"taxonomy":"category","embeddable":true,"href":"https:\/\/www.redegal.com\/es\/wp-json\/wp\/v2\/categories?post=4849"},{"taxonomy":"post_tag","embeddable":true,"href":"https:\/\/www.redegal.com\/es\/wp-json\/wp\/v2\/tags?post=4849"}],"curies":[{"name":"wp","href":"https:\/\/api.w.org\/{rel}","templated":true}]}}