{"id":4811,"date":"2016-10-14T08:48:21","date_gmt":"2016-10-14T08:48:21","guid":{"rendered":"https:\/\/www.redegal.com\/?p=4811"},"modified":"2021-11-20T15:07:43","modified_gmt":"2021-11-20T14:07:43","slug":"nuestro-equipo-de-marketing-estara-en-el-dmd16-este-sabado","status":"publish","type":"post","link":"https:\/\/www.redegal.com\/es\/blog\/nuestro-equipo-de-marketing-estara-en-el-dmd16-este-sabado\/","title":{"rendered":"Nuestro equipo de marketing estar\u00e1 en el #DMD16 este s\u00e1bado"},"content":{"rendered":"<p>El Palacio de Ferias de Santiago de Compostela acoger\u00e1 el s\u00e1bado 15 de octubre el <a href=\"http:\/\/www.digitalmarketingday.es\" target=\"_blank\" rel=\"noopener\">Digital Marketing Day<\/a>\u00a0un evento al que acudir\u00e1n algunos de los bloggers del sector m\u00e1s reconocidos nacional e internacionalmente y una oportunidad para conocer de primera mano las tendencias actuales en marketing online que Redegal no ha querido desaprovechar.<\/p>\n<p>Entre los ponentes destacan <strong>Vilma N\u00fa\u00f1ez<\/strong>, que hablar\u00e1 de estrategias de conversi\u00f3n en medios sociales; <strong>Luis Villanueva<\/strong>, con su ponencia \u2018Tres consejos SEO para Ecommerce\u2019, <strong>Miguel Florido<\/strong>, que explicar\u00e1 c\u00f3mo vivir de la profesi\u00f3n de Blogger; <strong>Jose Facchin<\/strong>, con \u2018Factores que influyen en el mejor contenido SEO\u2019; <strong>Miguel \u00c1ngel Trabado<\/strong>, que apuntar\u00e1 las claves para mejorar la marca personal en Twitter y <strong>Rub\u00e9n Alonso<\/strong>, encargado de abordar la tem\u00e1tica del Guest Blogging.<\/p>\n<p>Nuestro equipo de marketing, siempre pendiente de las \u00faltimas novedades y tendencias del sector, viajar\u00e1 el s\u00e1bado a la capital gallega para continuar form\u00e1ndose y creciendo profesionalmente. Con el Digital Marketing Day, Redegal suma una experiencia m\u00e1s de networking a sus espaldas, aunque con el mismo objetivo de siempre: <strong>dar la mejor soluci\u00f3n al cliente<\/strong>.<\/p>\n","protected":false},"excerpt":{"rendered":"<p>El Palacio de Ferias de Santiago de Compostela acoger\u00e1 el s\u00e1bado 15 de octubre el Digital Marketing Day\u00a0un evento al que acudir\u00e1n algunos de los bloggers del sector m\u00e1s reconocidos nacional e internacionalmente y una oportunidad para conocer de primera mano las tendencias actuales en marketing online que Redegal no ha querido desaprovechar. Entre los [&hellip;]<\/p>\n","protected":false},"author":6,"featured_media":0,"comment_status":"open","ping_status":"open","sticky":false,"template":"","format":"standard","meta":{"_acf_changed":false,"inline_featured_image":false,"footnotes":""},"categories":[22],"tags":[],"class_list":["post-4811","post","type-post","status-publish","format-standard","hentry","category-espana"],"acf":[],"yoast_head":"<!-- This site is optimized with the Yoast SEO plugin v26.6 - https:\/\/yoast.com\/wordpress\/plugins\/seo\/ -->\n<title>Nuestro equipo de marketing estar\u00e1 en el #DMD16 este s\u00e1bado - Redegal<\/title>\n<meta name=\"robots\" content=\"index, follow, max-snippet:-1, max-image-preview:large, max-video-preview:-1\" \/>\n<link rel=\"canonical\" href=\"https:\/\/www.redegal.com\/es\/blog\/nuestro-equipo-de-marketing-estara-en-el-dmd16-este-sabado\/\" \/>\n<meta property=\"og:locale\" content=\"es_ES\" \/>\n<meta property=\"og:type\" content=\"article\" \/>\n<meta property=\"og:title\" content=\"Nuestro equipo de marketing estar\u00e1 en el #DMD16 este s\u00e1bado - Redegal\" \/>\n<meta property=\"og:description\" content=\"El Palacio de Ferias de Santiago de Compostela acoger\u00e1 el s\u00e1bado 15 de octubre el Digital Marketing Day\u00a0un evento al que acudir\u00e1n algunos de los bloggers del sector m\u00e1s reconocidos nacional e internacionalmente y una oportunidad para conocer de primera mano las tendencias actuales en marketing online que Redegal no ha querido desaprovechar. Entre los [&hellip;]\" \/>\n<meta property=\"og:url\" content=\"https:\/\/www.redegal.com\/es\/blog\/nuestro-equipo-de-marketing-estara-en-el-dmd16-este-sabado\/\" \/>\n<meta property=\"og:site_name\" content=\"Redegal\" \/>\n<meta property=\"article:publisher\" content=\"https:\/\/facebook.com\/Redegal\/\" \/>\n<meta property=\"article:published_time\" content=\"2016-10-14T08:48:21+00:00\" \/>\n<meta property=\"article:modified_time\" content=\"2021-11-20T14:07:43+00:00\" \/>\n<meta property=\"og:image\" content=\"https:\/\/www.redegal.com\/wp-content\/uploads\/2021\/11\/Redegal-Social-Thumb.jpg\" \/>\n\t<meta property=\"og:image:width\" content=\"1200\" \/>\n\t<meta property=\"og:image:height\" content=\"600\" \/>\n\t<meta property=\"og:image:type\" content=\"image\/jpeg\" \/>\n<meta name=\"author\" content=\"Comunicacion comunicacion\" \/>\n<meta name=\"twitter:card\" content=\"summary_large_image\" \/>\n<meta name=\"twitter:label1\" content=\"Escrito por\" \/>\n\t<meta name=\"twitter:data1\" content=\"Comunicacion comunicacion\" \/>\n\t<meta name=\"twitter:label2\" content=\"Tiempo de lectura\" \/>\n\t<meta name=\"twitter:data2\" content=\"1 minuto\" \/>\n<script type=\"application\/ld+json\" class=\"yoast-schema-graph\">{\"@context\":\"https:\/\/schema.org\",\"@graph\":[{\"@type\":[\"Article\",\"BlogPosting\"],\"@id\":\"https:\/\/www.redegal.com\/es\/blog\/nuestro-equipo-de-marketing-estara-en-el-dmd16-este-sabado\/#article\",\"isPartOf\":{\"@id\":\"https:\/\/www.redegal.com\/es\/blog\/nuestro-equipo-de-marketing-estara-en-el-dmd16-este-sabado\/\"},\"author\":{\"name\":\"Comunicacion comunicacion\",\"@id\":\"https:\/\/www.redegal.com\/es\/#\/schema\/person\/80b02630c7e733147390f69233710ed5\"},\"headline\":\"Nuestro equipo de marketing estar\u00e1 en el #DMD16 este s\u00e1bado\",\"datePublished\":\"2016-10-14T08:48:21+00:00\",\"dateModified\":\"2021-11-20T14:07:43+00:00\",\"mainEntityOfPage\":{\"@id\":\"https:\/\/www.redegal.com\/es\/blog\/nuestro-equipo-de-marketing-estara-en-el-dmd16-este-sabado\/\"},\"wordCount\":204,\"commentCount\":0,\"publisher\":{\"@id\":\"https:\/\/www.redegal.com\/es\/#organization\"},\"articleSection\":[\"Espa\u00f1a\"],\"inLanguage\":\"es\",\"potentialAction\":[{\"@type\":\"CommentAction\",\"name\":\"Comment\",\"target\":[\"https:\/\/www.redegal.com\/es\/blog\/nuestro-equipo-de-marketing-estara-en-el-dmd16-este-sabado\/#respond\"]}]},{\"@type\":\"WebPage\",\"@id\":\"https:\/\/www.redegal.com\/es\/blog\/nuestro-equipo-de-marketing-estara-en-el-dmd16-este-sabado\/\",\"url\":\"https:\/\/www.redegal.com\/es\/blog\/nuestro-equipo-de-marketing-estara-en-el-dmd16-este-sabado\/\",\"name\":\"Nuestro equipo de marketing estar\u00e1 en el #DMD16 este s\u00e1bado - Redegal\",\"isPartOf\":{\"@id\":\"https:\/\/www.redegal.com\/es\/#website\"},\"datePublished\":\"2016-10-14T08:48:21+00:00\",\"dateModified\":\"2021-11-20T14:07:43+00:00\",\"breadcrumb\":{\"@id\":\"https:\/\/www.redegal.com\/es\/blog\/nuestro-equipo-de-marketing-estara-en-el-dmd16-este-sabado\/#breadcrumb\"},\"inLanguage\":\"es\",\"potentialAction\":[{\"@type\":\"ReadAction\",\"target\":[\"https:\/\/www.redegal.com\/es\/blog\/nuestro-equipo-de-marketing-estara-en-el-dmd16-este-sabado\/\"]}]},{\"@type\":\"BreadcrumbList\",\"@id\":\"https:\/\/www.redegal.com\/es\/blog\/nuestro-equipo-de-marketing-estara-en-el-dmd16-este-sabado\/#breadcrumb\",\"itemListElement\":[{\"@type\":\"ListItem\",\"position\":1,\"name\":\"Home\",\"item\":\"https:\/\/www.redegal.com\/es\/\"},{\"@type\":\"ListItem\",\"position\":2,\"name\":\"Nuestro equipo de marketing estar\u00e1 en el #DMD16 este s\u00e1bado\"}]},{\"@type\":\"WebSite\",\"@id\":\"https:\/\/www.redegal.com\/es\/#website\",\"url\":\"https:\/\/www.redegal.com\/es\/\",\"name\":\"Redegal\",\"description\":\"\",\"publisher\":{\"@id\":\"https:\/\/www.redegal.com\/es\/#organization\"},\"potentialAction\":[{\"@type\":\"SearchAction\",\"target\":{\"@type\":\"EntryPoint\",\"urlTemplate\":\"https:\/\/www.redegal.com\/es\/?s={search_term_string}\"},\"query-input\":{\"@type\":\"PropertyValueSpecification\",\"valueRequired\":true,\"valueName\":\"search_term_string\"}}],\"inLanguage\":\"es\"},{\"@type\":\"Organization\",\"@id\":\"https:\/\/www.redegal.com\/es\/#organization\",\"name\":\"Redegal\",\"url\":\"https:\/\/www.redegal.com\/es\/\",\"logo\":{\"@type\":\"ImageObject\",\"inLanguage\":\"es\",\"@id\":\"https:\/\/www.redegal.com\/es\/#\/schema\/logo\/image\/\",\"url\":\"https:\/\/www.redegal.com\/wp-content\/uploads\/2025\/05\/Logo-Redegal.svg\",\"contentUrl\":\"https:\/\/www.redegal.com\/wp-content\/uploads\/2025\/05\/Logo-Redegal.svg\",\"width\":\"1024\",\"height\":\"1024\",\"caption\":\"Redegal\"},\"image\":{\"@id\":\"https:\/\/www.redegal.com\/es\/#\/schema\/logo\/image\/\"},\"sameAs\":[\"https:\/\/facebook.com\/Redegal\/\",\"https:\/\/www.instagram.com\/_redegal\/\",\"https:\/\/www.linkedin.com\/company\/redegal\/\",\"https:\/\/www.youtube.com\/channel\/UCDXwbtEULPIYV2I1ugDzeUw\",\"https:\/\/x.com\/redegal\"]},{\"@type\":\"Person\",\"@id\":\"https:\/\/www.redegal.com\/es\/#\/schema\/person\/80b02630c7e733147390f69233710ed5\",\"name\":\"Comunicacion comunicacion\",\"image\":{\"@type\":\"ImageObject\",\"inLanguage\":\"es\",\"@id\":\"https:\/\/www.redegal.com\/es\/#\/schema\/person\/image\/\",\"url\":\"https:\/\/secure.gravatar.com\/avatar\/?s=96&d=mm&r=g\",\"contentUrl\":\"https:\/\/secure.gravatar.com\/avatar\/?s=96&d=mm&r=g\",\"caption\":\"Comunicacion comunicacion\"}}]}<\/script>\n<!-- \/ Yoast SEO plugin. -->","yoast_head_json":{"title":"Nuestro equipo de marketing estar\u00e1 en el #DMD16 este s\u00e1bado - Redegal","robots":{"index":"index","follow":"follow","max-snippet":"max-snippet:-1","max-image-preview":"max-image-preview:large","max-video-preview":"max-video-preview:-1"},"canonical":"https:\/\/www.redegal.com\/es\/blog\/nuestro-equipo-de-marketing-estara-en-el-dmd16-este-sabado\/","og_locale":"es_ES","og_type":"article","og_title":"Nuestro equipo de marketing estar\u00e1 en el #DMD16 este s\u00e1bado - Redegal","og_description":"El Palacio de Ferias de Santiago de Compostela acoger\u00e1 el s\u00e1bado 15 de octubre el Digital Marketing Day\u00a0un evento al que acudir\u00e1n algunos de los bloggers del sector m\u00e1s reconocidos nacional e internacionalmente y una oportunidad para conocer de primera mano las tendencias actuales en marketing online que Redegal no ha querido desaprovechar. Entre los [&hellip;]","og_url":"https:\/\/www.redegal.com\/es\/blog\/nuestro-equipo-de-marketing-estara-en-el-dmd16-este-sabado\/","og_site_name":"Redegal","article_publisher":"https:\/\/facebook.com\/Redegal\/","article_published_time":"2016-10-14T08:48:21+00:00","article_modified_time":"2021-11-20T14:07:43+00:00","og_image":[{"width":1200,"height":600,"url":"https:\/\/www.redegal.com\/wp-content\/uploads\/2021\/11\/Redegal-Social-Thumb.jpg","type":"image\/jpeg"}],"author":"Comunicacion comunicacion","twitter_card":"summary_large_image","twitter_misc":{"Escrito por":"Comunicacion comunicacion","Tiempo de lectura":"1 minuto"},"schema":{"@context":"https:\/\/schema.org","@graph":[{"@type":["Article","BlogPosting"],"@id":"https:\/\/www.redegal.com\/es\/blog\/nuestro-equipo-de-marketing-estara-en-el-dmd16-este-sabado\/#article","isPartOf":{"@id":"https:\/\/www.redegal.com\/es\/blog\/nuestro-equipo-de-marketing-estara-en-el-dmd16-este-sabado\/"},"author":{"name":"Comunicacion comunicacion","@id":"https:\/\/www.redegal.com\/es\/#\/schema\/person\/80b02630c7e733147390f69233710ed5"},"headline":"Nuestro equipo de marketing estar\u00e1 en el #DMD16 este s\u00e1bado","datePublished":"2016-10-14T08:48:21+00:00","dateModified":"2021-11-20T14:07:43+00:00","mainEntityOfPage":{"@id":"https:\/\/www.redegal.com\/es\/blog\/nuestro-equipo-de-marketing-estara-en-el-dmd16-este-sabado\/"},"wordCount":204,"commentCount":0,"publisher":{"@id":"https:\/\/www.redegal.com\/es\/#organization"},"articleSection":["Espa\u00f1a"],"inLanguage":"es","potentialAction":[{"@type":"CommentAction","name":"Comment","target":["https:\/\/www.redegal.com\/es\/blog\/nuestro-equipo-de-marketing-estara-en-el-dmd16-este-sabado\/#respond"]}]},{"@type":"WebPage","@id":"https:\/\/www.redegal.com\/es\/blog\/nuestro-equipo-de-marketing-estara-en-el-dmd16-este-sabado\/","url":"https:\/\/www.redegal.com\/es\/blog\/nuestro-equipo-de-marketing-estara-en-el-dmd16-este-sabado\/","name":"Nuestro equipo de marketing estar\u00e1 en el #DMD16 este s\u00e1bado - Redegal","isPartOf":{"@id":"https:\/\/www.redegal.com\/es\/#website"},"datePublished":"2016-10-14T08:48:21+00:00","dateModified":"2021-11-20T14:07:43+00:00","breadcrumb":{"@id":"https:\/\/www.redegal.com\/es\/blog\/nuestro-equipo-de-marketing-estara-en-el-dmd16-este-sabado\/#breadcrumb"},"inLanguage":"es","potentialAction":[{"@type":"ReadAction","target":["https:\/\/www.redegal.com\/es\/blog\/nuestro-equipo-de-marketing-estara-en-el-dmd16-este-sabado\/"]}]},{"@type":"BreadcrumbList","@id":"https:\/\/www.redegal.com\/es\/blog\/nuestro-equipo-de-marketing-estara-en-el-dmd16-este-sabado\/#breadcrumb","itemListElement":[{"@type":"ListItem","position":1,"name":"Home","item":"https:\/\/www.redegal.com\/es\/"},{"@type":"ListItem","position":2,"name":"Nuestro equipo de marketing estar\u00e1 en el #DMD16 este s\u00e1bado"}]},{"@type":"WebSite","@id":"https:\/\/www.redegal.com\/es\/#website","url":"https:\/\/www.redegal.com\/es\/","name":"Redegal","description":"","publisher":{"@id":"https:\/\/www.redegal.com\/es\/#organization"},"potentialAction":[{"@type":"SearchAction","target":{"@type":"EntryPoint","urlTemplate":"https:\/\/www.redegal.com\/es\/?s={search_term_string}"},"query-input":{"@type":"PropertyValueSpecification","valueRequired":true,"valueName":"search_term_string"}}],"inLanguage":"es"},{"@type":"Organization","@id":"https:\/\/www.redegal.com\/es\/#organization","name":"Redegal","url":"https:\/\/www.redegal.com\/es\/","logo":{"@type":"ImageObject","inLanguage":"es","@id":"https:\/\/www.redegal.com\/es\/#\/schema\/logo\/image\/","url":"https:\/\/www.redegal.com\/wp-content\/uploads\/2025\/05\/Logo-Redegal.svg","contentUrl":"https:\/\/www.redegal.com\/wp-content\/uploads\/2025\/05\/Logo-Redegal.svg","width":"1024","height":"1024","caption":"Redegal"},"image":{"@id":"https:\/\/www.redegal.com\/es\/#\/schema\/logo\/image\/"},"sameAs":["https:\/\/facebook.com\/Redegal\/","https:\/\/www.instagram.com\/_redegal\/","https:\/\/www.linkedin.com\/company\/redegal\/","https:\/\/www.youtube.com\/channel\/UCDXwbtEULPIYV2I1ugDzeUw","https:\/\/x.com\/redegal"]},{"@type":"Person","@id":"https:\/\/www.redegal.com\/es\/#\/schema\/person\/80b02630c7e733147390f69233710ed5","name":"Comunicacion comunicacion","image":{"@type":"ImageObject","inLanguage":"es","@id":"https:\/\/www.redegal.com\/es\/#\/schema\/person\/image\/","url":"https:\/\/secure.gravatar.com\/avatar\/?s=96&d=mm&r=g","contentUrl":"https:\/\/secure.gravatar.com\/avatar\/?s=96&d=mm&r=g","caption":"Comunicacion comunicacion"}}]}},"_links":{"self":[{"href":"https:\/\/www.redegal.com\/es\/wp-json\/wp\/v2\/posts\/4811","targetHints":{"allow":["GET"]}}],"collection":[{"href":"https:\/\/www.redegal.com\/es\/wp-json\/wp\/v2\/posts"}],"about":[{"href":"https:\/\/www.redegal.com\/es\/wp-json\/wp\/v2\/types\/post"}],"author":[{"embeddable":true,"href":"https:\/\/www.redegal.com\/es\/wp-json\/wp\/v2\/users\/6"}],"replies":[{"embeddable":true,"href":"https:\/\/www.redegal.com\/es\/wp-json\/wp\/v2\/comments?post=4811"}],"version-history":[{"count":0,"href":"https:\/\/www.redegal.com\/es\/wp-json\/wp\/v2\/posts\/4811\/revisions"}],"wp:attachment":[{"href":"https:\/\/www.redegal.com\/es\/wp-json\/wp\/v2\/media?parent=4811"}],"wp:term":[{"taxonomy":"category","embeddable":true,"href":"https:\/\/www.redegal.com\/es\/wp-json\/wp\/v2\/categories?post=4811"},{"taxonomy":"post_tag","embeddable":true,"href":"https:\/\/www.redegal.com\/es\/wp-json\/wp\/v2\/tags?post=4811"}],"curies":[{"name":"wp","href":"https:\/\/api.w.org\/{rel}","templated":true}]}}