{"id":4194,"date":"2016-09-15T07:22:45","date_gmt":"2016-09-15T07:22:45","guid":{"rendered":"https:\/\/www.redegal.com\/?p=4194"},"modified":"2021-11-20T15:07:42","modified_gmt":"2021-11-20T14:07:42","slug":"septiembre-momento-ecommerce-moda","status":"publish","type":"post","link":"https:\/\/www.redegal.com\/es\/blog\/septiembre-momento-ecommerce-moda\/","title":{"rendered":"El mejor momento para apostar por el eCommerce de moda es ahora"},"content":{"rendered":"<p>Espa\u00f1a es uno de los pa\u00edses de la Uni\u00f3n Europea en los que el comercio electr\u00f3nico crece con mayor fuerza. As\u00ed lo demuestra el \u00faltimo estudio de la <a href=\"https:\/\/gallery.mailchimp.com\/996a241a1277589de1e7f5373\/files\/20160708_NP_CE_IV_15_.pdf\">Comisi\u00f3n Nacional de los Mercados y la Competencia<\/a>, publicado el pasado mes de julio, con unos datos m\u00e1s que positivos.<\/p>\n<p>No hay m\u00e1s que fijarse en las cifras: en el \u00faltimo trimestre de 2015 el comercio electr\u00f3nico factur\u00f3 en Espa\u00f1a un total de 5.309 millones de euros, es decir, un 23% m\u00e1s que en el mismo per\u00edodo de 2014.<\/p>\n<p>El estudio, que tambi\u00e9n analiza el volumen de negocio en cuanto a sectores, sit\u00faa a <strong>la moda como la tercera fuerza<\/strong>, con un 7,6% del total, siendo superada \u00fanicamente por las agencias de viajes y operadores tur\u00edsticos (13,2%) y el transporte a\u00e9reo (10,3%).<\/p>\n<p>De los 17,7 millones de espa\u00f1oles que compraron online durante 2015, 6 compraron moda, lo que supone un 34% del total, mientras que en 2013 la cifra se reduc\u00eda a los 2,5 millones. Adem\u00e1s, se factur\u00f3 en eCommerce un total de 20.000 millones de euros y 1.971 fueron a parar a tiendas de ropa y complementos. Por \u00faltimo, cabe destacar que cada consumidor gast\u00f3 una media de 328,5 euros en moda a trav\u00e9s de Internet y realiz\u00f3 5,8 compras, invirtiendo en cada una de ellas un promedio de 56 euros.<\/p>\n<p><strong>La industria de la moda se est\u00e1 posicionando, por tanto, como uno de los sectores estrella del eCommerce<\/strong>, tal y como afirma Corpora 360 en su <a href=\"http:\/\/www.corpora360.com\/2016\/05\/11\/situacion-del-ecommerce-y-movil-en-espana) sobre un estudio de la consultora Setesca (enlace: http:\/\/setesca.com\/\">art\u00edculo<\/a>.<\/p>\n<p>Los datos muestran el gran atractivo que los compradores digitales han visto en la moda, algo que se refleja en el elevado n\u00famero de tiendas que han visto <strong>Internet como una gran oportunidad de negocio y las redes sociales como un aliado para conectar con sus clientes<\/strong>. Las grandes firmas y peque\u00f1os comercios, con o sin negocio f\u00edsico ya se han unido al eCommerce de moda.<\/p>\n<p>Aprovecha ahora si tu comercio todav\u00eda no ha dado el paso o est\u00e1s pensando en emprender, pues con el arranque de las colecciones de oto\u00f1o y la vuelta a la rutina es el mejor momento para renovar el armario.<\/p>\n","protected":false},"excerpt":{"rendered":"<p>Espa\u00f1a es uno de los pa\u00edses de la Uni\u00f3n Europea en los que el comercio electr\u00f3nico crece con mayor fuerza. As\u00ed lo demuestra el \u00faltimo estudio de la Comisi\u00f3n Nacional de los Mercados y la Competencia, publicado el pasado mes de julio, con unos datos m\u00e1s que positivos. No hay m\u00e1s que fijarse en las [&hellip;]<\/p>\n","protected":false},"author":1,"featured_media":4609,"comment_status":"open","ping_status":"open","sticky":false,"template":"","format":"standard","meta":{"_acf_changed":false,"inline_featured_image":false,"footnotes":""},"categories":[19],"tags":[],"class_list":["post-4194","post","type-post","status-publish","format-standard","has-post-thumbnail","hentry","category-ecommerce"],"acf":[],"yoast_head":"<!-- This site is optimized with the Yoast SEO plugin v26.6 - https:\/\/yoast.com\/wordpress\/plugins\/seo\/ -->\n<title>El mejor momento para apostar por el eCommerce de moda es ahora - Redegal<\/title>\n<meta name=\"robots\" content=\"index, follow, max-snippet:-1, max-image-preview:large, max-video-preview:-1\" \/>\n<link rel=\"canonical\" href=\"https:\/\/www.redegal.com\/es\/blog\/septiembre-momento-ecommerce-moda\/\" \/>\n<meta property=\"og:locale\" content=\"es_ES\" \/>\n<meta property=\"og:type\" content=\"article\" \/>\n<meta property=\"og:title\" content=\"El mejor momento para apostar por el eCommerce de moda es ahora - Redegal\" \/>\n<meta property=\"og:description\" content=\"Espa\u00f1a es uno de los pa\u00edses de la Uni\u00f3n Europea en los que el comercio electr\u00f3nico crece con mayor fuerza. As\u00ed lo demuestra el \u00faltimo estudio de la Comisi\u00f3n Nacional de los Mercados y la Competencia, publicado el pasado mes de julio, con unos datos m\u00e1s que positivos. No hay m\u00e1s que fijarse en las [&hellip;]\" \/>\n<meta property=\"og:url\" content=\"https:\/\/www.redegal.com\/es\/blog\/septiembre-momento-ecommerce-moda\/\" \/>\n<meta property=\"og:site_name\" content=\"Redegal\" \/>\n<meta property=\"article:publisher\" content=\"https:\/\/facebook.com\/Redegal\/\" \/>\n<meta property=\"article:published_time\" content=\"2016-09-15T07:22:45+00:00\" \/>\n<meta property=\"article:modified_time\" content=\"2021-11-20T14:07:42+00:00\" \/>\n<meta property=\"og:image\" content=\"https:\/\/www.redegal.com\/wp-content\/uploads\/2016\/08\/MODA_CABECERA-1024x526.png\" \/>\n\t<meta property=\"og:image:width\" content=\"1024\" \/>\n\t<meta property=\"og:image:height\" content=\"526\" \/>\n\t<meta property=\"og:image:type\" content=\"image\/png\" \/>\n<meta name=\"author\" content=\"Soporte\" \/>\n<meta name=\"twitter:card\" content=\"summary_large_image\" \/>\n<meta name=\"twitter:label1\" content=\"Escrito por\" \/>\n\t<meta name=\"twitter:data1\" content=\"Soporte\" \/>\n\t<meta name=\"twitter:label2\" content=\"Tiempo de lectura\" \/>\n\t<meta name=\"twitter:data2\" content=\"2 minutos\" \/>\n<script type=\"application\/ld+json\" class=\"yoast-schema-graph\">{\"@context\":\"https:\/\/schema.org\",\"@graph\":[{\"@type\":[\"Article\",\"BlogPosting\"],\"@id\":\"https:\/\/www.redegal.com\/es\/blog\/septiembre-momento-ecommerce-moda\/#article\",\"isPartOf\":{\"@id\":\"https:\/\/www.redegal.com\/es\/blog\/septiembre-momento-ecommerce-moda\/\"},\"author\":{\"name\":\"Soporte\",\"@id\":\"https:\/\/www.redegal.com\/es\/#\/schema\/person\/d4c0afd08bf291b8303e13298aef6572\"},\"headline\":\"El mejor momento para apostar por el eCommerce de moda es ahora\",\"datePublished\":\"2016-09-15T07:22:45+00:00\",\"dateModified\":\"2021-11-20T14:07:42+00:00\",\"mainEntityOfPage\":{\"@id\":\"https:\/\/www.redegal.com\/es\/blog\/septiembre-momento-ecommerce-moda\/\"},\"wordCount\":371,\"commentCount\":0,\"publisher\":{\"@id\":\"https:\/\/www.redegal.com\/es\/#organization\"},\"image\":{\"@id\":\"https:\/\/www.redegal.com\/es\/blog\/septiembre-momento-ecommerce-moda\/#primaryimage\"},\"thumbnailUrl\":\"https:\/\/www.redegal.com\/wp-content\/uploads\/2016\/08\/MODA_CABECERA.png\",\"articleSection\":[\"eCommerce\"],\"inLanguage\":\"es\",\"potentialAction\":[{\"@type\":\"CommentAction\",\"name\":\"Comment\",\"target\":[\"https:\/\/www.redegal.com\/es\/blog\/septiembre-momento-ecommerce-moda\/#respond\"]}]},{\"@type\":\"WebPage\",\"@id\":\"https:\/\/www.redegal.com\/es\/blog\/septiembre-momento-ecommerce-moda\/\",\"url\":\"https:\/\/www.redegal.com\/es\/blog\/septiembre-momento-ecommerce-moda\/\",\"name\":\"El mejor momento para apostar por el eCommerce de moda es ahora - Redegal\",\"isPartOf\":{\"@id\":\"https:\/\/www.redegal.com\/es\/#website\"},\"primaryImageOfPage\":{\"@id\":\"https:\/\/www.redegal.com\/es\/blog\/septiembre-momento-ecommerce-moda\/#primaryimage\"},\"image\":{\"@id\":\"https:\/\/www.redegal.com\/es\/blog\/septiembre-momento-ecommerce-moda\/#primaryimage\"},\"thumbnailUrl\":\"https:\/\/www.redegal.com\/wp-content\/uploads\/2016\/08\/MODA_CABECERA.png\",\"datePublished\":\"2016-09-15T07:22:45+00:00\",\"dateModified\":\"2021-11-20T14:07:42+00:00\",\"breadcrumb\":{\"@id\":\"https:\/\/www.redegal.com\/es\/blog\/septiembre-momento-ecommerce-moda\/#breadcrumb\"},\"inLanguage\":\"es\",\"potentialAction\":[{\"@type\":\"ReadAction\",\"target\":[\"https:\/\/www.redegal.com\/es\/blog\/septiembre-momento-ecommerce-moda\/\"]}]},{\"@type\":\"ImageObject\",\"inLanguage\":\"es\",\"@id\":\"https:\/\/www.redegal.com\/es\/blog\/septiembre-momento-ecommerce-moda\/#primaryimage\",\"url\":\"https:\/\/www.redegal.com\/wp-content\/uploads\/2016\/08\/MODA_CABECERA.png\",\"contentUrl\":\"https:\/\/www.redegal.com\/wp-content\/uploads\/2016\/08\/MODA_CABECERA.png\",\"width\":3588,\"height\":1842,\"caption\":\"El mejor momento para apostar por el eCommerce de moda es ahora\"},{\"@type\":\"BreadcrumbList\",\"@id\":\"https:\/\/www.redegal.com\/es\/blog\/septiembre-momento-ecommerce-moda\/#breadcrumb\",\"itemListElement\":[{\"@type\":\"ListItem\",\"position\":1,\"name\":\"Home\",\"item\":\"https:\/\/www.redegal.com\/es\/\"},{\"@type\":\"ListItem\",\"position\":2,\"name\":\"El mejor momento para apostar por el eCommerce de moda es ahora\"}]},{\"@type\":\"WebSite\",\"@id\":\"https:\/\/www.redegal.com\/es\/#website\",\"url\":\"https:\/\/www.redegal.com\/es\/\",\"name\":\"Redegal\",\"description\":\"\",\"publisher\":{\"@id\":\"https:\/\/www.redegal.com\/es\/#organization\"},\"potentialAction\":[{\"@type\":\"SearchAction\",\"target\":{\"@type\":\"EntryPoint\",\"urlTemplate\":\"https:\/\/www.redegal.com\/es\/?s={search_term_string}\"},\"query-input\":{\"@type\":\"PropertyValueSpecification\",\"valueRequired\":true,\"valueName\":\"search_term_string\"}}],\"inLanguage\":\"es\"},{\"@type\":\"Organization\",\"@id\":\"https:\/\/www.redegal.com\/es\/#organization\",\"name\":\"Redegal\",\"url\":\"https:\/\/www.redegal.com\/es\/\",\"logo\":{\"@type\":\"ImageObject\",\"inLanguage\":\"es\",\"@id\":\"https:\/\/www.redegal.com\/es\/#\/schema\/logo\/image\/\",\"url\":\"https:\/\/www.redegal.com\/wp-content\/uploads\/2025\/05\/Logo-Redegal.svg\",\"contentUrl\":\"https:\/\/www.redegal.com\/wp-content\/uploads\/2025\/05\/Logo-Redegal.svg\",\"width\":\"1024\",\"height\":\"1024\",\"caption\":\"Redegal\"},\"image\":{\"@id\":\"https:\/\/www.redegal.com\/es\/#\/schema\/logo\/image\/\"},\"sameAs\":[\"https:\/\/facebook.com\/Redegal\/\",\"https:\/\/www.instagram.com\/_redegal\/\",\"https:\/\/www.linkedin.com\/company\/redegal\/\",\"https:\/\/www.youtube.com\/channel\/UCDXwbtEULPIYV2I1ugDzeUw\",\"https:\/\/x.com\/redegal\"]},{\"@type\":\"Person\",\"@id\":\"https:\/\/www.redegal.com\/es\/#\/schema\/person\/d4c0afd08bf291b8303e13298aef6572\",\"name\":\"Soporte\",\"image\":{\"@type\":\"ImageObject\",\"inLanguage\":\"es\",\"@id\":\"https:\/\/www.redegal.com\/es\/#\/schema\/person\/image\/\",\"url\":\"https:\/\/secure.gravatar.com\/avatar\/7b5d1b919a0449cf018416a2c97470e41c61c32224a14ca2ec08531e321dcbcc?s=96&d=mm&r=g\",\"contentUrl\":\"https:\/\/secure.gravatar.com\/avatar\/7b5d1b919a0449cf018416a2c97470e41c61c32224a14ca2ec08531e321dcbcc?s=96&d=mm&r=g\",\"caption\":\"Soporte\"},\"sameAs\":[\"http:\/\/redegal.com\"]}]}<\/script>\n<!-- \/ Yoast SEO plugin. -->","yoast_head_json":{"title":"El mejor momento para apostar por el eCommerce de moda es ahora - Redegal","robots":{"index":"index","follow":"follow","max-snippet":"max-snippet:-1","max-image-preview":"max-image-preview:large","max-video-preview":"max-video-preview:-1"},"canonical":"https:\/\/www.redegal.com\/es\/blog\/septiembre-momento-ecommerce-moda\/","og_locale":"es_ES","og_type":"article","og_title":"El mejor momento para apostar por el eCommerce de moda es ahora - Redegal","og_description":"Espa\u00f1a es uno de los pa\u00edses de la Uni\u00f3n Europea en los que el comercio electr\u00f3nico crece con mayor fuerza. As\u00ed lo demuestra el \u00faltimo estudio de la Comisi\u00f3n Nacional de los Mercados y la Competencia, publicado el pasado mes de julio, con unos datos m\u00e1s que positivos. No hay m\u00e1s que fijarse en las [&hellip;]","og_url":"https:\/\/www.redegal.com\/es\/blog\/septiembre-momento-ecommerce-moda\/","og_site_name":"Redegal","article_publisher":"https:\/\/facebook.com\/Redegal\/","article_published_time":"2016-09-15T07:22:45+00:00","article_modified_time":"2021-11-20T14:07:42+00:00","og_image":[{"width":1024,"height":526,"url":"https:\/\/www.redegal.com\/wp-content\/uploads\/2016\/08\/MODA_CABECERA-1024x526.png","type":"image\/png"}],"author":"Soporte","twitter_card":"summary_large_image","twitter_misc":{"Escrito por":"Soporte","Tiempo de lectura":"2 minutos"},"schema":{"@context":"https:\/\/schema.org","@graph":[{"@type":["Article","BlogPosting"],"@id":"https:\/\/www.redegal.com\/es\/blog\/septiembre-momento-ecommerce-moda\/#article","isPartOf":{"@id":"https:\/\/www.redegal.com\/es\/blog\/septiembre-momento-ecommerce-moda\/"},"author":{"name":"Soporte","@id":"https:\/\/www.redegal.com\/es\/#\/schema\/person\/d4c0afd08bf291b8303e13298aef6572"},"headline":"El mejor momento para apostar por el eCommerce de moda es ahora","datePublished":"2016-09-15T07:22:45+00:00","dateModified":"2021-11-20T14:07:42+00:00","mainEntityOfPage":{"@id":"https:\/\/www.redegal.com\/es\/blog\/septiembre-momento-ecommerce-moda\/"},"wordCount":371,"commentCount":0,"publisher":{"@id":"https:\/\/www.redegal.com\/es\/#organization"},"image":{"@id":"https:\/\/www.redegal.com\/es\/blog\/septiembre-momento-ecommerce-moda\/#primaryimage"},"thumbnailUrl":"https:\/\/www.redegal.com\/wp-content\/uploads\/2016\/08\/MODA_CABECERA.png","articleSection":["eCommerce"],"inLanguage":"es","potentialAction":[{"@type":"CommentAction","name":"Comment","target":["https:\/\/www.redegal.com\/es\/blog\/septiembre-momento-ecommerce-moda\/#respond"]}]},{"@type":"WebPage","@id":"https:\/\/www.redegal.com\/es\/blog\/septiembre-momento-ecommerce-moda\/","url":"https:\/\/www.redegal.com\/es\/blog\/septiembre-momento-ecommerce-moda\/","name":"El mejor momento para apostar por el eCommerce de moda es ahora - Redegal","isPartOf":{"@id":"https:\/\/www.redegal.com\/es\/#website"},"primaryImageOfPage":{"@id":"https:\/\/www.redegal.com\/es\/blog\/septiembre-momento-ecommerce-moda\/#primaryimage"},"image":{"@id":"https:\/\/www.redegal.com\/es\/blog\/septiembre-momento-ecommerce-moda\/#primaryimage"},"thumbnailUrl":"https:\/\/www.redegal.com\/wp-content\/uploads\/2016\/08\/MODA_CABECERA.png","datePublished":"2016-09-15T07:22:45+00:00","dateModified":"2021-11-20T14:07:42+00:00","breadcrumb":{"@id":"https:\/\/www.redegal.com\/es\/blog\/septiembre-momento-ecommerce-moda\/#breadcrumb"},"inLanguage":"es","potentialAction":[{"@type":"ReadAction","target":["https:\/\/www.redegal.com\/es\/blog\/septiembre-momento-ecommerce-moda\/"]}]},{"@type":"ImageObject","inLanguage":"es","@id":"https:\/\/www.redegal.com\/es\/blog\/septiembre-momento-ecommerce-moda\/#primaryimage","url":"https:\/\/www.redegal.com\/wp-content\/uploads\/2016\/08\/MODA_CABECERA.png","contentUrl":"https:\/\/www.redegal.com\/wp-content\/uploads\/2016\/08\/MODA_CABECERA.png","width":3588,"height":1842,"caption":"El mejor momento para apostar por el eCommerce de moda es ahora"},{"@type":"BreadcrumbList","@id":"https:\/\/www.redegal.com\/es\/blog\/septiembre-momento-ecommerce-moda\/#breadcrumb","itemListElement":[{"@type":"ListItem","position":1,"name":"Home","item":"https:\/\/www.redegal.com\/es\/"},{"@type":"ListItem","position":2,"name":"El mejor momento para apostar por el eCommerce de moda es ahora"}]},{"@type":"WebSite","@id":"https:\/\/www.redegal.com\/es\/#website","url":"https:\/\/www.redegal.com\/es\/","name":"Redegal","description":"","publisher":{"@id":"https:\/\/www.redegal.com\/es\/#organization"},"potentialAction":[{"@type":"SearchAction","target":{"@type":"EntryPoint","urlTemplate":"https:\/\/www.redegal.com\/es\/?s={search_term_string}"},"query-input":{"@type":"PropertyValueSpecification","valueRequired":true,"valueName":"search_term_string"}}],"inLanguage":"es"},{"@type":"Organization","@id":"https:\/\/www.redegal.com\/es\/#organization","name":"Redegal","url":"https:\/\/www.redegal.com\/es\/","logo":{"@type":"ImageObject","inLanguage":"es","@id":"https:\/\/www.redegal.com\/es\/#\/schema\/logo\/image\/","url":"https:\/\/www.redegal.com\/wp-content\/uploads\/2025\/05\/Logo-Redegal.svg","contentUrl":"https:\/\/www.redegal.com\/wp-content\/uploads\/2025\/05\/Logo-Redegal.svg","width":"1024","height":"1024","caption":"Redegal"},"image":{"@id":"https:\/\/www.redegal.com\/es\/#\/schema\/logo\/image\/"},"sameAs":["https:\/\/facebook.com\/Redegal\/","https:\/\/www.instagram.com\/_redegal\/","https:\/\/www.linkedin.com\/company\/redegal\/","https:\/\/www.youtube.com\/channel\/UCDXwbtEULPIYV2I1ugDzeUw","https:\/\/x.com\/redegal"]},{"@type":"Person","@id":"https:\/\/www.redegal.com\/es\/#\/schema\/person\/d4c0afd08bf291b8303e13298aef6572","name":"Soporte","image":{"@type":"ImageObject","inLanguage":"es","@id":"https:\/\/www.redegal.com\/es\/#\/schema\/person\/image\/","url":"https:\/\/secure.gravatar.com\/avatar\/7b5d1b919a0449cf018416a2c97470e41c61c32224a14ca2ec08531e321dcbcc?s=96&d=mm&r=g","contentUrl":"https:\/\/secure.gravatar.com\/avatar\/7b5d1b919a0449cf018416a2c97470e41c61c32224a14ca2ec08531e321dcbcc?s=96&d=mm&r=g","caption":"Soporte"},"sameAs":["http:\/\/redegal.com"]}]}},"_links":{"self":[{"href":"https:\/\/www.redegal.com\/es\/wp-json\/wp\/v2\/posts\/4194","targetHints":{"allow":["GET"]}}],"collection":[{"href":"https:\/\/www.redegal.com\/es\/wp-json\/wp\/v2\/posts"}],"about":[{"href":"https:\/\/www.redegal.com\/es\/wp-json\/wp\/v2\/types\/post"}],"author":[{"embeddable":true,"href":"https:\/\/www.redegal.com\/es\/wp-json\/wp\/v2\/users\/1"}],"replies":[{"embeddable":true,"href":"https:\/\/www.redegal.com\/es\/wp-json\/wp\/v2\/comments?post=4194"}],"version-history":[{"count":0,"href":"https:\/\/www.redegal.com\/es\/wp-json\/wp\/v2\/posts\/4194\/revisions"}],"wp:featuredmedia":[{"embeddable":true,"href":"https:\/\/www.redegal.com\/es\/wp-json\/wp\/v2\/media\/4609"}],"wp:attachment":[{"href":"https:\/\/www.redegal.com\/es\/wp-json\/wp\/v2\/media?parent=4194"}],"wp:term":[{"taxonomy":"category","embeddable":true,"href":"https:\/\/www.redegal.com\/es\/wp-json\/wp\/v2\/categories?post=4194"},{"taxonomy":"post_tag","embeddable":true,"href":"https:\/\/www.redegal.com\/es\/wp-json\/wp\/v2\/tags?post=4194"}],"curies":[{"name":"wp","href":"https:\/\/api.w.org\/{rel}","templated":true}]}}