{"id":3607,"date":"2016-04-05T10:51:24","date_gmt":"2016-04-05T10:51:24","guid":{"rendered":"http:\/\/localhost\/redegal\/?p=3607"},"modified":"2021-11-20T15:07:36","modified_gmt":"2021-11-20T14:07:36","slug":"expansion-redegal-latinoamerica-colombia","status":"publish","type":"post","link":"https:\/\/www.redegal.com\/es\/blog\/expansion-redegal-latinoamerica-colombia\/","title":{"rendered":"La expansi\u00f3n de Redegal en Latinoam\u00e9rica: Colombia"},"content":{"rendered":"<p style=\"text-align: justify;\">La forma de vender y comprar productos ha ido evolucionando gracias a la globalizaci\u00f3n y el desarrollo de las nuevas tecnolog\u00edas, posibilitando el desarrollo del comercio electr\u00f3nico, en aumento cada a\u00f1o. En Redegal, escogimos como primer pa\u00eds latinoamericano para exportar nuestra experiencia, M\u00e9xico. Despu\u00e9s de 3 a\u00f1os de arduo trabajo e infinita ilusi\u00f3n, tras establecer nuestra oficina y equipo de trabajo en M\u00e9xico DF, esta vez apostamos por Colombia.<\/p>\n<h2>INTERNET EN COLOMBIA<\/h2>\n<p style=\"text-align: justify;\">Latinoam\u00e9rica es una de las zonas con mayor crecimiento de comercio electr\u00f3nico cada a\u00f1o. Pero si hay un pa\u00eds que m\u00e1s est\u00e1 creciendo cada a\u00f1o, ese es Colombia. Sin embargo, en paralelo a su crecimiento ecommerce, contin\u00faa al alza el miedo de las personas a realizar transacciones electr\u00f3nicas debido a la desconfianza.<\/p>\n<p style=\"text-align: justify;\">La Comisi\u00f3n Estad\u00edstica de la C\u00e1mara Colombiana de Comercio Electr\u00f3nico, realiz\u00f3 un estudio basado en datos de comScore donde determina que el perfil demogr\u00e1fico de Colombia en Internet se divide entre un 50,2% de mujeres y un 49,8% de hombres, con una poblaci\u00f3n del 60% menor de 35 a\u00f1os de edad y, adem\u00e1s, m\u00e1s de un cuarto de la poblaci\u00f3n est\u00e1 ubicada en la regi\u00f3n de Bogot\u00e1.<\/p>\n<p style=\"text-align: justify;\"><a href=\"https:\/\/www.redegal.com\/wp-content\/uploads\/2016\/03\/grafica-1.png\"><img decoding=\"async\" class=\"alignnone size-full wp-image-3608\" src=\"https:\/\/www.redegal.com\/wp-content\/uploads\/2016\/03\/grafica-1.png\" alt=\"Internet en Colombia\" width=\"837\" height=\"497\" \/><\/a><\/p>\n<p style=\"text-align: justify;\">Seg\u00fan este estudio, durante el pasado 2014, el volumen de facturaci\u00f3n de ventas online ascendi\u00f3 a 9.320 millones de euros, con crecimientos exponenciales a\u00f1o tras a\u00f1o.<\/p>\n<p style=\"text-align: justify;\">Las tres categor\u00edas con m\u00e1s penetraci\u00f3n son transporte y viajes, comercio\/retail y tecnolog\u00eda. Y el m\u00e9todo de pago m\u00e1s recurrente para los compradores online en Colombia, es la tarjeta de cr\u00e9dito, con el 75% de las transacciones.<\/p>\n<h2>NUESTRA OFICINA EN BOGOT\u00c1<\/h2>\n<p style=\"text-align: justify;\">En Redegal, una vez m\u00e1s, hemos sabido apreciar esta evoluci\u00f3n del comercio electr\u00f3nico en Colombia, y el cambio de actitud del usuario colombiano que, a\u00f1o tras a\u00f1o, aumenta sus ganas y confianza a la hora de realizar compras online.<\/p>\n<p style=\"text-align: justify;\">Para seguir creciendo en nuestro sector tanto nacional como internacionalmente, es necesario arriesgarse y buscar nuevas oportunidades econ\u00f3micas y profesionales. Siguiendo nuestra filosof\u00eda de trabajo y valores de la empresa, comenzamos una nueva etapa en Bogot\u00e1, con una oficina situada en una de las zonas m\u00e1s emblem\u00e1ticas de la ciudad: World Trade Center. Se trata del principal distrito financiero de Bogot\u00e1, donde se encuentran compa\u00f1\u00edas l\u00edderes en servicios comerciales, bancos, corporaciones de telecomunicaciones o importantes firmas legales.<\/p>\n<p style=\"text-align: justify;\">\n<p><!--more--><\/p>\n","protected":false},"excerpt":{"rendered":"<p>La forma de vender y comprar productos ha ido evolucionando gracias a la globalizaci\u00f3n y el desarrollo de las nuevas tecnolog\u00edas, posibilitando el desarrollo del comercio electr\u00f3nico, en aumento cada a\u00f1o. En Redegal, escogimos como primer pa\u00eds latinoamericano para exportar nuestra experiencia, M\u00e9xico. Despu\u00e9s de 3 a\u00f1os de arduo trabajo e infinita ilusi\u00f3n, tras establecer [&hellip;]<\/p>\n","protected":false},"author":5,"featured_media":3618,"comment_status":"open","ping_status":"open","sticky":false,"template":"","format":"standard","meta":{"_acf_changed":false,"inline_featured_image":false,"footnotes":""},"categories":[21],"tags":[],"class_list":["post-3607","post","type-post","status-publish","format-standard","has-post-thumbnail","hentry","category-colombia"],"acf":[],"yoast_head":"<!-- This site is optimized with the Yoast SEO plugin v26.6 - https:\/\/yoast.com\/wordpress\/plugins\/seo\/ -->\n<title>La expansi\u00f3n de Redegal en Latinoam\u00e9rica: Colombia<\/title>\n<meta name=\"description\" content=\"La expansi\u00f3n de Redegal por Latinoam\u00e9rica contin\u00faa en uno de los pa\u00edses con mayor crecimiento de comercio electr\u00f3nico cada a\u00f1o: Colombia.\" \/>\n<meta name=\"robots\" content=\"index, follow, max-snippet:-1, max-image-preview:large, max-video-preview:-1\" \/>\n<link rel=\"canonical\" href=\"https:\/\/www.redegal.com\/es\/blog\/expansion-redegal-latinoamerica-colombia\/\" \/>\n<meta property=\"og:locale\" content=\"es_ES\" \/>\n<meta property=\"og:type\" content=\"article\" \/>\n<meta property=\"og:title\" content=\"La expansi\u00f3n de Redegal en Latinoam\u00e9rica: Colombia\" \/>\n<meta property=\"og:description\" content=\"La expansi\u00f3n de Redegal por Latinoam\u00e9rica contin\u00faa en uno de los pa\u00edses con mayor crecimiento de comercio electr\u00f3nico cada a\u00f1o: Colombia.\" \/>\n<meta property=\"og:url\" content=\"https:\/\/www.redegal.com\/es\/blog\/expansion-redegal-latinoamerica-colombia\/\" \/>\n<meta property=\"og:site_name\" content=\"Redegal\" \/>\n<meta property=\"article:publisher\" content=\"https:\/\/facebook.com\/Redegal\/\" \/>\n<meta property=\"article:published_time\" content=\"2016-04-05T10:51:24+00:00\" \/>\n<meta property=\"article:modified_time\" content=\"2021-11-20T14:07:36+00:00\" \/>\n<meta property=\"og:image\" content=\"https:\/\/www.redegal.com\/wp-content\/uploads\/2021\/11\/Redegal-Social-Thumb.jpg\" \/>\n\t<meta property=\"og:image:width\" content=\"1200\" \/>\n\t<meta property=\"og:image:height\" content=\"600\" \/>\n\t<meta property=\"og:image:type\" content=\"image\/jpeg\" \/>\n<meta name=\"author\" content=\"Cristina Moratilla Cristina\" \/>\n<meta name=\"twitter:card\" content=\"summary_large_image\" \/>\n<meta name=\"twitter:label1\" content=\"Escrito por\" \/>\n\t<meta name=\"twitter:data1\" content=\"Cristina Moratilla Cristina\" \/>\n\t<meta name=\"twitter:label2\" content=\"Tiempo de lectura\" \/>\n\t<meta name=\"twitter:data2\" content=\"2 minutos\" \/>\n<script type=\"application\/ld+json\" class=\"yoast-schema-graph\">{\"@context\":\"https:\/\/schema.org\",\"@graph\":[{\"@type\":[\"Article\",\"BlogPosting\"],\"@id\":\"https:\/\/www.redegal.com\/es\/blog\/expansion-redegal-latinoamerica-colombia\/#article\",\"isPartOf\":{\"@id\":\"https:\/\/www.redegal.com\/es\/blog\/expansion-redegal-latinoamerica-colombia\/\"},\"author\":{\"name\":\"Cristina Moratilla Cristina\",\"@id\":\"https:\/\/www.redegal.com\/es\/#\/schema\/person\/675b10fb8aaf9e16a9eaea9d4c7e72ef\"},\"headline\":\"La expansi\u00f3n de Redegal en Latinoam\u00e9rica: Colombia\",\"datePublished\":\"2016-04-05T10:51:24+00:00\",\"dateModified\":\"2021-11-20T14:07:36+00:00\",\"mainEntityOfPage\":{\"@id\":\"https:\/\/www.redegal.com\/es\/blog\/expansion-redegal-latinoamerica-colombia\/\"},\"wordCount\":427,\"commentCount\":0,\"publisher\":{\"@id\":\"https:\/\/www.redegal.com\/es\/#organization\"},\"image\":{\"@id\":\"https:\/\/www.redegal.com\/es\/blog\/expansion-redegal-latinoamerica-colombia\/#primaryimage\"},\"thumbnailUrl\":\"\",\"articleSection\":[\"Colombia\"],\"inLanguage\":\"es\",\"potentialAction\":[{\"@type\":\"CommentAction\",\"name\":\"Comment\",\"target\":[\"https:\/\/www.redegal.com\/es\/blog\/expansion-redegal-latinoamerica-colombia\/#respond\"]}]},{\"@type\":\"WebPage\",\"@id\":\"https:\/\/www.redegal.com\/es\/blog\/expansion-redegal-latinoamerica-colombia\/\",\"url\":\"https:\/\/www.redegal.com\/es\/blog\/expansion-redegal-latinoamerica-colombia\/\",\"name\":\"La expansi\u00f3n de Redegal en Latinoam\u00e9rica: Colombia\",\"isPartOf\":{\"@id\":\"https:\/\/www.redegal.com\/es\/#website\"},\"primaryImageOfPage\":{\"@id\":\"https:\/\/www.redegal.com\/es\/blog\/expansion-redegal-latinoamerica-colombia\/#primaryimage\"},\"image\":{\"@id\":\"https:\/\/www.redegal.com\/es\/blog\/expansion-redegal-latinoamerica-colombia\/#primaryimage\"},\"thumbnailUrl\":\"\",\"datePublished\":\"2016-04-05T10:51:24+00:00\",\"dateModified\":\"2021-11-20T14:07:36+00:00\",\"description\":\"La expansi\u00f3n de Redegal por Latinoam\u00e9rica contin\u00faa en uno de los pa\u00edses con mayor crecimiento de comercio electr\u00f3nico cada a\u00f1o: Colombia.\",\"breadcrumb\":{\"@id\":\"https:\/\/www.redegal.com\/es\/blog\/expansion-redegal-latinoamerica-colombia\/#breadcrumb\"},\"inLanguage\":\"es\",\"potentialAction\":[{\"@type\":\"ReadAction\",\"target\":[\"https:\/\/www.redegal.com\/es\/blog\/expansion-redegal-latinoamerica-colombia\/\"]}]},{\"@type\":\"ImageObject\",\"inLanguage\":\"es\",\"@id\":\"https:\/\/www.redegal.com\/es\/blog\/expansion-redegal-latinoamerica-colombia\/#primaryimage\",\"url\":\"\",\"contentUrl\":\"\"},{\"@type\":\"BreadcrumbList\",\"@id\":\"https:\/\/www.redegal.com\/es\/blog\/expansion-redegal-latinoamerica-colombia\/#breadcrumb\",\"itemListElement\":[{\"@type\":\"ListItem\",\"position\":1,\"name\":\"Home\",\"item\":\"https:\/\/www.redegal.com\/es\/\"},{\"@type\":\"ListItem\",\"position\":2,\"name\":\"La expansi\u00f3n de Redegal en Latinoam\u00e9rica: Colombia\"}]},{\"@type\":\"WebSite\",\"@id\":\"https:\/\/www.redegal.com\/es\/#website\",\"url\":\"https:\/\/www.redegal.com\/es\/\",\"name\":\"Redegal\",\"description\":\"\",\"publisher\":{\"@id\":\"https:\/\/www.redegal.com\/es\/#organization\"},\"potentialAction\":[{\"@type\":\"SearchAction\",\"target\":{\"@type\":\"EntryPoint\",\"urlTemplate\":\"https:\/\/www.redegal.com\/es\/?s={search_term_string}\"},\"query-input\":{\"@type\":\"PropertyValueSpecification\",\"valueRequired\":true,\"valueName\":\"search_term_string\"}}],\"inLanguage\":\"es\"},{\"@type\":\"Organization\",\"@id\":\"https:\/\/www.redegal.com\/es\/#organization\",\"name\":\"Redegal\",\"url\":\"https:\/\/www.redegal.com\/es\/\",\"logo\":{\"@type\":\"ImageObject\",\"inLanguage\":\"es\",\"@id\":\"https:\/\/www.redegal.com\/es\/#\/schema\/logo\/image\/\",\"url\":\"https:\/\/www.redegal.com\/wp-content\/uploads\/2025\/05\/Logo-Redegal.svg\",\"contentUrl\":\"https:\/\/www.redegal.com\/wp-content\/uploads\/2025\/05\/Logo-Redegal.svg\",\"width\":\"1024\",\"height\":\"1024\",\"caption\":\"Redegal\"},\"image\":{\"@id\":\"https:\/\/www.redegal.com\/es\/#\/schema\/logo\/image\/\"},\"sameAs\":[\"https:\/\/facebook.com\/Redegal\/\",\"https:\/\/www.instagram.com\/_redegal\/\",\"https:\/\/www.linkedin.com\/company\/redegal\/\",\"https:\/\/www.youtube.com\/channel\/UCDXwbtEULPIYV2I1ugDzeUw\",\"https:\/\/x.com\/redegal\"]},{\"@type\":\"Person\",\"@id\":\"https:\/\/www.redegal.com\/es\/#\/schema\/person\/675b10fb8aaf9e16a9eaea9d4c7e72ef\",\"name\":\"Cristina Moratilla Cristina\",\"image\":{\"@type\":\"ImageObject\",\"inLanguage\":\"es\",\"@id\":\"https:\/\/www.redegal.com\/es\/#\/schema\/person\/image\/\",\"url\":\"https:\/\/secure.gravatar.com\/avatar\/?s=96&d=mm&r=g\",\"contentUrl\":\"https:\/\/secure.gravatar.com\/avatar\/?s=96&d=mm&r=g\",\"caption\":\"Cristina Moratilla Cristina\"}}]}<\/script>\n<!-- \/ Yoast SEO plugin. -->","yoast_head_json":{"title":"La expansi\u00f3n de Redegal en Latinoam\u00e9rica: Colombia","description":"La expansi\u00f3n de Redegal por Latinoam\u00e9rica contin\u00faa en uno de los pa\u00edses con mayor crecimiento de comercio electr\u00f3nico cada a\u00f1o: Colombia.","robots":{"index":"index","follow":"follow","max-snippet":"max-snippet:-1","max-image-preview":"max-image-preview:large","max-video-preview":"max-video-preview:-1"},"canonical":"https:\/\/www.redegal.com\/es\/blog\/expansion-redegal-latinoamerica-colombia\/","og_locale":"es_ES","og_type":"article","og_title":"La expansi\u00f3n de Redegal en Latinoam\u00e9rica: Colombia","og_description":"La expansi\u00f3n de Redegal por Latinoam\u00e9rica contin\u00faa en uno de los pa\u00edses con mayor crecimiento de comercio electr\u00f3nico cada a\u00f1o: Colombia.","og_url":"https:\/\/www.redegal.com\/es\/blog\/expansion-redegal-latinoamerica-colombia\/","og_site_name":"Redegal","article_publisher":"https:\/\/facebook.com\/Redegal\/","article_published_time":"2016-04-05T10:51:24+00:00","article_modified_time":"2021-11-20T14:07:36+00:00","og_image":[{"width":1200,"height":600,"url":"https:\/\/www.redegal.com\/wp-content\/uploads\/2021\/11\/Redegal-Social-Thumb.jpg","type":"image\/jpeg"}],"author":"Cristina Moratilla Cristina","twitter_card":"summary_large_image","twitter_misc":{"Escrito por":"Cristina Moratilla Cristina","Tiempo de lectura":"2 minutos"},"schema":{"@context":"https:\/\/schema.org","@graph":[{"@type":["Article","BlogPosting"],"@id":"https:\/\/www.redegal.com\/es\/blog\/expansion-redegal-latinoamerica-colombia\/#article","isPartOf":{"@id":"https:\/\/www.redegal.com\/es\/blog\/expansion-redegal-latinoamerica-colombia\/"},"author":{"name":"Cristina Moratilla Cristina","@id":"https:\/\/www.redegal.com\/es\/#\/schema\/person\/675b10fb8aaf9e16a9eaea9d4c7e72ef"},"headline":"La expansi\u00f3n de Redegal en Latinoam\u00e9rica: Colombia","datePublished":"2016-04-05T10:51:24+00:00","dateModified":"2021-11-20T14:07:36+00:00","mainEntityOfPage":{"@id":"https:\/\/www.redegal.com\/es\/blog\/expansion-redegal-latinoamerica-colombia\/"},"wordCount":427,"commentCount":0,"publisher":{"@id":"https:\/\/www.redegal.com\/es\/#organization"},"image":{"@id":"https:\/\/www.redegal.com\/es\/blog\/expansion-redegal-latinoamerica-colombia\/#primaryimage"},"thumbnailUrl":"","articleSection":["Colombia"],"inLanguage":"es","potentialAction":[{"@type":"CommentAction","name":"Comment","target":["https:\/\/www.redegal.com\/es\/blog\/expansion-redegal-latinoamerica-colombia\/#respond"]}]},{"@type":"WebPage","@id":"https:\/\/www.redegal.com\/es\/blog\/expansion-redegal-latinoamerica-colombia\/","url":"https:\/\/www.redegal.com\/es\/blog\/expansion-redegal-latinoamerica-colombia\/","name":"La expansi\u00f3n de Redegal en Latinoam\u00e9rica: Colombia","isPartOf":{"@id":"https:\/\/www.redegal.com\/es\/#website"},"primaryImageOfPage":{"@id":"https:\/\/www.redegal.com\/es\/blog\/expansion-redegal-latinoamerica-colombia\/#primaryimage"},"image":{"@id":"https:\/\/www.redegal.com\/es\/blog\/expansion-redegal-latinoamerica-colombia\/#primaryimage"},"thumbnailUrl":"","datePublished":"2016-04-05T10:51:24+00:00","dateModified":"2021-11-20T14:07:36+00:00","description":"La expansi\u00f3n de Redegal por Latinoam\u00e9rica contin\u00faa en uno de los pa\u00edses con mayor crecimiento de comercio electr\u00f3nico cada a\u00f1o: Colombia.","breadcrumb":{"@id":"https:\/\/www.redegal.com\/es\/blog\/expansion-redegal-latinoamerica-colombia\/#breadcrumb"},"inLanguage":"es","potentialAction":[{"@type":"ReadAction","target":["https:\/\/www.redegal.com\/es\/blog\/expansion-redegal-latinoamerica-colombia\/"]}]},{"@type":"ImageObject","inLanguage":"es","@id":"https:\/\/www.redegal.com\/es\/blog\/expansion-redegal-latinoamerica-colombia\/#primaryimage","url":"","contentUrl":""},{"@type":"BreadcrumbList","@id":"https:\/\/www.redegal.com\/es\/blog\/expansion-redegal-latinoamerica-colombia\/#breadcrumb","itemListElement":[{"@type":"ListItem","position":1,"name":"Home","item":"https:\/\/www.redegal.com\/es\/"},{"@type":"ListItem","position":2,"name":"La expansi\u00f3n de Redegal en Latinoam\u00e9rica: Colombia"}]},{"@type":"WebSite","@id":"https:\/\/www.redegal.com\/es\/#website","url":"https:\/\/www.redegal.com\/es\/","name":"Redegal","description":"","publisher":{"@id":"https:\/\/www.redegal.com\/es\/#organization"},"potentialAction":[{"@type":"SearchAction","target":{"@type":"EntryPoint","urlTemplate":"https:\/\/www.redegal.com\/es\/?s={search_term_string}"},"query-input":{"@type":"PropertyValueSpecification","valueRequired":true,"valueName":"search_term_string"}}],"inLanguage":"es"},{"@type":"Organization","@id":"https:\/\/www.redegal.com\/es\/#organization","name":"Redegal","url":"https:\/\/www.redegal.com\/es\/","logo":{"@type":"ImageObject","inLanguage":"es","@id":"https:\/\/www.redegal.com\/es\/#\/schema\/logo\/image\/","url":"https:\/\/www.redegal.com\/wp-content\/uploads\/2025\/05\/Logo-Redegal.svg","contentUrl":"https:\/\/www.redegal.com\/wp-content\/uploads\/2025\/05\/Logo-Redegal.svg","width":"1024","height":"1024","caption":"Redegal"},"image":{"@id":"https:\/\/www.redegal.com\/es\/#\/schema\/logo\/image\/"},"sameAs":["https:\/\/facebook.com\/Redegal\/","https:\/\/www.instagram.com\/_redegal\/","https:\/\/www.linkedin.com\/company\/redegal\/","https:\/\/www.youtube.com\/channel\/UCDXwbtEULPIYV2I1ugDzeUw","https:\/\/x.com\/redegal"]},{"@type":"Person","@id":"https:\/\/www.redegal.com\/es\/#\/schema\/person\/675b10fb8aaf9e16a9eaea9d4c7e72ef","name":"Cristina Moratilla Cristina","image":{"@type":"ImageObject","inLanguage":"es","@id":"https:\/\/www.redegal.com\/es\/#\/schema\/person\/image\/","url":"https:\/\/secure.gravatar.com\/avatar\/?s=96&d=mm&r=g","contentUrl":"https:\/\/secure.gravatar.com\/avatar\/?s=96&d=mm&r=g","caption":"Cristina Moratilla Cristina"}}]}},"_links":{"self":[{"href":"https:\/\/www.redegal.com\/es\/wp-json\/wp\/v2\/posts\/3607","targetHints":{"allow":["GET"]}}],"collection":[{"href":"https:\/\/www.redegal.com\/es\/wp-json\/wp\/v2\/posts"}],"about":[{"href":"https:\/\/www.redegal.com\/es\/wp-json\/wp\/v2\/types\/post"}],"author":[{"embeddable":true,"href":"https:\/\/www.redegal.com\/es\/wp-json\/wp\/v2\/users\/5"}],"replies":[{"embeddable":true,"href":"https:\/\/www.redegal.com\/es\/wp-json\/wp\/v2\/comments?post=3607"}],"version-history":[{"count":0,"href":"https:\/\/www.redegal.com\/es\/wp-json\/wp\/v2\/posts\/3607\/revisions"}],"wp:featuredmedia":[{"embeddable":true,"href":"https:\/\/www.redegal.com\/es\/wp-json\/"}],"wp:attachment":[{"href":"https:\/\/www.redegal.com\/es\/wp-json\/wp\/v2\/media?parent=3607"}],"wp:term":[{"taxonomy":"category","embeddable":true,"href":"https:\/\/www.redegal.com\/es\/wp-json\/wp\/v2\/categories?post=3607"},{"taxonomy":"post_tag","embeddable":true,"href":"https:\/\/www.redegal.com\/es\/wp-json\/wp\/v2\/tags?post=3607"}],"curies":[{"name":"wp","href":"https:\/\/api.w.org\/{rel}","templated":true}]}}