{"id":3581,"date":"2016-03-10T17:23:17","date_gmt":"2016-03-10T17:23:17","guid":{"rendered":"http:\/\/localhost\/redegal\/?p=3581"},"modified":"2023-04-24T09:31:35","modified_gmt":"2023-04-24T07:31:35","slug":"nuestra-strategic-creative-ganadora-en-smile-festival-2016","status":"publish","type":"post","link":"https:\/\/www.redegal.com\/es\/blog\/nuestra-strategic-creative-ganadora-en-smile-festival-2016\/","title":{"rendered":"Nuestra Strategic Creative, ganadora en Smile Festival"},"content":{"rendered":"<p style=\"text-align: justify;\">\u00bfNo sabes qu\u00e9 es el <a title=\"Smile Festival\" href=\"http:\/\/www.smilefestival.net\/\" target=\"_blank\" rel=\"noopener\">Smile Festival<\/a>? Entonces sigue leyendo, porque te va a sorprender.<\/p>\n<p style=\"text-align: justify;\">Desde el a\u00f1o 2011 se celebra cada a\u00f1o en Madrid el <b>Festival Europeo de Publicidad y Humor<\/b>, al que acuden los mejores talentos del mundo de la publicidad.<\/p>\n<p style=\"text-align: justify;\">Este festival premia a los creativos m\u00e1s destacados del panorama europeo, ensalzando el valor del humor en la publicidad, pues gracias a los sentimientos positivos que transmite, los productos, marcas y campa\u00f1as son recordados durante m\u00e1s tiempo.<\/p>\n<h1 style=\"text-align: justify;\">SMILE FESTIVAL VI EDICI\u00d3N<\/h1>\n<p style=\"text-align: justify;\">La edici\u00f3n de este a\u00f1o cont\u00f3 con la actriz Eva Isanta como conductora de una gala cargada de diversi\u00f3n, entretenimiento y, como no, humor.<\/p>\n<p style=\"text-align: justify;\">El palmar\u00e9s de este a\u00f1o estuvo marcado por el Premio de Honor dirigido a Paolo Vasile, Consejero Delegado de Mediaset, quien destac\u00f3 la importancia de hacer re\u00edr en las producciones tanto publicitarias como audiovisuales.<\/p>\n<p style=\"text-align: justify;\">De todos los inscritos en esta sexta edici\u00f3n, los premios se repartieron entre agencias de publicidad, j\u00f3venes talentos y freelance, categor\u00eda en la que se encontraba <strong>Noem\u00ed Cubillo<\/strong>, nuestra actual Strategic Creative.<\/p>\n<p><a href=\"https:\/\/www.redegal.com\/wp-content\/uploads\/2023\/04\/Premio-Noemi.jpg\"><img decoding=\"async\" class=\"aligncenter wp-image-11679 size-full\" src=\"https:\/\/www.redegal.com\/wp-content\/uploads\/2023\/04\/Premio-Noemi.jpg\" alt=\"Mejor autopromoci\u00f3n en Marketing directo y promocional\" width=\"952\" height=\"763\" srcset=\"https:\/\/www.redegal.com\/wp-content\/uploads\/2023\/04\/Premio-Noemi.jpg 952w, https:\/\/www.redegal.com\/wp-content\/uploads\/2023\/04\/Premio-Noemi-300x240.jpg 300w, https:\/\/www.redegal.com\/wp-content\/uploads\/2023\/04\/Premio-Noemi-768x616.jpg 768w, https:\/\/www.redegal.com\/wp-content\/uploads\/2023\/04\/Premio-Noemi-120x96.jpg 120w\" sizes=\"(max-width: 952px) 100vw, 952px\" \/><\/a><\/p>\n<h1 style=\"text-align: justify;\">NOEM\u00cd CUBILLO<\/h1>\n<p style=\"text-align: justify;\">Noem\u00ed es T\u00e9cnico Superior en Fotograf\u00eda Art\u00edstica y T\u00e9cnico Superior en Publicidad. Su trayectoria profesional est\u00e1 repleta de importantes agencias de publicidad tanto offline como online y empresas inform\u00e1ticas, desarrollando trabajos como creativa, ilustradora, edici\u00f3n fotogr\u00e1fica, direcci\u00f3n de arte, dise\u00f1o web\u2026<\/p>\n<p style=\"text-align: justify;\">Adem\u00e1s de las numerosas exposiciones fotogr\u00e1ficas que ha realizado en ciudades como A Coru\u00f1a, Barcelona o Par\u00eds, tambi\u00e9n ha recibido otros galardones en reconocimiento a su trabajo. El \u00faltimo premio ha sido este 3 de marzo, otorgado por Smile Festival en la categor\u00eda <b>Mejor autopromoci\u00f3n en marketing<\/b>, por su campa\u00f1a \u201cEl a\u00f1o del futuro\u201d.<\/p>\n<p><a href=\"https:\/\/www.redegal.com\/wp-content\/uploads\/2023\/04\/Premio-Noemi-2.jpg\"><img decoding=\"async\" class=\"aligncenter wp-image-11676 size-full\" src=\"https:\/\/www.redegal.com\/wp-content\/uploads\/2023\/04\/Premio-Noemi-2.jpg\" alt=\"Premio Noemi \" width=\"952\" height=\"714\" srcset=\"https:\/\/www.redegal.com\/wp-content\/uploads\/2023\/04\/Premio-Noemi-2.jpg 952w, https:\/\/www.redegal.com\/wp-content\/uploads\/2023\/04\/Premio-Noemi-2-300x225.jpg 300w, https:\/\/www.redegal.com\/wp-content\/uploads\/2023\/04\/Premio-Noemi-2-768x576.jpg 768w, https:\/\/www.redegal.com\/wp-content\/uploads\/2023\/04\/Premio-Noemi-2-120x90.jpg 120w\" sizes=\"(max-width: 952px) 100vw, 952px\" \/><\/a><\/p>\n<h1 style=\"text-align: justify;\">EL A\u00d1O DEL FUTURO<\/h1>\n<p style=\"text-align: justify;\">La campa\u00f1a de Noem\u00ed consisti\u00f3 en el dise\u00f1o y realizaci\u00f3n de un proyecto de marketing directo basado en la realizaci\u00f3n de felicitaciones navide\u00f1as mediante latas, en cuyo interior colocaba sobres con comida deshidratada y una memoria USB con su portfolio. Adem\u00e1s, este packaging inclu\u00eda el siguiente texto:<\/p>\n<p style=\"text-align: justify;\"><em>\u00a0\u201cNavidad 2015. El futuro no es como nos lo hab\u00edamos imaginado. Seguimos esperando por los coches voladores, los robocordones, gasolineras autom\u00e1ticas, cazadoras que se autosecan\u2026 Y es que, a veces, los proyectos necesitan m\u00e1s de un boceto para el ok definitivo. Dentro de este bote no encontrar\u00e1s un condensador de fluzo, ni tampoco un almanaque deportivo\u2026 Pero lo que hay dentro te ayudar\u00e1 a despedirte de \u201cel a\u00f1o del futuro\u201d con un buen sabor de boca\u201d.<\/em><\/p>\n<p><a href=\"https:\/\/www.redegal.com\/wp-content\/uploads\/2023\/04\/El-an\u0303o-del-futuro-4.jpg\"><img decoding=\"async\" class=\"aligncenter wp-image-11685 size-full\" src=\"https:\/\/www.redegal.com\/wp-content\/uploads\/2023\/04\/El-an\u0303o-del-futuro-4.jpg\" alt=\"El-a\u00f1o-del-futuro-4\" width=\"939\" height=\"485\" srcset=\"https:\/\/www.redegal.com\/wp-content\/uploads\/2023\/04\/El-an\u0303o-del-futuro-4.jpg 939w, https:\/\/www.redegal.com\/wp-content\/uploads\/2023\/04\/El-an\u0303o-del-futuro-4-300x155.jpg 300w, https:\/\/www.redegal.com\/wp-content\/uploads\/2023\/04\/El-an\u0303o-del-futuro-4-768x397.jpg 768w, https:\/\/www.redegal.com\/wp-content\/uploads\/2023\/04\/El-an\u0303o-del-futuro-4-120x62.jpg 120w\" sizes=\"(max-width: 939px) 100vw, 939px\" \/><\/a><\/p>\n<p style=\"text-align: justify;\"><img decoding=\"async\" class=\"aligncenter wp-image-11682 size-full\" src=\"https:\/\/www.redegal.com\/wp-content\/uploads\/2023\/04\/El-an\u0303o-del-futuro-3.jpg\" alt=\"El a\u00f1o del futuro 3\" width=\"780\" height=\"519\" srcset=\"https:\/\/www.redegal.com\/wp-content\/uploads\/2023\/04\/El-an\u0303o-del-futuro-3.jpg 780w, https:\/\/www.redegal.com\/wp-content\/uploads\/2023\/04\/El-an\u0303o-del-futuro-3-300x200.jpg 300w, https:\/\/www.redegal.com\/wp-content\/uploads\/2023\/04\/El-an\u0303o-del-futuro-3-768x511.jpg 768w, https:\/\/www.redegal.com\/wp-content\/uploads\/2023\/04\/El-an\u0303o-del-futuro-3-120x80.jpg 120w\" sizes=\"(max-width: 780px) 100vw, 780px\" \/><\/p>\n<p><!--more--><\/p>\n","protected":false},"excerpt":{"rendered":"<p>\u00bfNo sabes qu\u00e9 es el Smile Festival? Entonces sigue leyendo, porque te va a sorprender. Desde el a\u00f1o 2011 se celebra cada a\u00f1o en Madrid el Festival Europeo de Publicidad y Humor, al que acuden los mejores talentos del mundo de la publicidad. Este festival premia a los creativos m\u00e1s destacados del panorama europeo, ensalzando [&hellip;]<\/p>\n","protected":false},"author":5,"featured_media":3588,"comment_status":"open","ping_status":"open","sticky":false,"template":"","format":"standard","meta":{"_acf_changed":false,"inline_featured_image":false,"footnotes":""},"categories":[27,24],"tags":[],"class_list":["post-3581","post","type-post","status-publish","format-standard","has-post-thumbnail","hentry","category-diseno","category-redegal"],"acf":[],"yoast_head":"<!-- This site is optimized with the Yoast SEO plugin v26.6 - https:\/\/yoast.com\/wordpress\/plugins\/seo\/ -->\n<title>Nuestra Strategic Creative, ganadora en Smile Festival<\/title>\n<meta name=\"description\" content=\"Nuestra Strategic Creative, Noem\u00ed Cubillo, recibi\u00f3 de la mano de Smile Festival el premio a la Mejor autopromoci\u00f3n en marketing directo y promocional.\" \/>\n<meta name=\"robots\" content=\"index, follow, max-snippet:-1, max-image-preview:large, max-video-preview:-1\" \/>\n<link rel=\"canonical\" href=\"https:\/\/www.redegal.com\/es\/blog\/nuestra-strategic-creative-ganadora-en-smile-festival-2016\/\" \/>\n<meta property=\"og:locale\" content=\"es_ES\" \/>\n<meta property=\"og:type\" content=\"article\" \/>\n<meta property=\"og:title\" content=\"Nuestra Strategic Creative, ganadora en Smile Festival\" \/>\n<meta property=\"og:description\" content=\"Nuestra Strategic Creative, Noem\u00ed Cubillo, recibi\u00f3 de la mano de Smile Festival el premio a la Mejor autopromoci\u00f3n en marketing directo y promocional.\" \/>\n<meta property=\"og:url\" content=\"https:\/\/www.redegal.com\/es\/blog\/nuestra-strategic-creative-ganadora-en-smile-festival-2016\/\" \/>\n<meta property=\"og:site_name\" content=\"Redegal\" \/>\n<meta property=\"article:publisher\" content=\"https:\/\/facebook.com\/Redegal\/\" \/>\n<meta property=\"article:published_time\" content=\"2016-03-10T17:23:17+00:00\" \/>\n<meta property=\"article:modified_time\" content=\"2023-04-24T07:31:35+00:00\" \/>\n<meta property=\"og:image\" content=\"https:\/\/www.redegal.com\/wp-content\/uploads\/2021\/11\/Redegal-Social-Thumb.jpg\" \/>\n\t<meta property=\"og:image:width\" content=\"1200\" \/>\n\t<meta property=\"og:image:height\" content=\"600\" \/>\n\t<meta property=\"og:image:type\" content=\"image\/jpeg\" \/>\n<meta name=\"author\" content=\"Cristina Moratilla Cristina\" \/>\n<meta name=\"twitter:card\" content=\"summary_large_image\" \/>\n<meta name=\"twitter:label1\" content=\"Escrito por\" \/>\n\t<meta name=\"twitter:data1\" content=\"Cristina Moratilla Cristina\" \/>\n\t<meta name=\"twitter:label2\" content=\"Tiempo de lectura\" \/>\n\t<meta name=\"twitter:data2\" content=\"3 minutos\" \/>\n<script type=\"application\/ld+json\" class=\"yoast-schema-graph\">{\"@context\":\"https:\/\/schema.org\",\"@graph\":[{\"@type\":[\"Article\",\"BlogPosting\"],\"@id\":\"https:\/\/www.redegal.com\/es\/blog\/nuestra-strategic-creative-ganadora-en-smile-festival-2016\/#article\",\"isPartOf\":{\"@id\":\"https:\/\/www.redegal.com\/es\/blog\/nuestra-strategic-creative-ganadora-en-smile-festival-2016\/\"},\"author\":{\"name\":\"Cristina Moratilla Cristina\",\"@id\":\"https:\/\/www.redegal.com\/es\/#\/schema\/person\/675b10fb8aaf9e16a9eaea9d4c7e72ef\"},\"headline\":\"Nuestra Strategic Creative, ganadora en Smile Festival\",\"datePublished\":\"2016-03-10T17:23:17+00:00\",\"dateModified\":\"2023-04-24T07:31:35+00:00\",\"mainEntityOfPage\":{\"@id\":\"https:\/\/www.redegal.com\/es\/blog\/nuestra-strategic-creative-ganadora-en-smile-festival-2016\/\"},\"wordCount\":448,\"commentCount\":0,\"publisher\":{\"@id\":\"https:\/\/www.redegal.com\/es\/#organization\"},\"image\":{\"@id\":\"https:\/\/www.redegal.com\/es\/blog\/nuestra-strategic-creative-ganadora-en-smile-festival-2016\/#primaryimage\"},\"thumbnailUrl\":\"\",\"articleSection\":[\"Dise\u00f1o\",\"Redegal\"],\"inLanguage\":\"es\",\"potentialAction\":[{\"@type\":\"CommentAction\",\"name\":\"Comment\",\"target\":[\"https:\/\/www.redegal.com\/es\/blog\/nuestra-strategic-creative-ganadora-en-smile-festival-2016\/#respond\"]}]},{\"@type\":\"WebPage\",\"@id\":\"https:\/\/www.redegal.com\/es\/blog\/nuestra-strategic-creative-ganadora-en-smile-festival-2016\/\",\"url\":\"https:\/\/www.redegal.com\/es\/blog\/nuestra-strategic-creative-ganadora-en-smile-festival-2016\/\",\"name\":\"Nuestra Strategic Creative, ganadora en Smile Festival\",\"isPartOf\":{\"@id\":\"https:\/\/www.redegal.com\/es\/#website\"},\"primaryImageOfPage\":{\"@id\":\"https:\/\/www.redegal.com\/es\/blog\/nuestra-strategic-creative-ganadora-en-smile-festival-2016\/#primaryimage\"},\"image\":{\"@id\":\"https:\/\/www.redegal.com\/es\/blog\/nuestra-strategic-creative-ganadora-en-smile-festival-2016\/#primaryimage\"},\"thumbnailUrl\":\"\",\"datePublished\":\"2016-03-10T17:23:17+00:00\",\"dateModified\":\"2023-04-24T07:31:35+00:00\",\"description\":\"Nuestra Strategic Creative, Noem\u00ed Cubillo, recibi\u00f3 de la mano de Smile Festival el premio a la Mejor autopromoci\u00f3n en marketing directo y promocional.\",\"breadcrumb\":{\"@id\":\"https:\/\/www.redegal.com\/es\/blog\/nuestra-strategic-creative-ganadora-en-smile-festival-2016\/#breadcrumb\"},\"inLanguage\":\"es\",\"potentialAction\":[{\"@type\":\"ReadAction\",\"target\":[\"https:\/\/www.redegal.com\/es\/blog\/nuestra-strategic-creative-ganadora-en-smile-festival-2016\/\"]}]},{\"@type\":\"ImageObject\",\"inLanguage\":\"es\",\"@id\":\"https:\/\/www.redegal.com\/es\/blog\/nuestra-strategic-creative-ganadora-en-smile-festival-2016\/#primaryimage\",\"url\":\"\",\"contentUrl\":\"\"},{\"@type\":\"BreadcrumbList\",\"@id\":\"https:\/\/www.redegal.com\/es\/blog\/nuestra-strategic-creative-ganadora-en-smile-festival-2016\/#breadcrumb\",\"itemListElement\":[{\"@type\":\"ListItem\",\"position\":1,\"name\":\"Home\",\"item\":\"https:\/\/www.redegal.com\/es\/\"},{\"@type\":\"ListItem\",\"position\":2,\"name\":\"Nuestra Strategic Creative, ganadora en Smile Festival\"}]},{\"@type\":\"WebSite\",\"@id\":\"https:\/\/www.redegal.com\/es\/#website\",\"url\":\"https:\/\/www.redegal.com\/es\/\",\"name\":\"Redegal\",\"description\":\"\",\"publisher\":{\"@id\":\"https:\/\/www.redegal.com\/es\/#organization\"},\"potentialAction\":[{\"@type\":\"SearchAction\",\"target\":{\"@type\":\"EntryPoint\",\"urlTemplate\":\"https:\/\/www.redegal.com\/es\/?s={search_term_string}\"},\"query-input\":{\"@type\":\"PropertyValueSpecification\",\"valueRequired\":true,\"valueName\":\"search_term_string\"}}],\"inLanguage\":\"es\"},{\"@type\":\"Organization\",\"@id\":\"https:\/\/www.redegal.com\/es\/#organization\",\"name\":\"Redegal\",\"url\":\"https:\/\/www.redegal.com\/es\/\",\"logo\":{\"@type\":\"ImageObject\",\"inLanguage\":\"es\",\"@id\":\"https:\/\/www.redegal.com\/es\/#\/schema\/logo\/image\/\",\"url\":\"https:\/\/www.redegal.com\/wp-content\/uploads\/2025\/05\/Logo-Redegal.svg\",\"contentUrl\":\"https:\/\/www.redegal.com\/wp-content\/uploads\/2025\/05\/Logo-Redegal.svg\",\"width\":\"1024\",\"height\":\"1024\",\"caption\":\"Redegal\"},\"image\":{\"@id\":\"https:\/\/www.redegal.com\/es\/#\/schema\/logo\/image\/\"},\"sameAs\":[\"https:\/\/facebook.com\/Redegal\/\",\"https:\/\/www.instagram.com\/_redegal\/\",\"https:\/\/www.linkedin.com\/company\/redegal\/\",\"https:\/\/www.youtube.com\/channel\/UCDXwbtEULPIYV2I1ugDzeUw\",\"https:\/\/x.com\/redegal\"]},{\"@type\":\"Person\",\"@id\":\"https:\/\/www.redegal.com\/es\/#\/schema\/person\/675b10fb8aaf9e16a9eaea9d4c7e72ef\",\"name\":\"Cristina Moratilla Cristina\",\"image\":{\"@type\":\"ImageObject\",\"inLanguage\":\"es\",\"@id\":\"https:\/\/www.redegal.com\/es\/#\/schema\/person\/image\/\",\"url\":\"https:\/\/secure.gravatar.com\/avatar\/?s=96&d=mm&r=g\",\"contentUrl\":\"https:\/\/secure.gravatar.com\/avatar\/?s=96&d=mm&r=g\",\"caption\":\"Cristina Moratilla Cristina\"}}]}<\/script>\n<!-- \/ Yoast SEO plugin. -->","yoast_head_json":{"title":"Nuestra Strategic Creative, ganadora en Smile Festival","description":"Nuestra Strategic Creative, Noem\u00ed Cubillo, recibi\u00f3 de la mano de Smile Festival el premio a la Mejor autopromoci\u00f3n en marketing directo y promocional.","robots":{"index":"index","follow":"follow","max-snippet":"max-snippet:-1","max-image-preview":"max-image-preview:large","max-video-preview":"max-video-preview:-1"},"canonical":"https:\/\/www.redegal.com\/es\/blog\/nuestra-strategic-creative-ganadora-en-smile-festival-2016\/","og_locale":"es_ES","og_type":"article","og_title":"Nuestra Strategic Creative, ganadora en Smile Festival","og_description":"Nuestra Strategic Creative, Noem\u00ed Cubillo, recibi\u00f3 de la mano de Smile Festival el premio a la Mejor autopromoci\u00f3n en marketing directo y promocional.","og_url":"https:\/\/www.redegal.com\/es\/blog\/nuestra-strategic-creative-ganadora-en-smile-festival-2016\/","og_site_name":"Redegal","article_publisher":"https:\/\/facebook.com\/Redegal\/","article_published_time":"2016-03-10T17:23:17+00:00","article_modified_time":"2023-04-24T07:31:35+00:00","og_image":[{"width":1200,"height":600,"url":"https:\/\/www.redegal.com\/wp-content\/uploads\/2021\/11\/Redegal-Social-Thumb.jpg","type":"image\/jpeg"}],"author":"Cristina Moratilla Cristina","twitter_card":"summary_large_image","twitter_misc":{"Escrito por":"Cristina Moratilla Cristina","Tiempo de lectura":"3 minutos"},"schema":{"@context":"https:\/\/schema.org","@graph":[{"@type":["Article","BlogPosting"],"@id":"https:\/\/www.redegal.com\/es\/blog\/nuestra-strategic-creative-ganadora-en-smile-festival-2016\/#article","isPartOf":{"@id":"https:\/\/www.redegal.com\/es\/blog\/nuestra-strategic-creative-ganadora-en-smile-festival-2016\/"},"author":{"name":"Cristina Moratilla Cristina","@id":"https:\/\/www.redegal.com\/es\/#\/schema\/person\/675b10fb8aaf9e16a9eaea9d4c7e72ef"},"headline":"Nuestra Strategic Creative, ganadora en Smile Festival","datePublished":"2016-03-10T17:23:17+00:00","dateModified":"2023-04-24T07:31:35+00:00","mainEntityOfPage":{"@id":"https:\/\/www.redegal.com\/es\/blog\/nuestra-strategic-creative-ganadora-en-smile-festival-2016\/"},"wordCount":448,"commentCount":0,"publisher":{"@id":"https:\/\/www.redegal.com\/es\/#organization"},"image":{"@id":"https:\/\/www.redegal.com\/es\/blog\/nuestra-strategic-creative-ganadora-en-smile-festival-2016\/#primaryimage"},"thumbnailUrl":"","articleSection":["Dise\u00f1o","Redegal"],"inLanguage":"es","potentialAction":[{"@type":"CommentAction","name":"Comment","target":["https:\/\/www.redegal.com\/es\/blog\/nuestra-strategic-creative-ganadora-en-smile-festival-2016\/#respond"]}]},{"@type":"WebPage","@id":"https:\/\/www.redegal.com\/es\/blog\/nuestra-strategic-creative-ganadora-en-smile-festival-2016\/","url":"https:\/\/www.redegal.com\/es\/blog\/nuestra-strategic-creative-ganadora-en-smile-festival-2016\/","name":"Nuestra Strategic Creative, ganadora en Smile Festival","isPartOf":{"@id":"https:\/\/www.redegal.com\/es\/#website"},"primaryImageOfPage":{"@id":"https:\/\/www.redegal.com\/es\/blog\/nuestra-strategic-creative-ganadora-en-smile-festival-2016\/#primaryimage"},"image":{"@id":"https:\/\/www.redegal.com\/es\/blog\/nuestra-strategic-creative-ganadora-en-smile-festival-2016\/#primaryimage"},"thumbnailUrl":"","datePublished":"2016-03-10T17:23:17+00:00","dateModified":"2023-04-24T07:31:35+00:00","description":"Nuestra Strategic Creative, Noem\u00ed Cubillo, recibi\u00f3 de la mano de Smile Festival el premio a la Mejor autopromoci\u00f3n en marketing directo y promocional.","breadcrumb":{"@id":"https:\/\/www.redegal.com\/es\/blog\/nuestra-strategic-creative-ganadora-en-smile-festival-2016\/#breadcrumb"},"inLanguage":"es","potentialAction":[{"@type":"ReadAction","target":["https:\/\/www.redegal.com\/es\/blog\/nuestra-strategic-creative-ganadora-en-smile-festival-2016\/"]}]},{"@type":"ImageObject","inLanguage":"es","@id":"https:\/\/www.redegal.com\/es\/blog\/nuestra-strategic-creative-ganadora-en-smile-festival-2016\/#primaryimage","url":"","contentUrl":""},{"@type":"BreadcrumbList","@id":"https:\/\/www.redegal.com\/es\/blog\/nuestra-strategic-creative-ganadora-en-smile-festival-2016\/#breadcrumb","itemListElement":[{"@type":"ListItem","position":1,"name":"Home","item":"https:\/\/www.redegal.com\/es\/"},{"@type":"ListItem","position":2,"name":"Nuestra Strategic Creative, ganadora en Smile Festival"}]},{"@type":"WebSite","@id":"https:\/\/www.redegal.com\/es\/#website","url":"https:\/\/www.redegal.com\/es\/","name":"Redegal","description":"","publisher":{"@id":"https:\/\/www.redegal.com\/es\/#organization"},"potentialAction":[{"@type":"SearchAction","target":{"@type":"EntryPoint","urlTemplate":"https:\/\/www.redegal.com\/es\/?s={search_term_string}"},"query-input":{"@type":"PropertyValueSpecification","valueRequired":true,"valueName":"search_term_string"}}],"inLanguage":"es"},{"@type":"Organization","@id":"https:\/\/www.redegal.com\/es\/#organization","name":"Redegal","url":"https:\/\/www.redegal.com\/es\/","logo":{"@type":"ImageObject","inLanguage":"es","@id":"https:\/\/www.redegal.com\/es\/#\/schema\/logo\/image\/","url":"https:\/\/www.redegal.com\/wp-content\/uploads\/2025\/05\/Logo-Redegal.svg","contentUrl":"https:\/\/www.redegal.com\/wp-content\/uploads\/2025\/05\/Logo-Redegal.svg","width":"1024","height":"1024","caption":"Redegal"},"image":{"@id":"https:\/\/www.redegal.com\/es\/#\/schema\/logo\/image\/"},"sameAs":["https:\/\/facebook.com\/Redegal\/","https:\/\/www.instagram.com\/_redegal\/","https:\/\/www.linkedin.com\/company\/redegal\/","https:\/\/www.youtube.com\/channel\/UCDXwbtEULPIYV2I1ugDzeUw","https:\/\/x.com\/redegal"]},{"@type":"Person","@id":"https:\/\/www.redegal.com\/es\/#\/schema\/person\/675b10fb8aaf9e16a9eaea9d4c7e72ef","name":"Cristina Moratilla Cristina","image":{"@type":"ImageObject","inLanguage":"es","@id":"https:\/\/www.redegal.com\/es\/#\/schema\/person\/image\/","url":"https:\/\/secure.gravatar.com\/avatar\/?s=96&d=mm&r=g","contentUrl":"https:\/\/secure.gravatar.com\/avatar\/?s=96&d=mm&r=g","caption":"Cristina Moratilla Cristina"}}]}},"_links":{"self":[{"href":"https:\/\/www.redegal.com\/es\/wp-json\/wp\/v2\/posts\/3581","targetHints":{"allow":["GET"]}}],"collection":[{"href":"https:\/\/www.redegal.com\/es\/wp-json\/wp\/v2\/posts"}],"about":[{"href":"https:\/\/www.redegal.com\/es\/wp-json\/wp\/v2\/types\/post"}],"author":[{"embeddable":true,"href":"https:\/\/www.redegal.com\/es\/wp-json\/wp\/v2\/users\/5"}],"replies":[{"embeddable":true,"href":"https:\/\/www.redegal.com\/es\/wp-json\/wp\/v2\/comments?post=3581"}],"version-history":[{"count":1,"href":"https:\/\/www.redegal.com\/es\/wp-json\/wp\/v2\/posts\/3581\/revisions"}],"predecessor-version":[{"id":11687,"href":"https:\/\/www.redegal.com\/es\/wp-json\/wp\/v2\/posts\/3581\/revisions\/11687"}],"wp:featuredmedia":[{"embeddable":true,"href":"https:\/\/www.redegal.com\/es\/wp-json\/"}],"wp:attachment":[{"href":"https:\/\/www.redegal.com\/es\/wp-json\/wp\/v2\/media?parent=3581"}],"wp:term":[{"taxonomy":"category","embeddable":true,"href":"https:\/\/www.redegal.com\/es\/wp-json\/wp\/v2\/categories?post=3581"},{"taxonomy":"post_tag","embeddable":true,"href":"https:\/\/www.redegal.com\/es\/wp-json\/wp\/v2\/tags?post=3581"}],"curies":[{"name":"wp","href":"https:\/\/api.w.org\/{rel}","templated":true}]}}