{"id":14403,"date":"2025-01-31T10:00:55","date_gmt":"2025-01-31T09:00:55","guid":{"rendered":"https:\/\/www.redegal.com\/?p=14403"},"modified":"2025-01-31T09:01:46","modified_gmt":"2025-01-31T08:01:46","slug":"debut-redegal-bolsas-y-mercados-espanoles-2025","status":"publish","type":"post","link":"https:\/\/www.redegal.com\/es\/blog\/debut-redegal-bolsas-y-mercados-espanoles-2025\/","title":{"rendered":"Redegal debuta en BME: un paso m\u00e1s en nuestro compromiso con el crecimiento"},"content":{"rendered":"\n<p>En compromiso con nuestra estrategia de crecimiento, el 23 de enero de 2025 abrimos un nuevo cap\u00edtulo en la historia de Redegal. Empezamos a escribir una nueva p\u00e1gina en blanco con<strong> nuestro debut en Bolsas y Mercados Espa\u00f1oles (BME)<\/strong>. Nuestra incorporaci\u00f3n a BME Scaleup -el mercado orientado a empresas en crecimiento- supone dar un paso m\u00e1s en nuestra consolidaci\u00f3n en el sector digital.&nbsp;<\/p>\n\n\n\n<h2 class=\"wp-block-heading\">Ampliaci\u00f3n de capital&nbsp;<\/h2>\n\n\n\n<p>De manera previa a esta entrada a bolsa se llev\u00f3 a cabo una <strong>ampliaci\u00f3n de capital por valor de 3,8 millones de euros<\/strong>. Se superaron as\u00ed los 3 millones que se marcaron inicialmente.&nbsp; A partir de esta operaci\u00f3n, entr\u00f3 un nuevo inversor ancla, Axon Partners, que se posicion\u00f3 como accionista de referencia junto a las familias V\u00e1zquez y De Prado.&nbsp;<\/p>\n\n\n\n<p>Con esta inyecci\u00f3n de capital, nuestra compa\u00f1\u00eda full digital de alcance global pone el foco en el crecimiento org\u00e1nico e inorg\u00e1nico a la par que busca consolidar su posici\u00f3n en la Pen\u00ednsula Ib\u00e9rica y Latinoam\u00e9rica.&nbsp;<\/p>\n\n\n\n<p>El presidente ejecutivo de la compa\u00f1\u00eda, Jorge V\u00e1zquez, ha destacado: \u201cNo podemos estar m\u00e1s contentos de haber completado con tanto \u00e9xito esta ampliaci\u00f3n de capital y de dar la bienvenida a Axon Partners, quien junto al resto de accionistas va a permitir que podamos seguir la hoja de ruta que nos hemos marcado para los pr\u00f3ximos a\u00f1os. Esto se trata de un <strong>paso estrat\u00e9gico que reforzar\u00e1 nuestro plan de crecimiento y expansi\u00f3n internacional convirti\u00e9ndonos en la segunda compa\u00f1\u00eda de Ourense y la d\u00e9cimo primera gallega en cotizar en el mercado burs\u00e1til<\/strong>\u201d.&nbsp;<\/p>\n\n\n<div class=\"wp-block-image\">\n<figure class=\"aligncenter size-full\"><img decoding=\"async\" width=\"800\" height=\"532\" src=\"https:\/\/www.redegal.com\/wp-content\/uploads\/2025\/01\/redegal-debuta-bme.jpg\" alt=\"Juan Flames pronuncia ante las c\u00e1maras y asistentes el discurso previo a la salida a bolsa de Redegal en el edificio de la Bolsa de Madrid.\" class=\"wp-image-14420\" srcset=\"https:\/\/www.redegal.com\/wp-content\/uploads\/2025\/01\/redegal-debuta-bme.jpg 800w, https:\/\/www.redegal.com\/wp-content\/uploads\/2025\/01\/redegal-debuta-bme-300x200.jpg 300w, https:\/\/www.redegal.com\/wp-content\/uploads\/2025\/01\/redegal-debuta-bme-768x511.jpg 768w, https:\/\/www.redegal.com\/wp-content\/uploads\/2025\/01\/redegal-debuta-bme-120x80.jpg 120w\" sizes=\"(max-width: 800px) 100vw, 800px\" \/><\/figure>\n<\/div>\n\n\n<h2 class=\"wp-block-heading\">El toque de campana<\/h2>\n\n\n\n<p>El sonido de la campana retumb\u00f3 en el Palacio de la Bolsa de Madrid. El cl\u00e1sico toque de campana, protagonizado por Jorge V\u00e1zquez, marcaba el inicio de <strong>nuestra trayectoria como empresa cotizada<\/strong>. Estuvieron presentes Juan Flames, CEO de BME, y Jes\u00fas Gonz\u00e1lez, director general de BME Scaleup. Adem\u00e1s, nos arrop\u00f3 presencialmente y en streaming nuestro <a href=\"https:\/\/www.redegal.com\/es\/servicios\/\" target=\"_blank\" rel=\"noreferrer noopener\">equipo multidisciplinar<\/a>, <a href=\"https:\/\/www.redegal.com\/es\/accionistas-e-inversores\/\" target=\"_blank\" rel=\"noreferrer noopener\">accionistas e inversores.&nbsp;<\/a><\/p>\n\n\n\n<p>Nuestro debut en BME Scaleup tuvo lugar con un <strong>precio de referencia de 7 euros por acci\u00f3n<\/strong>, lo que supon\u00eda incorporarnos con una <strong>valoraci\u00f3n total de 15 millones de euros<\/strong>. No obstante, en el primer d\u00eda de cotizaci\u00f3n, las acciones experimentaron una notable<strong> revalorizaci\u00f3n del 20%, alcanzando los 8,40 euros por t\u00edtulo.&nbsp;<\/strong><\/p>\n\n\n\n<p>Pocos minutos despu\u00e9s del toque de campana, durante su discurso, V\u00e1zquez ha se\u00f1alado que la incorporaci\u00f3n a BME tiene como objetivo acelerar los planes de internacionalizaci\u00f3n de la compa\u00f1\u00eda e invertir en el desarrollo de productos propios.<\/p>\n\n\n\n<p>\u00c9l mismo valora que la entrada de Redegal a <a href=\"https:\/\/www.bolsasymercados.es\/MTF_Equity\/bme-scaleup\/esp\/Ficha\/REDEGAL_ES0105857009.aspx\" target=\"_blank\" rel=\"noreferrer noopener\">BME<\/a> marca \u201cun punto de inflexi\u00f3n en la trayectoria de la compa\u00f1\u00eda\u201d. \u201cNos abre nuevas oportunidades de crecimiento y fortalece nuestro posicionamiento competitivo en Espa\u00f1a y Latinoam\u00e9rica. Este logro refleja el <strong>compromiso de todo nuestro equipo con la innovaci\u00f3n y la excelencia<\/strong>, respaldado por la evoluci\u00f3n de nuestro negocio. Con este nuevo hito, estamos m\u00e1s preparados que nunca para seguir liderando el mercado digital y generando valor sostenible para nuestros clientes y accionistas.<strong> Nuestro siguiente objetivo es cotizar en BME Growth<\/strong> habiendo generado mucho valor a nuestra base de accionistas\u201d, ha explicado el presidente ejecutivo de la consultora full digital.&nbsp;<\/p>\n\n\n<div class=\"wp-block-image\">\n<figure class=\"aligncenter size-full\"><img decoding=\"async\" width=\"800\" height=\"532\" src=\"https:\/\/www.redegal.com\/wp-content\/uploads\/2025\/01\/redegal-debut-bme.jpg\" alt=\"Jorge V\u00e1zquez sosteniendo el reconocimiento de BME.\" class=\"wp-image-14424\" srcset=\"https:\/\/www.redegal.com\/wp-content\/uploads\/2025\/01\/redegal-debut-bme.jpg 800w, https:\/\/www.redegal.com\/wp-content\/uploads\/2025\/01\/redegal-debut-bme-300x200.jpg 300w, https:\/\/www.redegal.com\/wp-content\/uploads\/2025\/01\/redegal-debut-bme-768x511.jpg 768w, https:\/\/www.redegal.com\/wp-content\/uploads\/2025\/01\/redegal-debut-bme-120x80.jpg 120w\" sizes=\"(max-width: 800px) 100vw, 800px\" \/><\/figure>\n<\/div>\n\n\n<h2 class=\"wp-block-heading\">Un viaje de crecimiento y transformaci\u00f3n&nbsp;&nbsp;<\/h2>\n\n\n\n<p><a href=\"https:\/\/www.redegal.com\/es\/\" target=\"_blank\" rel=\"noreferrer noopener\">Redegal<\/a> naci\u00f3 en 2004 con la misi\u00f3n de transformar la manera en que las empresas de todo el mundo se relacionan con sus clientes, ofreciendo soluciones digitales innovadoras y adaptadas a un mercado en constante evoluci\u00f3n.&nbsp;<\/p>\n\n\n\n<p>Lo que comenz\u00f3 como un proyecto en Ourense pronto se convirti\u00f3 en una compa\u00f1\u00eda en expansi\u00f3n, consolid\u00e1ndose como un <strong>referente en el sector tecnol\u00f3gico<\/strong>. Gracias a nuestro enfoque en la innovaci\u00f3n ayudamos a marcas de diversos sectores a optimizar su presencia digital.<\/p>\n\n\n\n<p>Con una visi\u00f3n global y un firme compromiso con la transformaci\u00f3n digital, seguimos creciendo y evolucionando para anticiparnos a los desaf\u00edos del futuro.<\/p>\n\n\n<div class=\"wp-block-image\">\n<figure class=\"aligncenter size-full\"><img decoding=\"async\" width=\"799\" height=\"533\" src=\"https:\/\/www.redegal.com\/wp-content\/uploads\/2025\/01\/54284691019_d869346ba8_c.jpg\" alt=\"Parte del equipo de Redegal posa en a entrada del edificio de la Bolsa de Madrid junto a su presidente ejecutivo Jorge V\u00e1zquez.\" class=\"wp-image-14428\" srcset=\"https:\/\/www.redegal.com\/wp-content\/uploads\/2025\/01\/54284691019_d869346ba8_c.jpg 799w, https:\/\/www.redegal.com\/wp-content\/uploads\/2025\/01\/54284691019_d869346ba8_c-300x200.jpg 300w, https:\/\/www.redegal.com\/wp-content\/uploads\/2025\/01\/54284691019_d869346ba8_c-768x512.jpg 768w, https:\/\/www.redegal.com\/wp-content\/uploads\/2025\/01\/54284691019_d869346ba8_c-120x80.jpg 120w\" sizes=\"(max-width: 799px) 100vw, 799px\" \/><\/figure>\n<\/div>\n\n<div class=\"wp-block-image\">\n<figure class=\"aligncenter size-full\"><img decoding=\"async\" width=\"799\" height=\"533\" src=\"https:\/\/www.redegal.com\/wp-content\/uploads\/2025\/01\/54283562997_2e2b2949fc_c.jpg\" alt=\"Miembros de Redegal posan bajo el lema BME Scaleup da la Bienvenida a Redegal junto a la campana\" class=\"wp-image-14432\" srcset=\"https:\/\/www.redegal.com\/wp-content\/uploads\/2025\/01\/54283562997_2e2b2949fc_c.jpg 799w, https:\/\/www.redegal.com\/wp-content\/uploads\/2025\/01\/54283562997_2e2b2949fc_c-300x200.jpg 300w, https:\/\/www.redegal.com\/wp-content\/uploads\/2025\/01\/54283562997_2e2b2949fc_c-768x512.jpg 768w, https:\/\/www.redegal.com\/wp-content\/uploads\/2025\/01\/54283562997_2e2b2949fc_c-120x80.jpg 120w\" sizes=\"(max-width: 799px) 100vw, 799px\" \/><\/figure>\n<\/div>\n\n\n<h2 class=\"wp-block-heading\">Planes de futuro&nbsp;<\/h2>\n\n\n\n<p>Con nuestro salto al parqu\u00e9 el 23 de enero de 2025, nos convertimos en la <strong>primera empresa en debutar en BME Scaleup este a\u00f1o<\/strong>.&nbsp;<\/p>\n\n\n\n<p>Ahora trabajamos en una estrategia que pone el foco en consolidar a Redegal como <strong>l\u00edder en soluciones digitales<\/strong> en los pr\u00f3ximos a\u00f1os. La traves\u00eda estar\u00e1 marcada por el impulso a la <strong>expansi\u00f3n internacional y afianzar nuestra presencia en mercados estrat\u00e9gicos.&nbsp;<\/strong><\/p>\n\n\n\n<p>Adem\u00e1s, Redegal mantiene una visi\u00f3n clara hacia el futuro, con el objetivo de conquistar BME Growth como puerto final de nuestro crecimiento en el mercado burs\u00e1til. Esta evoluci\u00f3n estar\u00e1 impulsada por la apuesta en innovaci\u00f3n tecnol\u00f3gica y el desarrollo de proyectos de alto impacto para clientes. Con la <strong>innovaci\u00f3n, sostenibilidad y adaptaci\u00f3n a nuevas tendencias del mercado digital<\/strong> como tim\u00f3n que nos gu\u00eda en este viaje.<\/p>\n\n\n\n<p>Como concluye nuestro presidente ejecutivo, Jorge V\u00e1zquez: \u201cNo hay distancia porque no hay l\u00edmite, y siempre hay que ir a por m\u00e1s\u201d<\/p>\n\n\n\n<figure class=\"wp-block-video\"><video height=\"1080\" style=\"aspect-ratio: 1920 \/ 1080;\" width=\"1920\" controls src=\"https:\/\/www.redegal.com\/wp-content\/uploads\/2025\/01\/lanzamiento-1.mp4\"><\/video><\/figure>\n\n\n\n<p>\u00bfQuieres formar parte de esta historia? <a href=\"https:\/\/www.redegal.com\/es\/accionistas-e-inversores\/\">\u00bfHablamos?<\/a><\/p>\n","protected":false},"excerpt":{"rendered":"<p>Redegal se incorpor\u00f3 a Bolsas y Mercados Espa\u00f1oles (BME) el 23 de enero de 2025. Una nueva etapa con el foco puesto en la innovaci\u00f3n y la expansi\u00f3n. <\/p>\n","protected":false},"author":8,"featured_media":14408,"comment_status":"closed","ping_status":"closed","sticky":false,"template":"","format":"standard","meta":{"_acf_changed":false,"inline_featured_image":false,"footnotes":""},"categories":[24],"tags":[],"class_list":["post-14403","post","type-post","status-publish","format-standard","has-post-thumbnail","hentry","category-redegal"],"acf":[],"yoast_head":"<!-- This site is optimized with the Yoast SEO plugin v26.6 - https:\/\/yoast.com\/wordpress\/plugins\/seo\/ -->\n<title>Redegal debuta en BME: un paso en el compromiso con el crecimiento<\/title>\n<meta name=\"description\" content=\"Redegal sali\u00f3 a bolsa el 23 de enero de 2025. La incorporaci\u00f3n a BME marca un punto de inflexi\u00f3n en la empresa. Aqu\u00ed los detalles\" \/>\n<meta name=\"robots\" content=\"index, follow, max-snippet:-1, max-image-preview:large, max-video-preview:-1\" \/>\n<link rel=\"canonical\" href=\"https:\/\/www.redegal.com\/es\/blog\/debut-redegal-bolsas-y-mercados-espanoles-2025\/\" \/>\n<meta property=\"og:locale\" content=\"es_ES\" \/>\n<meta property=\"og:type\" content=\"article\" \/>\n<meta property=\"og:title\" content=\"Redegal debuta en BME: un paso en el compromiso con el crecimiento\" \/>\n<meta property=\"og:description\" content=\"Redegal sali\u00f3 a bolsa el 23 de enero de 2025. La incorporaci\u00f3n a BME marca un punto de inflexi\u00f3n en la empresa. Aqu\u00ed los detalles\" \/>\n<meta property=\"og:url\" content=\"https:\/\/www.redegal.com\/es\/blog\/debut-redegal-bolsas-y-mercados-espanoles-2025\/\" \/>\n<meta property=\"og:site_name\" content=\"Redegal\" \/>\n<meta property=\"article:publisher\" content=\"https:\/\/facebook.com\/Redegal\/\" \/>\n<meta property=\"article:published_time\" content=\"2025-01-31T09:00:55+00:00\" \/>\n<meta property=\"og:image\" content=\"https:\/\/www.redegal.com\/wp-content\/uploads\/2025\/01\/redegal-sale-a-bolsa.jpg\" \/>\n\t<meta property=\"og:image:width\" content=\"800\" \/>\n\t<meta property=\"og:image:height\" content=\"533\" \/>\n\t<meta property=\"og:image:type\" content=\"image\/jpeg\" \/>\n<meta name=\"author\" content=\"Comunicaci\u00f3n Redegal\" \/>\n<meta name=\"twitter:card\" content=\"summary_large_image\" \/>\n<meta name=\"twitter:label1\" content=\"Escrito por\" \/>\n\t<meta name=\"twitter:data1\" content=\"Comunicaci\u00f3n Redegal\" \/>\n\t<meta name=\"twitter:label2\" content=\"Tiempo de lectura\" \/>\n\t<meta name=\"twitter:data2\" content=\"4 minutos\" \/>\n<script type=\"application\/ld+json\" class=\"yoast-schema-graph\">{\"@context\":\"https:\/\/schema.org\",\"@graph\":[{\"@type\":[\"Article\",\"BlogPosting\"],\"@id\":\"https:\/\/www.redegal.com\/es\/blog\/debut-redegal-bolsas-y-mercados-espanoles-2025\/#article\",\"isPartOf\":{\"@id\":\"https:\/\/www.redegal.com\/es\/blog\/debut-redegal-bolsas-y-mercados-espanoles-2025\/\"},\"author\":{\"name\":\"Comunicaci\u00f3n Redegal\",\"@id\":\"https:\/\/www.redegal.com\/es\/#\/schema\/person\/7c49133eaa0dce33d6ae688681f8bebb\"},\"headline\":\"Redegal debuta en BME: un paso m\u00e1s en nuestro compromiso con el crecimiento\",\"datePublished\":\"2025-01-31T09:00:55+00:00\",\"mainEntityOfPage\":{\"@id\":\"https:\/\/www.redegal.com\/es\/blog\/debut-redegal-bolsas-y-mercados-espanoles-2025\/\"},\"wordCount\":887,\"publisher\":{\"@id\":\"https:\/\/www.redegal.com\/es\/#organization\"},\"image\":{\"@id\":\"https:\/\/www.redegal.com\/es\/blog\/debut-redegal-bolsas-y-mercados-espanoles-2025\/#primaryimage\"},\"thumbnailUrl\":\"https:\/\/www.redegal.com\/wp-content\/uploads\/2025\/01\/redegal-sale-a-bolsa.jpg\",\"articleSection\":[\"Redegal\"],\"inLanguage\":\"es\"},{\"@type\":\"WebPage\",\"@id\":\"https:\/\/www.redegal.com\/es\/blog\/debut-redegal-bolsas-y-mercados-espanoles-2025\/\",\"url\":\"https:\/\/www.redegal.com\/es\/blog\/debut-redegal-bolsas-y-mercados-espanoles-2025\/\",\"name\":\"Redegal debuta en BME: un paso en el compromiso con el crecimiento\",\"isPartOf\":{\"@id\":\"https:\/\/www.redegal.com\/es\/#website\"},\"primaryImageOfPage\":{\"@id\":\"https:\/\/www.redegal.com\/es\/blog\/debut-redegal-bolsas-y-mercados-espanoles-2025\/#primaryimage\"},\"image\":{\"@id\":\"https:\/\/www.redegal.com\/es\/blog\/debut-redegal-bolsas-y-mercados-espanoles-2025\/#primaryimage\"},\"thumbnailUrl\":\"https:\/\/www.redegal.com\/wp-content\/uploads\/2025\/01\/redegal-sale-a-bolsa.jpg\",\"datePublished\":\"2025-01-31T09:00:55+00:00\",\"description\":\"Redegal sali\u00f3 a bolsa el 23 de enero de 2025. La incorporaci\u00f3n a BME marca un punto de inflexi\u00f3n en la empresa. Aqu\u00ed los detalles\",\"breadcrumb\":{\"@id\":\"https:\/\/www.redegal.com\/es\/blog\/debut-redegal-bolsas-y-mercados-espanoles-2025\/#breadcrumb\"},\"inLanguage\":\"es\",\"potentialAction\":[{\"@type\":\"ReadAction\",\"target\":[\"https:\/\/www.redegal.com\/es\/blog\/debut-redegal-bolsas-y-mercados-espanoles-2025\/\"]}]},{\"@type\":\"ImageObject\",\"inLanguage\":\"es\",\"@id\":\"https:\/\/www.redegal.com\/es\/blog\/debut-redegal-bolsas-y-mercados-espanoles-2025\/#primaryimage\",\"url\":\"https:\/\/www.redegal.com\/wp-content\/uploads\/2025\/01\/redegal-sale-a-bolsa.jpg\",\"contentUrl\":\"https:\/\/www.redegal.com\/wp-content\/uploads\/2025\/01\/redegal-sale-a-bolsa.jpg\",\"width\":800,\"height\":533,\"caption\":\"Jorge V\u00e1zquez, presidente ejecutivo de Redegal, hace sonar la campana con la que Redegal hace su debut en Bolsas y Mercados Espa\u00f1oles (BME)\"},{\"@type\":\"BreadcrumbList\",\"@id\":\"https:\/\/www.redegal.com\/es\/blog\/debut-redegal-bolsas-y-mercados-espanoles-2025\/#breadcrumb\",\"itemListElement\":[{\"@type\":\"ListItem\",\"position\":1,\"name\":\"Home\",\"item\":\"https:\/\/www.redegal.com\/es\/\"},{\"@type\":\"ListItem\",\"position\":2,\"name\":\"Redegal debuta en BME: un paso m\u00e1s en nuestro compromiso con el crecimiento\"}]},{\"@type\":\"WebSite\",\"@id\":\"https:\/\/www.redegal.com\/es\/#website\",\"url\":\"https:\/\/www.redegal.com\/es\/\",\"name\":\"Redegal\",\"description\":\"\",\"publisher\":{\"@id\":\"https:\/\/www.redegal.com\/es\/#organization\"},\"potentialAction\":[{\"@type\":\"SearchAction\",\"target\":{\"@type\":\"EntryPoint\",\"urlTemplate\":\"https:\/\/www.redegal.com\/es\/?s={search_term_string}\"},\"query-input\":{\"@type\":\"PropertyValueSpecification\",\"valueRequired\":true,\"valueName\":\"search_term_string\"}}],\"inLanguage\":\"es\"},{\"@type\":\"Organization\",\"@id\":\"https:\/\/www.redegal.com\/es\/#organization\",\"name\":\"Redegal\",\"url\":\"https:\/\/www.redegal.com\/es\/\",\"logo\":{\"@type\":\"ImageObject\",\"inLanguage\":\"es\",\"@id\":\"https:\/\/www.redegal.com\/es\/#\/schema\/logo\/image\/\",\"url\":\"https:\/\/www.redegal.com\/wp-content\/uploads\/2025\/05\/Logo-Redegal.svg\",\"contentUrl\":\"https:\/\/www.redegal.com\/wp-content\/uploads\/2025\/05\/Logo-Redegal.svg\",\"width\":\"1024\",\"height\":\"1024\",\"caption\":\"Redegal\"},\"image\":{\"@id\":\"https:\/\/www.redegal.com\/es\/#\/schema\/logo\/image\/\"},\"sameAs\":[\"https:\/\/facebook.com\/Redegal\/\",\"https:\/\/www.instagram.com\/_redegal\/\",\"https:\/\/www.linkedin.com\/company\/redegal\/\",\"https:\/\/www.youtube.com\/channel\/UCDXwbtEULPIYV2I1ugDzeUw\",\"https:\/\/x.com\/redegal\"]},{\"@type\":\"Person\",\"@id\":\"https:\/\/www.redegal.com\/es\/#\/schema\/person\/7c49133eaa0dce33d6ae688681f8bebb\",\"name\":\"Comunicaci\u00f3n Redegal\",\"image\":{\"@type\":\"ImageObject\",\"inLanguage\":\"es\",\"@id\":\"https:\/\/www.redegal.com\/es\/#\/schema\/person\/image\/\",\"url\":\"https:\/\/secure.gravatar.com\/avatar\/1ba5d63ebbd053029a840962421f3482f63ee1f59e3ec3677e8fa7106da4754f?s=96&d=mm&r=g\",\"contentUrl\":\"https:\/\/secure.gravatar.com\/avatar\/1ba5d63ebbd053029a840962421f3482f63ee1f59e3ec3677e8fa7106da4754f?s=96&d=mm&r=g\",\"caption\":\"Comunicaci\u00f3n Redegal\"}}]}<\/script>\n<!-- \/ Yoast SEO plugin. -->","yoast_head_json":{"title":"Redegal debuta en BME: un paso en el compromiso con el crecimiento","description":"Redegal sali\u00f3 a bolsa el 23 de enero de 2025. La incorporaci\u00f3n a BME marca un punto de inflexi\u00f3n en la empresa. Aqu\u00ed los detalles","robots":{"index":"index","follow":"follow","max-snippet":"max-snippet:-1","max-image-preview":"max-image-preview:large","max-video-preview":"max-video-preview:-1"},"canonical":"https:\/\/www.redegal.com\/es\/blog\/debut-redegal-bolsas-y-mercados-espanoles-2025\/","og_locale":"es_ES","og_type":"article","og_title":"Redegal debuta en BME: un paso en el compromiso con el crecimiento","og_description":"Redegal sali\u00f3 a bolsa el 23 de enero de 2025. La incorporaci\u00f3n a BME marca un punto de inflexi\u00f3n en la empresa. Aqu\u00ed los detalles","og_url":"https:\/\/www.redegal.com\/es\/blog\/debut-redegal-bolsas-y-mercados-espanoles-2025\/","og_site_name":"Redegal","article_publisher":"https:\/\/facebook.com\/Redegal\/","article_published_time":"2025-01-31T09:00:55+00:00","og_image":[{"width":800,"height":533,"url":"https:\/\/www.redegal.com\/wp-content\/uploads\/2025\/01\/redegal-sale-a-bolsa.jpg","type":"image\/jpeg"}],"author":"Comunicaci\u00f3n Redegal","twitter_card":"summary_large_image","twitter_misc":{"Escrito por":"Comunicaci\u00f3n Redegal","Tiempo de lectura":"4 minutos"},"schema":{"@context":"https:\/\/schema.org","@graph":[{"@type":["Article","BlogPosting"],"@id":"https:\/\/www.redegal.com\/es\/blog\/debut-redegal-bolsas-y-mercados-espanoles-2025\/#article","isPartOf":{"@id":"https:\/\/www.redegal.com\/es\/blog\/debut-redegal-bolsas-y-mercados-espanoles-2025\/"},"author":{"name":"Comunicaci\u00f3n Redegal","@id":"https:\/\/www.redegal.com\/es\/#\/schema\/person\/7c49133eaa0dce33d6ae688681f8bebb"},"headline":"Redegal debuta en BME: un paso m\u00e1s en nuestro compromiso con el crecimiento","datePublished":"2025-01-31T09:00:55+00:00","mainEntityOfPage":{"@id":"https:\/\/www.redegal.com\/es\/blog\/debut-redegal-bolsas-y-mercados-espanoles-2025\/"},"wordCount":887,"publisher":{"@id":"https:\/\/www.redegal.com\/es\/#organization"},"image":{"@id":"https:\/\/www.redegal.com\/es\/blog\/debut-redegal-bolsas-y-mercados-espanoles-2025\/#primaryimage"},"thumbnailUrl":"https:\/\/www.redegal.com\/wp-content\/uploads\/2025\/01\/redegal-sale-a-bolsa.jpg","articleSection":["Redegal"],"inLanguage":"es"},{"@type":"WebPage","@id":"https:\/\/www.redegal.com\/es\/blog\/debut-redegal-bolsas-y-mercados-espanoles-2025\/","url":"https:\/\/www.redegal.com\/es\/blog\/debut-redegal-bolsas-y-mercados-espanoles-2025\/","name":"Redegal debuta en BME: un paso en el compromiso con el crecimiento","isPartOf":{"@id":"https:\/\/www.redegal.com\/es\/#website"},"primaryImageOfPage":{"@id":"https:\/\/www.redegal.com\/es\/blog\/debut-redegal-bolsas-y-mercados-espanoles-2025\/#primaryimage"},"image":{"@id":"https:\/\/www.redegal.com\/es\/blog\/debut-redegal-bolsas-y-mercados-espanoles-2025\/#primaryimage"},"thumbnailUrl":"https:\/\/www.redegal.com\/wp-content\/uploads\/2025\/01\/redegal-sale-a-bolsa.jpg","datePublished":"2025-01-31T09:00:55+00:00","description":"Redegal sali\u00f3 a bolsa el 23 de enero de 2025. La incorporaci\u00f3n a BME marca un punto de inflexi\u00f3n en la empresa. Aqu\u00ed los detalles","breadcrumb":{"@id":"https:\/\/www.redegal.com\/es\/blog\/debut-redegal-bolsas-y-mercados-espanoles-2025\/#breadcrumb"},"inLanguage":"es","potentialAction":[{"@type":"ReadAction","target":["https:\/\/www.redegal.com\/es\/blog\/debut-redegal-bolsas-y-mercados-espanoles-2025\/"]}]},{"@type":"ImageObject","inLanguage":"es","@id":"https:\/\/www.redegal.com\/es\/blog\/debut-redegal-bolsas-y-mercados-espanoles-2025\/#primaryimage","url":"https:\/\/www.redegal.com\/wp-content\/uploads\/2025\/01\/redegal-sale-a-bolsa.jpg","contentUrl":"https:\/\/www.redegal.com\/wp-content\/uploads\/2025\/01\/redegal-sale-a-bolsa.jpg","width":800,"height":533,"caption":"Jorge V\u00e1zquez, presidente ejecutivo de Redegal, hace sonar la campana con la que Redegal hace su debut en Bolsas y Mercados Espa\u00f1oles (BME)"},{"@type":"BreadcrumbList","@id":"https:\/\/www.redegal.com\/es\/blog\/debut-redegal-bolsas-y-mercados-espanoles-2025\/#breadcrumb","itemListElement":[{"@type":"ListItem","position":1,"name":"Home","item":"https:\/\/www.redegal.com\/es\/"},{"@type":"ListItem","position":2,"name":"Redegal debuta en BME: un paso m\u00e1s en nuestro compromiso con el crecimiento"}]},{"@type":"WebSite","@id":"https:\/\/www.redegal.com\/es\/#website","url":"https:\/\/www.redegal.com\/es\/","name":"Redegal","description":"","publisher":{"@id":"https:\/\/www.redegal.com\/es\/#organization"},"potentialAction":[{"@type":"SearchAction","target":{"@type":"EntryPoint","urlTemplate":"https:\/\/www.redegal.com\/es\/?s={search_term_string}"},"query-input":{"@type":"PropertyValueSpecification","valueRequired":true,"valueName":"search_term_string"}}],"inLanguage":"es"},{"@type":"Organization","@id":"https:\/\/www.redegal.com\/es\/#organization","name":"Redegal","url":"https:\/\/www.redegal.com\/es\/","logo":{"@type":"ImageObject","inLanguage":"es","@id":"https:\/\/www.redegal.com\/es\/#\/schema\/logo\/image\/","url":"https:\/\/www.redegal.com\/wp-content\/uploads\/2025\/05\/Logo-Redegal.svg","contentUrl":"https:\/\/www.redegal.com\/wp-content\/uploads\/2025\/05\/Logo-Redegal.svg","width":"1024","height":"1024","caption":"Redegal"},"image":{"@id":"https:\/\/www.redegal.com\/es\/#\/schema\/logo\/image\/"},"sameAs":["https:\/\/facebook.com\/Redegal\/","https:\/\/www.instagram.com\/_redegal\/","https:\/\/www.linkedin.com\/company\/redegal\/","https:\/\/www.youtube.com\/channel\/UCDXwbtEULPIYV2I1ugDzeUw","https:\/\/x.com\/redegal"]},{"@type":"Person","@id":"https:\/\/www.redegal.com\/es\/#\/schema\/person\/7c49133eaa0dce33d6ae688681f8bebb","name":"Comunicaci\u00f3n Redegal","image":{"@type":"ImageObject","inLanguage":"es","@id":"https:\/\/www.redegal.com\/es\/#\/schema\/person\/image\/","url":"https:\/\/secure.gravatar.com\/avatar\/1ba5d63ebbd053029a840962421f3482f63ee1f59e3ec3677e8fa7106da4754f?s=96&d=mm&r=g","contentUrl":"https:\/\/secure.gravatar.com\/avatar\/1ba5d63ebbd053029a840962421f3482f63ee1f59e3ec3677e8fa7106da4754f?s=96&d=mm&r=g","caption":"Comunicaci\u00f3n Redegal"}}]}},"_links":{"self":[{"href":"https:\/\/www.redegal.com\/es\/wp-json\/wp\/v2\/posts\/14403","targetHints":{"allow":["GET"]}}],"collection":[{"href":"https:\/\/www.redegal.com\/es\/wp-json\/wp\/v2\/posts"}],"about":[{"href":"https:\/\/www.redegal.com\/es\/wp-json\/wp\/v2\/types\/post"}],"author":[{"embeddable":true,"href":"https:\/\/www.redegal.com\/es\/wp-json\/wp\/v2\/users\/8"}],"replies":[{"embeddable":true,"href":"https:\/\/www.redegal.com\/es\/wp-json\/wp\/v2\/comments?post=14403"}],"version-history":[{"count":5,"href":"https:\/\/www.redegal.com\/es\/wp-json\/wp\/v2\/posts\/14403\/revisions"}],"predecessor-version":[{"id":14441,"href":"https:\/\/www.redegal.com\/es\/wp-json\/wp\/v2\/posts\/14403\/revisions\/14441"}],"wp:featuredmedia":[{"embeddable":true,"href":"https:\/\/www.redegal.com\/es\/wp-json\/wp\/v2\/media\/14408"}],"wp:attachment":[{"href":"https:\/\/www.redegal.com\/es\/wp-json\/wp\/v2\/media?parent=14403"}],"wp:term":[{"taxonomy":"category","embeddable":true,"href":"https:\/\/www.redegal.com\/es\/wp-json\/wp\/v2\/categories?post=14403"},{"taxonomy":"post_tag","embeddable":true,"href":"https:\/\/www.redegal.com\/es\/wp-json\/wp\/v2\/tags?post=14403"}],"curies":[{"name":"wp","href":"https:\/\/api.w.org\/{rel}","templated":true}]}}