{"id":9281,"date":"2017-03-29T14:30:00","date_gmt":"2017-03-29T12:30:00","guid":{"rendered":"https:\/\/redegal3.des2.net\/es\/blog\/eshow-mexico-2017\/"},"modified":"2025-12-02T22:05:10","modified_gmt":"2025-12-02T21:05:10","slug":"eshow-mexico-2017","status":"publish","type":"post","link":"https:\/\/www.redegal.com\/es-mx\/blog\/eshow-mexico-2017\/","title":{"rendered":"Redegal estar\u00e1 en el eShow los d\u00edas 4 y 5 de abril"},"content":{"rendered":"<p style=\"text-align: justify;\">Los pr\u00f3ximos d\u00edas 4 y 5 de abril, entre las 10.00 y las 19.00 horas, el World Trade Center Ciudad de M\u00e9xico acoger\u00e1 el principal congreso profesional de E-commerce, Mobile, Internet of Things, Digital Marketing y Social Media del pa\u00eds, el <strong><a href=\"https:\/\/www.the-eshow.mx\/\">eShow M\u00e9xico<\/a>. <\/strong>Y, tal y como hicimos el pasado a\u00f1o, all\u00ed colocaremos nuestro expositor, abierto a todo el mundo.<\/p>\n<p style=\"text-align: justify;\">El circuito ferial, que este a\u00f1o celebra su <strong>cuarta edici\u00f3n<\/strong>, tambi\u00e9n se organiza anualmente en Madrid, Barcelona, Lisboa, Sao Paulo, Bogot\u00e1, Lima y M\u00e9xico DF. Asistir\u00e1n al mismo, como siempre, los mejores profesionales y las empresas m\u00e1s punteras del sector con la intenci\u00f3n de mostrar al p\u00fablico las \u00faltimas tendencias y novedades.<\/p>\n<p style=\"text-align: justify;\">Adem\u00e1s, contar\u00e1 con la presencia de 700 speakers de prestigio, actividades de networking con m\u00e1s de 60.000 visitantes, alrededor de 400 expositores de empresas especializadas del sector y 300 debates y ponencias en las que se hablar\u00e1 de los nuevos modelos de negocio, tendencias y casos de \u00e9xito.<\/p>\n<p style=\"text-align: justify;\">Una de ellas, que tendr\u00e1 lugar\u00a0el d\u00eda 4 a las 17.00 horas en el Auditorio 2 del World Trade Center, correr\u00e1 a cargo de <strong>Jonatan Flores Lagarda, nuestro Business Strategy Manager<\/strong> en M\u00e9xico. En la misma abordar\u00e1 la tem\u00e1tica de la multicanalidad en el mundo digital.<\/p>\n<p><img decoding=\"async\" class=\"aligncenter wp-image-11489 size-full\" src=\"https:\/\/www.redegal.com\/wp-content\/uploads\/2023\/04\/show-2017-mex.png\" alt=\"eshow-2017-mex\" width=\"952\" height=\"629\" srcset=\"https:\/\/www.redegal.com\/wp-content\/uploads\/2023\/04\/show-2017-mex.png 952w, https:\/\/www.redegal.com\/wp-content\/uploads\/2023\/04\/show-2017-mex-300x198.png 300w, https:\/\/www.redegal.com\/wp-content\/uploads\/2023\/04\/show-2017-mex-768x507.png 768w, https:\/\/www.redegal.com\/wp-content\/uploads\/2023\/04\/show-2017-mex-120x79.png 120w\" sizes=\"(max-width: 952px) 100vw, 952px\" \/><\/p>\n<h2 style=\"text-align: justify;\">Nuestra agencia, nominada en dos categor\u00edas de los Premios eAwards<\/h2>\n<p style=\"text-align: justify;\">Adem\u00e1s de las actividades programadas, mencionadas anteriormente, en el eShow se entregar\u00e1n los <strong>eAwards,<\/strong> los galardones anuales que reconocen a los mejores negocios online mexicanos. Estos premian a las p\u00e1ginas web que cumplen con el objetivo de mejorar la experiencia de compra de los usuarios, convirti\u00e9ndose en sitios de referencia en el sector del E-commerce y el Marketing Digital.<\/p>\n<p style=\"text-align: justify;\">En la pasada edici\u00f3n, <a href=\"https:\/\/www.redegal.com\/es-mx\/blog\/somos-unos-de-los-ganadores-eawards-2016\/\">Redegal fue reconocida como Mejor Agencia Digital de Captaci\u00f3n de Tr\u00e1fico<\/a>\u00a0gracias al trabajo diario, el esfuerzo y la pasi\u00f3n invertida en los proyectos realizados para Grupo Milenio y Grupo Mart\u00ed.<\/p>\n<p style=\"text-align: justify;\">Este a\u00f1o, adem\u00e1s de presentarnos nuevamente en la categor\u00eda de <strong>Mejor Agencia Digital de Captaci\u00f3n Tr\u00e1fico<\/strong>\u00a0gracias al proyecto desarrollado para nuestro cliente <a href=\"https:\/\/www.dentimex.mx\/\">Dentimex<\/a>, tambi\u00e9n lo hacemos en la de <strong>Mejor Agencia Digital de Creaci\u00f3n y Dise\u00f1o de P\u00e1ginas Web<\/strong>, por <a href=\"https:\/\/www.espaciovirreyes.com.mx\/\">Espacio Virreyes<\/a>.<\/p>\n<p style=\"text-align: justify;\">Los ganadores se dar\u00e1n a conocer el pr\u00f3ximo martes 4 de abril en la entrega de premios, que tendr\u00e1 lugar en la sala Foro VIP by Contversi\u00f3n del World Trade Center, y <strong>desde hoy ya es posible votar a las agencias nominadas.<\/strong>\u00a0Los interesados, pod\u00e9is hacerlo <a href=\"https:\/\/www.the-eshow.mx\/votaciones-2017\/\">desde aqu\u00ed.<\/a><\/p>\n<p>Lo dicho: los pr\u00f3ximos d\u00edas 4 y 5 de abril, entre las 10.00 y las 19.00 horas, estaremos encantados de invitaros a pasar a nuestro stand para daros toda la informaci\u00f3n sobre nuestra empresa y sobre el sector que quer\u00e1is.<\/p>\n<p><strong>\u00a1Nos vemos en el eShow!<\/strong><\/p>\n","protected":false},"excerpt":{"rendered":"<p>Los pr\u00f3ximos d\u00edas 4 y 5 de abril, entre las 10.00 y las 19.00 horas, el World Trade Center Ciudad de M\u00e9xico acoger\u00e1 el principal congreso profesional de E-commerce, Mobile, Internet of Things, Digital Marketing y Social Media del pa\u00eds, el eShow M\u00e9xico. Y, tal y como hicimos el pasado a\u00f1o, all\u00ed colocaremos nuestro expositor, [&hellip;]<\/p>\n","protected":false},"author":6,"featured_media":0,"comment_status":"open","ping_status":"open","sticky":false,"template":"","format":"standard","meta":{"_acf_changed":false,"inline_featured_image":false,"footnotes":""},"categories":[46],"tags":[],"class_list":["post-9281","post","type-post","status-publish","format-standard","hentry","category-mexico-es-mx"],"acf":[],"yoast_head":"<!-- This site is optimized with the Yoast SEO plugin v26.6 - https:\/\/yoast.com\/wordpress\/plugins\/seo\/ -->\n<title>Redegal estar\u00e1 en el eShow los d\u00edas 4 y 5 de abril - Redegal<\/title>\n<meta name=\"robots\" content=\"index, follow, max-snippet:-1, max-image-preview:large, max-video-preview:-1\" \/>\n<link rel=\"canonical\" href=\"https:\/\/www.redegal.com\/es-mx\/blog\/eshow-mexico-2017\/\" \/>\n<meta property=\"og:locale\" content=\"es_MX\" \/>\n<meta property=\"og:type\" content=\"article\" \/>\n<meta property=\"og:title\" content=\"Redegal estar\u00e1 en el eShow los d\u00edas 4 y 5 de abril - Redegal\" \/>\n<meta property=\"og:description\" content=\"Los pr\u00f3ximos d\u00edas 4 y 5 de abril, entre las 10.00 y las 19.00 horas, el World Trade Center Ciudad de M\u00e9xico acoger\u00e1 el principal congreso profesional de E-commerce, Mobile, Internet of Things, Digital Marketing y Social Media del pa\u00eds, el eShow M\u00e9xico. Y, tal y como hicimos el pasado a\u00f1o, all\u00ed colocaremos nuestro expositor, [&hellip;]\" \/>\n<meta property=\"og:url\" content=\"https:\/\/www.redegal.com\/es-mx\/blog\/eshow-mexico-2017\/\" \/>\n<meta property=\"og:site_name\" content=\"Redegal\" \/>\n<meta property=\"article:publisher\" content=\"https:\/\/facebook.com\/Redegal\/\" \/>\n<meta property=\"article:published_time\" content=\"2017-03-29T12:30:00+00:00\" \/>\n<meta property=\"article:modified_time\" content=\"2025-12-02T21:05:10+00:00\" \/>\n<meta property=\"og:image\" content=\"https:\/\/www.redegal.com\/wp-content\/uploads\/2023\/04\/show-2017-mex.png\" \/>\n\t<meta property=\"og:image:width\" content=\"952\" \/>\n\t<meta property=\"og:image:height\" content=\"629\" \/>\n\t<meta property=\"og:image:type\" content=\"image\/png\" \/>\n<meta name=\"author\" content=\"Comunicacion comunicacion\" \/>\n<meta name=\"twitter:card\" content=\"summary_large_image\" \/>\n<meta name=\"twitter:label1\" content=\"Escrito por\" \/>\n\t<meta name=\"twitter:data1\" content=\"Comunicacion comunicacion\" \/>\n\t<meta name=\"twitter:label2\" content=\"Tiempo de lectura\" \/>\n\t<meta name=\"twitter:data2\" content=\"3 minutos\" \/>\n<script type=\"application\/ld+json\" class=\"yoast-schema-graph\">{\"@context\":\"https:\/\/schema.org\",\"@graph\":[{\"@type\":[\"Article\",\"BlogPosting\"],\"@id\":\"https:\/\/www.redegal.com\/es-mx\/blog\/eshow-mexico-2017\/#article\",\"isPartOf\":{\"@id\":\"https:\/\/www.redegal.com\/es-mx\/blog\/eshow-mexico-2017\/\"},\"author\":{\"name\":\"Comunicacion comunicacion\",\"@id\":\"https:\/\/www.redegal.com\/es-mx\/#\/schema\/person\/80b02630c7e733147390f69233710ed5\"},\"headline\":\"Redegal estar\u00e1 en el eShow los d\u00edas 4 y 5 de abril\",\"datePublished\":\"2017-03-29T12:30:00+00:00\",\"dateModified\":\"2025-12-02T21:05:10+00:00\",\"mainEntityOfPage\":{\"@id\":\"https:\/\/www.redegal.com\/es-mx\/blog\/eshow-mexico-2017\/\"},\"wordCount\":487,\"commentCount\":0,\"publisher\":{\"@id\":\"https:\/\/www.redegal.com\/es-mx\/#organization\"},\"image\":{\"@id\":\"https:\/\/www.redegal.com\/es-mx\/blog\/eshow-mexico-2017\/#primaryimage\"},\"thumbnailUrl\":\"https:\/\/www.redegal.com\/wp-content\/uploads\/2023\/04\/show-2017-mex.png\",\"articleSection\":[\"M\u00e9xico\"],\"inLanguage\":\"es\",\"potentialAction\":[{\"@type\":\"CommentAction\",\"name\":\"Comment\",\"target\":[\"https:\/\/www.redegal.com\/es-mx\/blog\/eshow-mexico-2017\/#respond\"]}]},{\"@type\":\"WebPage\",\"@id\":\"https:\/\/www.redegal.com\/es-mx\/blog\/eshow-mexico-2017\/\",\"url\":\"https:\/\/www.redegal.com\/es-mx\/blog\/eshow-mexico-2017\/\",\"name\":\"Redegal estar\u00e1 en el eShow los d\u00edas 4 y 5 de abril - Redegal\",\"isPartOf\":{\"@id\":\"https:\/\/www.redegal.com\/es-mx\/#website\"},\"primaryImageOfPage\":{\"@id\":\"https:\/\/www.redegal.com\/es-mx\/blog\/eshow-mexico-2017\/#primaryimage\"},\"image\":{\"@id\":\"https:\/\/www.redegal.com\/es-mx\/blog\/eshow-mexico-2017\/#primaryimage\"},\"thumbnailUrl\":\"https:\/\/www.redegal.com\/wp-content\/uploads\/2023\/04\/show-2017-mex.png\",\"datePublished\":\"2017-03-29T12:30:00+00:00\",\"dateModified\":\"2025-12-02T21:05:10+00:00\",\"breadcrumb\":{\"@id\":\"https:\/\/www.redegal.com\/es-mx\/blog\/eshow-mexico-2017\/#breadcrumb\"},\"inLanguage\":\"es\",\"potentialAction\":[{\"@type\":\"ReadAction\",\"target\":[\"https:\/\/www.redegal.com\/es-mx\/blog\/eshow-mexico-2017\/\"]}]},{\"@type\":\"ImageObject\",\"inLanguage\":\"es\",\"@id\":\"https:\/\/www.redegal.com\/es-mx\/blog\/eshow-mexico-2017\/#primaryimage\",\"url\":\"https:\/\/www.redegal.com\/wp-content\/uploads\/2023\/04\/show-2017-mex.png\",\"contentUrl\":\"https:\/\/www.redegal.com\/wp-content\/uploads\/2023\/04\/show-2017-mex.png\"},{\"@type\":\"BreadcrumbList\",\"@id\":\"https:\/\/www.redegal.com\/es-mx\/blog\/eshow-mexico-2017\/#breadcrumb\",\"itemListElement\":[{\"@type\":\"ListItem\",\"position\":1,\"name\":\"Home\",\"item\":\"https:\/\/www.redegal.com\/es-mx\/\"},{\"@type\":\"ListItem\",\"position\":2,\"name\":\"Redegal estar\u00e1 en el eShow los d\u00edas 4 y 5 de abril\"}]},{\"@type\":\"WebSite\",\"@id\":\"https:\/\/www.redegal.com\/es-mx\/#website\",\"url\":\"https:\/\/www.redegal.com\/es-mx\/\",\"name\":\"Redegal\",\"description\":\"\",\"publisher\":{\"@id\":\"https:\/\/www.redegal.com\/es-mx\/#organization\"},\"potentialAction\":[{\"@type\":\"SearchAction\",\"target\":{\"@type\":\"EntryPoint\",\"urlTemplate\":\"https:\/\/www.redegal.com\/es-mx\/?s={search_term_string}\"},\"query-input\":{\"@type\":\"PropertyValueSpecification\",\"valueRequired\":true,\"valueName\":\"search_term_string\"}}],\"inLanguage\":\"es\"},{\"@type\":\"Organization\",\"@id\":\"https:\/\/www.redegal.com\/es-mx\/#organization\",\"name\":\"Redegal\",\"url\":\"https:\/\/www.redegal.com\/es-mx\/\",\"logo\":{\"@type\":\"ImageObject\",\"inLanguage\":\"es\",\"@id\":\"https:\/\/www.redegal.com\/es-mx\/#\/schema\/logo\/image\/\",\"url\":\"https:\/\/www.redegal.com\/wp-content\/uploads\/2025\/05\/Logo-Redegal.svg\",\"contentUrl\":\"https:\/\/www.redegal.com\/wp-content\/uploads\/2025\/05\/Logo-Redegal.svg\",\"width\":\"1024\",\"height\":\"1024\",\"caption\":\"Redegal\"},\"image\":{\"@id\":\"https:\/\/www.redegal.com\/es-mx\/#\/schema\/logo\/image\/\"},\"sameAs\":[\"https:\/\/facebook.com\/Redegal\/\",\"https:\/\/www.instagram.com\/_redegal\/\",\"https:\/\/www.linkedin.com\/company\/redegal\/\",\"https:\/\/www.youtube.com\/channel\/UCDXwbtEULPIYV2I1ugDzeUw\",\"https:\/\/x.com\/redegal\"]},{\"@type\":\"Person\",\"@id\":\"https:\/\/www.redegal.com\/es-mx\/#\/schema\/person\/80b02630c7e733147390f69233710ed5\",\"name\":\"Comunicacion comunicacion\",\"image\":{\"@type\":\"ImageObject\",\"inLanguage\":\"es\",\"@id\":\"https:\/\/www.redegal.com\/es-mx\/#\/schema\/person\/image\/\",\"url\":\"https:\/\/secure.gravatar.com\/avatar\/?s=96&d=mm&r=g\",\"contentUrl\":\"https:\/\/secure.gravatar.com\/avatar\/?s=96&d=mm&r=g\",\"caption\":\"Comunicacion comunicacion\"}}]}<\/script>\n<!-- \/ Yoast SEO plugin. -->","yoast_head_json":{"title":"Redegal estar\u00e1 en el eShow los d\u00edas 4 y 5 de abril - Redegal","robots":{"index":"index","follow":"follow","max-snippet":"max-snippet:-1","max-image-preview":"max-image-preview:large","max-video-preview":"max-video-preview:-1"},"canonical":"https:\/\/www.redegal.com\/es-mx\/blog\/eshow-mexico-2017\/","og_locale":"es_MX","og_type":"article","og_title":"Redegal estar\u00e1 en el eShow los d\u00edas 4 y 5 de abril - Redegal","og_description":"Los pr\u00f3ximos d\u00edas 4 y 5 de abril, entre las 10.00 y las 19.00 horas, el World Trade Center Ciudad de M\u00e9xico acoger\u00e1 el principal congreso profesional de E-commerce, Mobile, Internet of Things, Digital Marketing y Social Media del pa\u00eds, el eShow M\u00e9xico. Y, tal y como hicimos el pasado a\u00f1o, all\u00ed colocaremos nuestro expositor, [&hellip;]","og_url":"https:\/\/www.redegal.com\/es-mx\/blog\/eshow-mexico-2017\/","og_site_name":"Redegal","article_publisher":"https:\/\/facebook.com\/Redegal\/","article_published_time":"2017-03-29T12:30:00+00:00","article_modified_time":"2025-12-02T21:05:10+00:00","og_image":[{"width":952,"height":629,"url":"https:\/\/www.redegal.com\/wp-content\/uploads\/2023\/04\/show-2017-mex.png","type":"image\/png"}],"author":"Comunicacion comunicacion","twitter_card":"summary_large_image","twitter_misc":{"Escrito por":"Comunicacion comunicacion","Tiempo de lectura":"3 minutos"},"schema":{"@context":"https:\/\/schema.org","@graph":[{"@type":["Article","BlogPosting"],"@id":"https:\/\/www.redegal.com\/es-mx\/blog\/eshow-mexico-2017\/#article","isPartOf":{"@id":"https:\/\/www.redegal.com\/es-mx\/blog\/eshow-mexico-2017\/"},"author":{"name":"Comunicacion comunicacion","@id":"https:\/\/www.redegal.com\/es-mx\/#\/schema\/person\/80b02630c7e733147390f69233710ed5"},"headline":"Redegal estar\u00e1 en el eShow los d\u00edas 4 y 5 de abril","datePublished":"2017-03-29T12:30:00+00:00","dateModified":"2025-12-02T21:05:10+00:00","mainEntityOfPage":{"@id":"https:\/\/www.redegal.com\/es-mx\/blog\/eshow-mexico-2017\/"},"wordCount":487,"commentCount":0,"publisher":{"@id":"https:\/\/www.redegal.com\/es-mx\/#organization"},"image":{"@id":"https:\/\/www.redegal.com\/es-mx\/blog\/eshow-mexico-2017\/#primaryimage"},"thumbnailUrl":"https:\/\/www.redegal.com\/wp-content\/uploads\/2023\/04\/show-2017-mex.png","articleSection":["M\u00e9xico"],"inLanguage":"es","potentialAction":[{"@type":"CommentAction","name":"Comment","target":["https:\/\/www.redegal.com\/es-mx\/blog\/eshow-mexico-2017\/#respond"]}]},{"@type":"WebPage","@id":"https:\/\/www.redegal.com\/es-mx\/blog\/eshow-mexico-2017\/","url":"https:\/\/www.redegal.com\/es-mx\/blog\/eshow-mexico-2017\/","name":"Redegal estar\u00e1 en el eShow los d\u00edas 4 y 5 de abril - Redegal","isPartOf":{"@id":"https:\/\/www.redegal.com\/es-mx\/#website"},"primaryImageOfPage":{"@id":"https:\/\/www.redegal.com\/es-mx\/blog\/eshow-mexico-2017\/#primaryimage"},"image":{"@id":"https:\/\/www.redegal.com\/es-mx\/blog\/eshow-mexico-2017\/#primaryimage"},"thumbnailUrl":"https:\/\/www.redegal.com\/wp-content\/uploads\/2023\/04\/show-2017-mex.png","datePublished":"2017-03-29T12:30:00+00:00","dateModified":"2025-12-02T21:05:10+00:00","breadcrumb":{"@id":"https:\/\/www.redegal.com\/es-mx\/blog\/eshow-mexico-2017\/#breadcrumb"},"inLanguage":"es","potentialAction":[{"@type":"ReadAction","target":["https:\/\/www.redegal.com\/es-mx\/blog\/eshow-mexico-2017\/"]}]},{"@type":"ImageObject","inLanguage":"es","@id":"https:\/\/www.redegal.com\/es-mx\/blog\/eshow-mexico-2017\/#primaryimage","url":"https:\/\/www.redegal.com\/wp-content\/uploads\/2023\/04\/show-2017-mex.png","contentUrl":"https:\/\/www.redegal.com\/wp-content\/uploads\/2023\/04\/show-2017-mex.png"},{"@type":"BreadcrumbList","@id":"https:\/\/www.redegal.com\/es-mx\/blog\/eshow-mexico-2017\/#breadcrumb","itemListElement":[{"@type":"ListItem","position":1,"name":"Home","item":"https:\/\/www.redegal.com\/es-mx\/"},{"@type":"ListItem","position":2,"name":"Redegal estar\u00e1 en el eShow los d\u00edas 4 y 5 de abril"}]},{"@type":"WebSite","@id":"https:\/\/www.redegal.com\/es-mx\/#website","url":"https:\/\/www.redegal.com\/es-mx\/","name":"Redegal","description":"","publisher":{"@id":"https:\/\/www.redegal.com\/es-mx\/#organization"},"potentialAction":[{"@type":"SearchAction","target":{"@type":"EntryPoint","urlTemplate":"https:\/\/www.redegal.com\/es-mx\/?s={search_term_string}"},"query-input":{"@type":"PropertyValueSpecification","valueRequired":true,"valueName":"search_term_string"}}],"inLanguage":"es"},{"@type":"Organization","@id":"https:\/\/www.redegal.com\/es-mx\/#organization","name":"Redegal","url":"https:\/\/www.redegal.com\/es-mx\/","logo":{"@type":"ImageObject","inLanguage":"es","@id":"https:\/\/www.redegal.com\/es-mx\/#\/schema\/logo\/image\/","url":"https:\/\/www.redegal.com\/wp-content\/uploads\/2025\/05\/Logo-Redegal.svg","contentUrl":"https:\/\/www.redegal.com\/wp-content\/uploads\/2025\/05\/Logo-Redegal.svg","width":"1024","height":"1024","caption":"Redegal"},"image":{"@id":"https:\/\/www.redegal.com\/es-mx\/#\/schema\/logo\/image\/"},"sameAs":["https:\/\/facebook.com\/Redegal\/","https:\/\/www.instagram.com\/_redegal\/","https:\/\/www.linkedin.com\/company\/redegal\/","https:\/\/www.youtube.com\/channel\/UCDXwbtEULPIYV2I1ugDzeUw","https:\/\/x.com\/redegal"]},{"@type":"Person","@id":"https:\/\/www.redegal.com\/es-mx\/#\/schema\/person\/80b02630c7e733147390f69233710ed5","name":"Comunicacion comunicacion","image":{"@type":"ImageObject","inLanguage":"es","@id":"https:\/\/www.redegal.com\/es-mx\/#\/schema\/person\/image\/","url":"https:\/\/secure.gravatar.com\/avatar\/?s=96&d=mm&r=g","contentUrl":"https:\/\/secure.gravatar.com\/avatar\/?s=96&d=mm&r=g","caption":"Comunicacion comunicacion"}}]}},"_links":{"self":[{"href":"https:\/\/www.redegal.com\/es-mx\/wp-json\/wp\/v2\/posts\/9281","targetHints":{"allow":["GET"]}}],"collection":[{"href":"https:\/\/www.redegal.com\/es-mx\/wp-json\/wp\/v2\/posts"}],"about":[{"href":"https:\/\/www.redegal.com\/es-mx\/wp-json\/wp\/v2\/types\/post"}],"author":[{"embeddable":true,"href":"https:\/\/www.redegal.com\/es-mx\/wp-json\/wp\/v2\/users\/6"}],"replies":[{"embeddable":true,"href":"https:\/\/www.redegal.com\/es-mx\/wp-json\/wp\/v2\/comments?post=9281"}],"version-history":[{"count":2,"href":"https:\/\/www.redegal.com\/es-mx\/wp-json\/wp\/v2\/posts\/9281\/revisions"}],"predecessor-version":[{"id":18936,"href":"https:\/\/www.redegal.com\/es-mx\/wp-json\/wp\/v2\/posts\/9281\/revisions\/18936"}],"wp:attachment":[{"href":"https:\/\/www.redegal.com\/es-mx\/wp-json\/wp\/v2\/media?parent=9281"}],"wp:term":[{"taxonomy":"category","embeddable":true,"href":"https:\/\/www.redegal.com\/es-mx\/wp-json\/wp\/v2\/categories?post=9281"},{"taxonomy":"post_tag","embeddable":true,"href":"https:\/\/www.redegal.com\/es-mx\/wp-json\/wp\/v2\/tags?post=9281"}],"curies":[{"name":"wp","href":"https:\/\/api.w.org\/{rel}","templated":true}]}}