{"id":9129,"date":"2019-09-13T12:31:11","date_gmt":"2019-09-13T10:31:11","guid":{"rendered":"https:\/\/redegal3.des2.net\/es\/blog\/programador-informatico-hoy-es-tu-dia\/"},"modified":"2025-12-22T12:23:35","modified_gmt":"2025-12-22T11:23:35","slug":"programador-informatico-hoy-es-tu-dia","status":"publish","type":"post","link":"https:\/\/www.redegal.com\/es-mx\/blog\/programador-informatico-hoy-es-tu-dia\/","title":{"rendered":"\u00bfProgramador inform\u00e1tico? Hoy es tu d\u00eda"},"content":{"rendered":"<p><span style=\"font-weight: 400;\">\u00bfAlguna vez te has preguntado qu\u00e9 ser\u00eda del mundo digital sin sus arquitectos? Lo cierto es que no resulta f\u00e1cil despejar esa inc\u00f3gnita pues los programadores inform\u00e1ticos o desarrolladores est\u00e1n detr\u00e1s de cada p\u00e1gina web que visitas, cada aplicaci\u00f3n que te descargas y cada software que instalas.\u00a0<\/span><\/p>\n<p><span style=\"font-weight: 400;\">Aunque, por su complejidad, el proceso de creaci\u00f3n de cada uno de esos proyectos se prolongue bastante m\u00e1s all\u00e1 de los siete d\u00edas naturales, los programadores inform\u00e1ticos bien podr\u00edan ser consideradas aut\u00e9nticas deidades del mundo digital pues, a fin de cuentas, dan vida a todo aquello que hace m\u00e1s f\u00e1cil el d\u00eda a d\u00eda a marcas y usuarios de todo el mundo.\u00a0<\/span><\/p>\n<p><span style=\"font-weight: 400;\">Estos profesionales, no solo <\/span><b>manejan un lenguaje propio <\/b><span style=\"font-weight: 400;\">(<\/span><span style=\"font-weight: 400;\">Python, JavaScript, Java, PHP, C++<\/span><span style=\"font-weight: 400;\">, <\/span><span style=\"font-weight: 400;\">C# -muy usado en el mundo de los <\/span><a href=\"https:\/\/www.redegal.com\/es-mx\/blog\/advergaming-los-videojuegos-como-potente-medio-publicitario-para-tus-campanas\/\"><span style=\"font-weight: 400;\">videojuegos<\/span><\/a><span style=\"font-weight: 400;\">-, o Swift, entre otros) <\/span><span style=\"font-weight: 400;\">\u00a0pr\u00e1cticamente indescifrable para el resto de los mortales, sino que cuentan con su propio d\u00eda en el calendario.\u00a0<\/span><\/p>\n<p><span style=\"font-weight: 400;\">Por iniciativa de un trabajador de la compa\u00f1\u00eda Parallel <\/span><span style=\"font-weight: 400;\">Technologies, Valentin Balt, desde 2002, el d\u00eda 256\u00ba de cada a\u00f1o -el 13 de septiembre o 12 en a\u00f1o bisiesto- se rinde homenaje a la profesi\u00f3n, una fecha elegida por ser el n\u00famero de combinaciones distintas que pueden representarse con 8 bits.<\/span><\/p>\n<h2><b>La p\u00e1gina web, la gran protagonista<\/b><\/h2>\n<p><span style=\"font-weight: 400;\">Si bien hace unos a\u00f1os estar presente en el mundo digital era la mayor ambici\u00f3n de las marcas, actualmente esta cuesti\u00f3n ha adquirido una dimensi\u00f3n mucho m\u00e1s profunda. La web ejerce hoy en d\u00eda como el<\/span><b> gran canal de entrada de usuarios o potenciales clientes<\/b><span style=\"font-weight: 400;\">, un medio a trav\u00e9s del cual compartir informaci\u00f3n, ofrecer contenido de valor o vender productos y servicios sin barreras temporales o geogr\u00e1ficas; es, en definitiva, una ventana al mundo.\u00a0<\/span><\/p>\n<p><span style=\"font-weight: 400;\">Pero, \u00bfqui\u00e9n permite que esto sea posible? En este entramado creado por las exigencias de las marcas y en el que descuidar las <\/span><a href=\"https:\/\/www.redegal.com\/es-mx\/blog\/diseno-ux-y-ui-para-un-e-commerce\/\"><span style=\"font-weight: 400;\">necesidades de los usuarios<\/span><\/a><span style=\"font-weight: 400;\"> ser\u00eda un grave error,<\/span><b> los desarrolladores se presentan como una figura clave<\/b><span style=\"font-weight: 400;\"> capaz de satisfacer a ambas partes construyendo una simbiosis pluscuamperfecta con forma de p\u00e1gina web, e-commerce o aplicaci\u00f3n m\u00f3vil.<\/span><\/p>\n<p><span style=\"font-weight: 400;\">Crear una web no solo permite a una marca lanzarse al gran oc\u00e9ano del mundo digital, sino que supone dar un salto cualitativo y ampliar horizontes, una serie de objetivos dif\u00edcilmente alcanzables si la p\u00e1gina no se adapta a las necesidades de la empresa y de un mercado en constante evoluci\u00f3n en el que los usuarios son cada vez m\u00e1s exigentes.<\/span><\/p>\n<p><span style=\"font-weight: 400;\">En Redegal, contamos con un <\/span><a href=\"https:\/\/www.redegal.com\/es-mx\/servicios\/desarrollo-web\/\"><span style=\"font-weight: 400;\">equipo multidisciplinar<\/span><\/a><span style=\"font-weight: 400;\"> de profesionales especializado en desarrollo y dise\u00f1o web que te ayudar\u00e1 y asesorar\u00e1 en la creaci\u00f3n de tu presentaci\u00f3n en el entorno digital sean cuales sean las necesidades de tu marca porque, tal y como afirmaba Nick Besbeas, \u201choy es importante estar presente, ser relevante y agregar valor&#8221;.<\/span><!--more--><\/p>\n","protected":false},"excerpt":{"rendered":"<p>\u00bfAlguna vez te has preguntado qu\u00e9 ser\u00eda del mundo digital sin sus arquitectos? Lo cierto es que no resulta f\u00e1cil despejar esa inc\u00f3gnita pues los programadores inform\u00e1ticos o desarrolladores est\u00e1n detr\u00e1s de cada p\u00e1gina web que visitas, cada aplicaci\u00f3n que te descargas y cada software que instalas.\u00a0 Aunque, por su complejidad, el proceso de creaci\u00f3n [&hellip;]<\/p>\n","protected":false},"author":6,"featured_media":0,"comment_status":"open","ping_status":"open","sticky":false,"template":"","format":"standard","meta":{"_acf_changed":false,"inline_featured_image":false,"footnotes":""},"categories":[52],"tags":[],"class_list":["post-9129","post","type-post","status-publish","format-standard","hentry","category-ecommerce-es-mx"],"acf":[],"yoast_head":"<!-- This site is optimized with the Yoast SEO plugin v26.6 - https:\/\/yoast.com\/wordpress\/plugins\/seo\/ -->\n<title>\u00bfProgramador inform\u00e1tico? Hoy es tu d\u00eda - Redegal<\/title>\n<meta name=\"robots\" content=\"index, follow, max-snippet:-1, max-image-preview:large, max-video-preview:-1\" \/>\n<link rel=\"canonical\" href=\"https:\/\/www.redegal.com\/es-mx\/blog\/programador-informatico-hoy-es-tu-dia\/\" \/>\n<meta property=\"og:locale\" content=\"es_MX\" \/>\n<meta property=\"og:type\" content=\"article\" \/>\n<meta property=\"og:title\" content=\"\u00bfProgramador inform\u00e1tico? Hoy es tu d\u00eda - Redegal\" \/>\n<meta property=\"og:description\" content=\"\u00bfAlguna vez te has preguntado qu\u00e9 ser\u00eda del mundo digital sin sus arquitectos? Lo cierto es que no resulta f\u00e1cil despejar esa inc\u00f3gnita pues los programadores inform\u00e1ticos o desarrolladores est\u00e1n detr\u00e1s de cada p\u00e1gina web que visitas, cada aplicaci\u00f3n que te descargas y cada software que instalas.\u00a0 Aunque, por su complejidad, el proceso de creaci\u00f3n [&hellip;]\" \/>\n<meta property=\"og:url\" content=\"https:\/\/www.redegal.com\/es-mx\/blog\/programador-informatico-hoy-es-tu-dia\/\" \/>\n<meta property=\"og:site_name\" content=\"Redegal\" \/>\n<meta property=\"article:publisher\" content=\"https:\/\/facebook.com\/Redegal\/\" \/>\n<meta property=\"article:published_time\" content=\"2019-09-13T10:31:11+00:00\" \/>\n<meta property=\"article:modified_time\" content=\"2025-12-22T11:23:35+00:00\" \/>\n<meta property=\"og:image\" content=\"https:\/\/www.redegal.com\/wp-content\/uploads\/2021\/11\/Redegal-Social-Thumb.jpg\" \/>\n\t<meta property=\"og:image:width\" content=\"1200\" \/>\n\t<meta property=\"og:image:height\" content=\"600\" \/>\n\t<meta property=\"og:image:type\" content=\"image\/jpeg\" \/>\n<meta name=\"author\" content=\"Comunicacion comunicacion\" \/>\n<meta name=\"twitter:card\" content=\"summary_large_image\" \/>\n<meta name=\"twitter:label1\" content=\"Escrito por\" \/>\n\t<meta name=\"twitter:data1\" content=\"Comunicacion comunicacion\" \/>\n\t<meta name=\"twitter:label2\" content=\"Tiempo de lectura\" \/>\n\t<meta name=\"twitter:data2\" content=\"3 minutos\" \/>\n<script type=\"application\/ld+json\" class=\"yoast-schema-graph\">{\"@context\":\"https:\/\/schema.org\",\"@graph\":[{\"@type\":[\"Article\",\"BlogPosting\"],\"@id\":\"https:\/\/www.redegal.com\/es-mx\/blog\/programador-informatico-hoy-es-tu-dia\/#article\",\"isPartOf\":{\"@id\":\"https:\/\/www.redegal.com\/es-mx\/blog\/programador-informatico-hoy-es-tu-dia\/\"},\"author\":{\"name\":\"Comunicacion comunicacion\",\"@id\":\"https:\/\/www.redegal.com\/es-mx\/#\/schema\/person\/80b02630c7e733147390f69233710ed5\"},\"headline\":\"\u00bfProgramador inform\u00e1tico? Hoy es tu d\u00eda\",\"datePublished\":\"2019-09-13T10:31:11+00:00\",\"dateModified\":\"2025-12-22T11:23:35+00:00\",\"mainEntityOfPage\":{\"@id\":\"https:\/\/www.redegal.com\/es-mx\/blog\/programador-informatico-hoy-es-tu-dia\/\"},\"wordCount\":511,\"commentCount\":0,\"publisher\":{\"@id\":\"https:\/\/www.redegal.com\/es-mx\/#organization\"},\"articleSection\":[\"eCommerce\"],\"inLanguage\":\"es\",\"potentialAction\":[{\"@type\":\"CommentAction\",\"name\":\"Comment\",\"target\":[\"https:\/\/www.redegal.com\/es-mx\/blog\/programador-informatico-hoy-es-tu-dia\/#respond\"]}]},{\"@type\":\"WebPage\",\"@id\":\"https:\/\/www.redegal.com\/es-mx\/blog\/programador-informatico-hoy-es-tu-dia\/\",\"url\":\"https:\/\/www.redegal.com\/es-mx\/blog\/programador-informatico-hoy-es-tu-dia\/\",\"name\":\"\u00bfProgramador inform\u00e1tico? Hoy es tu d\u00eda - Redegal\",\"isPartOf\":{\"@id\":\"https:\/\/www.redegal.com\/es-mx\/#website\"},\"datePublished\":\"2019-09-13T10:31:11+00:00\",\"dateModified\":\"2025-12-22T11:23:35+00:00\",\"breadcrumb\":{\"@id\":\"https:\/\/www.redegal.com\/es-mx\/blog\/programador-informatico-hoy-es-tu-dia\/#breadcrumb\"},\"inLanguage\":\"es\",\"potentialAction\":[{\"@type\":\"ReadAction\",\"target\":[\"https:\/\/www.redegal.com\/es-mx\/blog\/programador-informatico-hoy-es-tu-dia\/\"]}]},{\"@type\":\"BreadcrumbList\",\"@id\":\"https:\/\/www.redegal.com\/es-mx\/blog\/programador-informatico-hoy-es-tu-dia\/#breadcrumb\",\"itemListElement\":[{\"@type\":\"ListItem\",\"position\":1,\"name\":\"Home\",\"item\":\"https:\/\/www.redegal.com\/es-mx\/\"},{\"@type\":\"ListItem\",\"position\":2,\"name\":\"\u00bfProgramador inform\u00e1tico? Hoy es tu d\u00eda\"}]},{\"@type\":\"WebSite\",\"@id\":\"https:\/\/www.redegal.com\/es-mx\/#website\",\"url\":\"https:\/\/www.redegal.com\/es-mx\/\",\"name\":\"Redegal\",\"description\":\"\",\"publisher\":{\"@id\":\"https:\/\/www.redegal.com\/es-mx\/#organization\"},\"potentialAction\":[{\"@type\":\"SearchAction\",\"target\":{\"@type\":\"EntryPoint\",\"urlTemplate\":\"https:\/\/www.redegal.com\/es-mx\/?s={search_term_string}\"},\"query-input\":{\"@type\":\"PropertyValueSpecification\",\"valueRequired\":true,\"valueName\":\"search_term_string\"}}],\"inLanguage\":\"es\"},{\"@type\":\"Organization\",\"@id\":\"https:\/\/www.redegal.com\/es-mx\/#organization\",\"name\":\"Redegal\",\"url\":\"https:\/\/www.redegal.com\/es-mx\/\",\"logo\":{\"@type\":\"ImageObject\",\"inLanguage\":\"es\",\"@id\":\"https:\/\/www.redegal.com\/es-mx\/#\/schema\/logo\/image\/\",\"url\":\"https:\/\/www.redegal.com\/wp-content\/uploads\/2025\/05\/Logo-Redegal.svg\",\"contentUrl\":\"https:\/\/www.redegal.com\/wp-content\/uploads\/2025\/05\/Logo-Redegal.svg\",\"width\":\"1024\",\"height\":\"1024\",\"caption\":\"Redegal\"},\"image\":{\"@id\":\"https:\/\/www.redegal.com\/es-mx\/#\/schema\/logo\/image\/\"},\"sameAs\":[\"https:\/\/facebook.com\/Redegal\/\",\"https:\/\/www.instagram.com\/_redegal\/\",\"https:\/\/www.linkedin.com\/company\/redegal\/\",\"https:\/\/www.youtube.com\/channel\/UCDXwbtEULPIYV2I1ugDzeUw\",\"https:\/\/x.com\/redegal\"]},{\"@type\":\"Person\",\"@id\":\"https:\/\/www.redegal.com\/es-mx\/#\/schema\/person\/80b02630c7e733147390f69233710ed5\",\"name\":\"Comunicacion comunicacion\",\"image\":{\"@type\":\"ImageObject\",\"inLanguage\":\"es\",\"@id\":\"https:\/\/www.redegal.com\/es-mx\/#\/schema\/person\/image\/\",\"url\":\"https:\/\/secure.gravatar.com\/avatar\/?s=96&d=mm&r=g\",\"contentUrl\":\"https:\/\/secure.gravatar.com\/avatar\/?s=96&d=mm&r=g\",\"caption\":\"Comunicacion comunicacion\"}}]}<\/script>\n<!-- \/ Yoast SEO plugin. -->","yoast_head_json":{"title":"\u00bfProgramador inform\u00e1tico? Hoy es tu d\u00eda - Redegal","robots":{"index":"index","follow":"follow","max-snippet":"max-snippet:-1","max-image-preview":"max-image-preview:large","max-video-preview":"max-video-preview:-1"},"canonical":"https:\/\/www.redegal.com\/es-mx\/blog\/programador-informatico-hoy-es-tu-dia\/","og_locale":"es_MX","og_type":"article","og_title":"\u00bfProgramador inform\u00e1tico? Hoy es tu d\u00eda - Redegal","og_description":"\u00bfAlguna vez te has preguntado qu\u00e9 ser\u00eda del mundo digital sin sus arquitectos? Lo cierto es que no resulta f\u00e1cil despejar esa inc\u00f3gnita pues los programadores inform\u00e1ticos o desarrolladores est\u00e1n detr\u00e1s de cada p\u00e1gina web que visitas, cada aplicaci\u00f3n que te descargas y cada software que instalas.\u00a0 Aunque, por su complejidad, el proceso de creaci\u00f3n [&hellip;]","og_url":"https:\/\/www.redegal.com\/es-mx\/blog\/programador-informatico-hoy-es-tu-dia\/","og_site_name":"Redegal","article_publisher":"https:\/\/facebook.com\/Redegal\/","article_published_time":"2019-09-13T10:31:11+00:00","article_modified_time":"2025-12-22T11:23:35+00:00","og_image":[{"width":1200,"height":600,"url":"https:\/\/www.redegal.com\/wp-content\/uploads\/2021\/11\/Redegal-Social-Thumb.jpg","type":"image\/jpeg"}],"author":"Comunicacion comunicacion","twitter_card":"summary_large_image","twitter_misc":{"Escrito por":"Comunicacion comunicacion","Tiempo de lectura":"3 minutos"},"schema":{"@context":"https:\/\/schema.org","@graph":[{"@type":["Article","BlogPosting"],"@id":"https:\/\/www.redegal.com\/es-mx\/blog\/programador-informatico-hoy-es-tu-dia\/#article","isPartOf":{"@id":"https:\/\/www.redegal.com\/es-mx\/blog\/programador-informatico-hoy-es-tu-dia\/"},"author":{"name":"Comunicacion comunicacion","@id":"https:\/\/www.redegal.com\/es-mx\/#\/schema\/person\/80b02630c7e733147390f69233710ed5"},"headline":"\u00bfProgramador inform\u00e1tico? Hoy es tu d\u00eda","datePublished":"2019-09-13T10:31:11+00:00","dateModified":"2025-12-22T11:23:35+00:00","mainEntityOfPage":{"@id":"https:\/\/www.redegal.com\/es-mx\/blog\/programador-informatico-hoy-es-tu-dia\/"},"wordCount":511,"commentCount":0,"publisher":{"@id":"https:\/\/www.redegal.com\/es-mx\/#organization"},"articleSection":["eCommerce"],"inLanguage":"es","potentialAction":[{"@type":"CommentAction","name":"Comment","target":["https:\/\/www.redegal.com\/es-mx\/blog\/programador-informatico-hoy-es-tu-dia\/#respond"]}]},{"@type":"WebPage","@id":"https:\/\/www.redegal.com\/es-mx\/blog\/programador-informatico-hoy-es-tu-dia\/","url":"https:\/\/www.redegal.com\/es-mx\/blog\/programador-informatico-hoy-es-tu-dia\/","name":"\u00bfProgramador inform\u00e1tico? Hoy es tu d\u00eda - Redegal","isPartOf":{"@id":"https:\/\/www.redegal.com\/es-mx\/#website"},"datePublished":"2019-09-13T10:31:11+00:00","dateModified":"2025-12-22T11:23:35+00:00","breadcrumb":{"@id":"https:\/\/www.redegal.com\/es-mx\/blog\/programador-informatico-hoy-es-tu-dia\/#breadcrumb"},"inLanguage":"es","potentialAction":[{"@type":"ReadAction","target":["https:\/\/www.redegal.com\/es-mx\/blog\/programador-informatico-hoy-es-tu-dia\/"]}]},{"@type":"BreadcrumbList","@id":"https:\/\/www.redegal.com\/es-mx\/blog\/programador-informatico-hoy-es-tu-dia\/#breadcrumb","itemListElement":[{"@type":"ListItem","position":1,"name":"Home","item":"https:\/\/www.redegal.com\/es-mx\/"},{"@type":"ListItem","position":2,"name":"\u00bfProgramador inform\u00e1tico? Hoy es tu d\u00eda"}]},{"@type":"WebSite","@id":"https:\/\/www.redegal.com\/es-mx\/#website","url":"https:\/\/www.redegal.com\/es-mx\/","name":"Redegal","description":"","publisher":{"@id":"https:\/\/www.redegal.com\/es-mx\/#organization"},"potentialAction":[{"@type":"SearchAction","target":{"@type":"EntryPoint","urlTemplate":"https:\/\/www.redegal.com\/es-mx\/?s={search_term_string}"},"query-input":{"@type":"PropertyValueSpecification","valueRequired":true,"valueName":"search_term_string"}}],"inLanguage":"es"},{"@type":"Organization","@id":"https:\/\/www.redegal.com\/es-mx\/#organization","name":"Redegal","url":"https:\/\/www.redegal.com\/es-mx\/","logo":{"@type":"ImageObject","inLanguage":"es","@id":"https:\/\/www.redegal.com\/es-mx\/#\/schema\/logo\/image\/","url":"https:\/\/www.redegal.com\/wp-content\/uploads\/2025\/05\/Logo-Redegal.svg","contentUrl":"https:\/\/www.redegal.com\/wp-content\/uploads\/2025\/05\/Logo-Redegal.svg","width":"1024","height":"1024","caption":"Redegal"},"image":{"@id":"https:\/\/www.redegal.com\/es-mx\/#\/schema\/logo\/image\/"},"sameAs":["https:\/\/facebook.com\/Redegal\/","https:\/\/www.instagram.com\/_redegal\/","https:\/\/www.linkedin.com\/company\/redegal\/","https:\/\/www.youtube.com\/channel\/UCDXwbtEULPIYV2I1ugDzeUw","https:\/\/x.com\/redegal"]},{"@type":"Person","@id":"https:\/\/www.redegal.com\/es-mx\/#\/schema\/person\/80b02630c7e733147390f69233710ed5","name":"Comunicacion comunicacion","image":{"@type":"ImageObject","inLanguage":"es","@id":"https:\/\/www.redegal.com\/es-mx\/#\/schema\/person\/image\/","url":"https:\/\/secure.gravatar.com\/avatar\/?s=96&d=mm&r=g","contentUrl":"https:\/\/secure.gravatar.com\/avatar\/?s=96&d=mm&r=g","caption":"Comunicacion comunicacion"}}]}},"_links":{"self":[{"href":"https:\/\/www.redegal.com\/es-mx\/wp-json\/wp\/v2\/posts\/9129","targetHints":{"allow":["GET"]}}],"collection":[{"href":"https:\/\/www.redegal.com\/es-mx\/wp-json\/wp\/v2\/posts"}],"about":[{"href":"https:\/\/www.redegal.com\/es-mx\/wp-json\/wp\/v2\/types\/post"}],"author":[{"embeddable":true,"href":"https:\/\/www.redegal.com\/es-mx\/wp-json\/wp\/v2\/users\/6"}],"replies":[{"embeddable":true,"href":"https:\/\/www.redegal.com\/es-mx\/wp-json\/wp\/v2\/comments?post=9129"}],"version-history":[{"count":3,"href":"https:\/\/www.redegal.com\/es-mx\/wp-json\/wp\/v2\/posts\/9129\/revisions"}],"predecessor-version":[{"id":19615,"href":"https:\/\/www.redegal.com\/es-mx\/wp-json\/wp\/v2\/posts\/9129\/revisions\/19615"}],"wp:attachment":[{"href":"https:\/\/www.redegal.com\/es-mx\/wp-json\/wp\/v2\/media?parent=9129"}],"wp:term":[{"taxonomy":"category","embeddable":true,"href":"https:\/\/www.redegal.com\/es-mx\/wp-json\/wp\/v2\/categories?post=9129"},{"taxonomy":"post_tag","embeddable":true,"href":"https:\/\/www.redegal.com\/es-mx\/wp-json\/wp\/v2\/tags?post=9129"}],"curies":[{"name":"wp","href":"https:\/\/api.w.org\/{rel}","templated":true}]}}