{"id":13607,"date":"2024-08-09T12:00:00","date_gmt":"2024-08-09T10:00:00","guid":{"rendered":"https:\/\/www.redegal.com\/?p=13607"},"modified":"2025-10-29T21:55:52","modified_gmt":"2025-10-29T20:55:52","slug":"imagen-corporativa-de-una-empresa-que-es-y-elementos-que-la-forman","status":"publish","type":"post","link":"https:\/\/www.redegal.com\/es-mx\/blog\/imagen-corporativa-de-una-empresa-que-es-y-elementos-que-la-forman\/","title":{"rendered":"Imagen corporativa de una empresa: qu\u00e9 es y elementos que la forman"},"content":{"rendered":"\n<p>Una imagen vale m\u00e1s que mil palabras y eso tambi\u00e9n se puede aplicar a las empresas. En el momento de pensar en una marca, muchas veces viene a la mente su<strong> <\/strong>imagen corporativa, el logotipo o los colores con los que se define. As\u00ed que, es necesario trabajar esa imagen porque ser\u00e1 una parte fundamental para <strong>captar la atenci\u00f3n de la audiencia<\/strong> y permanecer en su memoria.&nbsp;<\/p>\n\n\n\n<p>La imagen corporativa, identidad corporativa, imagen de empresa\u2026 son conceptos del sector de comunicaci\u00f3n que en ocasiones cuesta diferenciar. En este blog te ayudamos a que dejes de perderte entre estos t\u00e9rminos y <strong>aprendas a construir la imagen corporativa de tu negocio digital<\/strong>.&nbsp; \u00a1Vamos  a ver c\u00f3mo! &nbsp;<\/p>\n\n\n\n<h2 class=\"wp-block-heading\">\u00bfQu\u00e9 es la imagen corporativa?&nbsp;<\/h2>\n\n\n\n<p>La imagen corporativa de un negocio es la percepci\u00f3n que tiene el p\u00fablico sobre una marca o empresa o dicho de otro modo, el significado que tiene frente a la sociedad.&nbsp;<\/p>\n\n\n\n<p>Tambi\u00e9n, es la <strong>representaci\u00f3n visual de una empresa<\/strong>. En un mercado cada vez m\u00e1s saturado y competitivo es fundamental crear una imagen que represente a la marca y llame la atenci\u00f3n desde el primer vistazo. La primera impresi\u00f3n ser\u00e1 crucial para que el cliente quiera conocer m\u00e1s informaci\u00f3n sobre una marca y se le perciba de mejor manera.&nbsp;<\/p>\n\n\n\n<p>El objetivo de la imagen corporativa es crear una <strong>representaci\u00f3n gr\u00e1fica que permita diferenciarse de la competencia y posicionarse<\/strong> en el mercado.<\/p>\n\n\n\n<h3 class=\"wp-block-heading\">Tipos de imagen corporativa&nbsp;<\/h3>\n\n\n\n<p>Existen diferentes tipos de imagen corporativa. Aqu\u00ed te lo contamos para que elijas el que mejor se adapte a tu empresa, aunque puede ser cambiante en funci\u00f3n de los objetivos marcados en cada momento.&nbsp;<\/p>\n\n\n\n<ol class=\"wp-block-list\">\n<li>La <strong>imagen corporativa deseada<\/strong>. Es aquella que se busca y que se quiere conseguir. Se puede empezar a trabajar a partir de dar respuesta a la pregunta: \u00bfQu\u00e9 deseo transmitir de mi negocio? Se puede poner el foco en los valores corporativos, la visi\u00f3n, misi\u00f3n o historia de la organizaci\u00f3n, entre otros aspectos.&nbsp;<\/li>\n\n\n\n<li>La <strong>imagen corporativa difundida<\/strong>. Se trata de la imagen que se construye y comparte a partir de los productos y servicios de una marca. Por ejemplo, se puede hacer destacando las caracter\u00edsticas o ventajas que se conseguir\u00eda con un art\u00edculo de la empresa.&nbsp;<\/li>\n\n\n\n<li>La <strong>imagen corporativa percibida<\/strong>. Consiste en c\u00f3mo la sociedad y los clientes perciben a la empresa.&nbsp;<\/li>\n\n\n\n<li>La <strong>imagen corporativa subjetiva<\/strong>. Es el concepto que tiene una empresa sobre s\u00ed misma, pues hace referencia a c\u00f3mo la ven componentes internos como pueden ser el personal. Por ello es importante trabajar la identidad y comunicaci\u00f3n interna porque si tienen una buena percepci\u00f3n interna, lo transmitir\u00e1n hacia el exterior.&nbsp;<\/li>\n<\/ol>\n\n\n\n<h3 class=\"wp-block-heading\">Imagen corporativa vs. Identidad corporativa&nbsp;<\/h3>\n\n\n\n<p>El concepto de imagen corporativa de una empresa se relaciona com\u00fanmente con el de identidad corporativa, pero hay diferencias entre ellos.&nbsp;<\/p>\n\n\n\n<ul class=\"wp-block-list\">\n<li>La <strong>imagen corporativa<\/strong> pone el foco en lo que el p\u00fablico percibe de una empresa. A trav\u00e9s del logotipo, los colores o la tipograf\u00eda que se escogen se transmiten unas ideas a la audiencia.&nbsp;<\/li>\n\n\n\n<li>La <strong>identidad corporativa<\/strong> es lo que la empresa quiere transmitir. Por ejemplo, con los valores, el prop\u00f3sito de marca\u2026 Se quiere transmitir al p\u00fablico que es una empresa innovadora, con pasi\u00f3n en lo que se hace y honesta.&nbsp;<\/li>\n<\/ul>\n\n\n\n<h2 class=\"wp-block-heading\">\u00bfPara qu\u00e9 sirve la imagen corporativa?&nbsp;<\/h2>\n\n\n\n<p>La imagen corporativa puede <strong>facilitar que la audiencia se identifique con tu marca<\/strong>, que los <strong>productos y servicios sean m\u00e1s reconocibles<\/strong> o que aumente la <strong>fidelizaci\u00f3n<\/strong> con el <a href=\"https:\/\/www.redegal.com\/es-mx\/blog\/definir-publico-objetivo-empresa\/\" target=\"_blank\" rel=\"noreferrer noopener\">p\u00fablico objetivo<\/a> al potenciar la creaci\u00f3n de un v\u00ednculo emocional.&nbsp; No solo eso, hay mucho m\u00e1s y te lo contamos aqu\u00ed a continuaci\u00f3n:&nbsp;<\/p>\n\n\n\n<h3 class=\"wp-block-heading\">Diferenciaci\u00f3n<\/h3>\n\n\n\n<p>Crear una imagen corporativa que sea <strong>atractiva y f\u00e1cil de percibir<\/strong> por el usuario, puede ser una forma de diferenciarse y destacar sobre la competencia. Hacer algo \u00fanico y que no se haya visto antes abrir\u00e1 puertas a tu marca, hasta el punto de conseguir ser referente en el sector de trabajo.&nbsp;<\/p>\n\n\n\n<h3 class=\"wp-block-heading\">Posicionamiento&nbsp;<\/h3>\n\n\n\n<p>Hay que tener clara la respuesta a la pregunta: \u00bfC\u00f3mo se quiere que se perciba la marca en la mente del p\u00fablico? Por ejemplo, en un <a href=\"https:\/\/www.redegal.com\/es-mx\/servicios\/plataformas-ecommerce\/\" target=\"_blank\" rel=\"noreferrer noopener\">ecommerce<\/a> de material de papeler\u00eda, el posicionamiento podr\u00eda ser de originalidad y calidad en los productos. Esto se puede trasladar a trav\u00e9s de la imagen corporativa y asegurarse que se permanece en el lugar adecuado en la mente del consumidor.&nbsp;<\/p>\n\n\n\n<h3 class=\"wp-block-heading\">Confianza<\/h3>\n\n\n\n<p>Tener una imagen corporativa s\u00f3lida ayudar\u00e1 a <strong>ganarse la confianza del p\u00fablico<\/strong> objetivo. Podr\u00e1n percibir que el negocio es estable y aporta seguridad. Esto puede traducirse en un incremento de conversiones y ventas.&nbsp;<\/p>\n\n\n\n<h3 class=\"wp-block-heading\">Aumento del valor de la marca&nbsp;<\/h3>\n\n\n\n<p>Que una imagen corporativa est\u00e9 consolidada y sea percibida de forma positiva por la audiencia aportar\u00e1 valor a la marca. Es conveniente trabajar la imagen m\u00e1s all\u00e1 de los productos o servicios, intenta <strong>transmitir la experiencia<\/strong> que se podr\u00eda vivir con ellos.&nbsp;<\/p>\n\n\n\n<h2 class=\"wp-block-heading\">\u00bfQu\u00e9 elementos trabajar para la imagen corporativa?&nbsp;<\/h2>\n\n\n\n<p>Los elementos que definen la imagen corporativa de una empresa son numerosos, pues cualquier m\u00ednimo detalle puede comunicar. Desde el logotipo, colores, tipograf\u00eda hasta la decoraci\u00f3n de las oficinas. A continuaci\u00f3n, profundizamos en aquellos m\u00e1s importantes:<\/p>\n\n\n\n<h3 class=\"wp-block-heading\">Logotipo&nbsp;<\/h3>\n\n\n\n<p>El logotipo es la pieza clave de la imagen de marca de una empresa. No es solo un dibujo con una tipograf\u00eda concreta, sino que tiene que <strong>reflejar y transmitir qui\u00e9n es la empresa<\/strong>. Por eso es recomendable conocer al p\u00fablico objetivo y tener claros los valores, la misi\u00f3n y visi\u00f3n.&nbsp;<\/p>\n\n\n\n<p>Cuando se habla de logotipo suelen aparecer t\u00e9rminos como isotipo, imagotipo o isologo. Para elegir el mejor dise\u00f1o corporativo para tu empresa te explicamos qu\u00e9 es cada uno de ellos:&nbsp;<\/p>\n\n\n\n<ul class=\"wp-block-list\">\n<li>El <strong>logotipo<\/strong> es la representaci\u00f3n gr\u00e1fica de una marca mediante una palabra. <\/li>\n\n\n\n<li>El <strong>isotipo<\/strong> hace referencia a cuando la marca se conceptualiza a trav\u00e9s de un s\u00edmbolo o icono.&nbsp;<\/li>\n\n\n\n<li>El <strong>imagotipo<\/strong> es la combinaci\u00f3n de los dos anteriores, es decir, se combina un s\u00edmbolo con texto.&nbsp;<\/li>\n\n\n\n<li>El <strong>isologo<\/strong> es cuando el texto y el s\u00edmbolo est\u00e1n integrados en un \u00fanico elemento y no pueden separarse.&nbsp;<\/li>\n<\/ul>\n\n\n<div class=\"wp-block-image\">\n<figure class=\"aligncenter size-full\"><img decoding=\"async\" width=\"512\" height=\"512\" src=\"https:\/\/www.redegal.com\/wp-content\/uploads\/2024\/08\/logotipo-imagotipo-isotipo-isologo.png\" alt=\"\" class=\"wp-image-13602\" srcset=\"https:\/\/www.redegal.com\/wp-content\/uploads\/2024\/08\/logotipo-imagotipo-isotipo-isologo.png 512w, https:\/\/www.redegal.com\/wp-content\/uploads\/2024\/08\/logotipo-imagotipo-isotipo-isologo-300x300.png 300w, https:\/\/www.redegal.com\/wp-content\/uploads\/2024\/08\/logotipo-imagotipo-isotipo-isologo-150x150.png 150w, https:\/\/www.redegal.com\/wp-content\/uploads\/2024\/08\/logotipo-imagotipo-isotipo-isologo-120x120.png 120w\" sizes=\"(max-width: 512px) 100vw, 512px\" \/><\/figure>\n<\/div>\n\n\n<h4 class=\"wp-block-heading\">\u00bfQu\u00e9 caracter\u00edsticas debe tener un buen logotipo?&nbsp;<\/h4>\n\n\n\n<p>Para dise\u00f1ar un buen logotipo es necesario conocer la personalidad de la empresa para poder plasmarlo. No obstante, hay algunas caracter\u00edsticas que pueden ser de ayuda en el momento en el que una persona se enfrenta a un lienzo en blanco para crear el logo de su ecommerce.&nbsp;<\/p>\n\n\n\n<ol class=\"wp-block-list\">\n<li><strong>Simplicidad<\/strong>. Un logotipo debe ser simple para que sea m\u00e1s f\u00e1cil de reconocer y recordar. \u00bfC\u00f3mo se puede conseguir un logotipo sencillo? Elige una tipograf\u00eda sencilla y no m\u00e1s de tres colores para que se visualice bien a nivel digital en todas las <a href=\"https:\/\/www.redegal.com\/es-mx\/blog\/cuales-son-los-elementos-de-una-pagina-web\/\" target=\"_blank\" rel=\"noreferrer noopener\">partes de las p\u00e1ginas web<\/a>.&nbsp;<\/li>\n\n\n\n<li><strong>Escalabilidad. <\/strong>El logotipo estar\u00e1 en casi todas las piezas de comunicaci\u00f3n de la empresa, desde un cartel hasta las <a href=\"https:\/\/www.redegal.com\/es-mx\/blog\/algoritmos-redes-sociales\/\" target=\"_blank\" rel=\"noreferrer noopener\">redes sociales<\/a>. Por eso es importante que se pueda escalar, es decir, adaptar a diferentes tama\u00f1os sin perder calidad y recognoscibilidad. La simplicidad ayudar\u00e1 a ello, pues si tiene demasiados detalles es posible que se pierdan.&nbsp;<\/li>\n\n\n\n<li><strong>\u00danico y original. <\/strong><a href=\"https:\/\/www.redegal.com\/es-mx\/blog\/analisis-de-competencia\/\" target=\"_blank\" rel=\"noreferrer noopener\">Analizar la competencia<\/a> puede ser positivo para hacer un logo que diferencie a tu negocio digital y no se confunda con otros del sector. Algo original es m\u00e1s probable que permanezca en la memoria del usuario, pero hay que ser coherente con la l\u00ednea de trabajo y estrategia de comunicaci\u00f3n de la empresa.\u00a0<\/li>\n\n\n\n<li><strong>Atemporal. <\/strong>Tener un logotipo adaptado a las tendencias est\u00e1 bien, pero hay que tener en cuenta que estas son pasajeras y la representaci\u00f3n visual de la marca puede quedar deteriorada. Existe la opci\u00f3n de redise\u00f1ar el logotipo, pero si se hacen cambios constantes se corre el peligro de que tu audiencia lo olvide. As\u00ed que, para evitarlo una apuesta segura es crear logos atemporales y suelen serlo aquellos minimalistas, con tipograf\u00eda sencilla y escasos colores.&nbsp;<\/li>\n<\/ol>\n\n\n\n<h3 class=\"wp-block-heading\">Colores corporativos&nbsp;<\/h3>\n\n\n\n<p>Los colores corporativos son otro pilar de la imagen corporativa. Los <strong>colores tienen diversos significados<\/strong>, se recogen dentro de la teor\u00eda de la <a href=\"https:\/\/www.psicologiadelcolor.es\/colores-psicologicos\/\" target=\"_blank\" rel=\"noreferrer noopener\">psicolog\u00eda del color<\/a>. Elegir uno u otro para representar tu empresa har\u00e1 que los clientes la perciban de una forma u otra. No es lo mismo elegir el negro que el azul, amarillo o rojo.&nbsp;<\/p>\n\n\n\n<p>Es aconsejable que la paleta de colores corporativos est\u00e9 formada por tres o cuatro colores para que sea vers\u00e1til. Hay que tratar de que <strong>combinen y delimitar el uso que va a tener cada uno<\/strong> de ellos dentro de la imagen corporativa. Esto es si se van a usar en el logotipo, los t\u00edtulos de la <a href=\"https:\/\/www.redegal.com\/es-mx\/servicios\/desarrollo-web\/\" target=\"_blank\" rel=\"noreferrer noopener\">p\u00e1gina web<\/a> o en otros aspectos.&nbsp;<\/p>\n\n\n\n<h3 class=\"wp-block-heading\">Tipograf\u00eda&nbsp;<\/h3>\n\n\n\n<p>Elegir tipograf\u00edas<strong> f\u00e1ciles de leer, atractivas y que est\u00e9n disponibles en varios pesos <\/strong>ayudar\u00e1 a que la imagen corporativa sea m\u00e1s visual. Se puede escoger una familia tipogr\u00e1fica en funci\u00f3n del uso que se vaya a dar. No es lo mismo un texto interno, que los t\u00edtulos o textos de una p\u00e1gina web.&nbsp;<\/p>\n\n\n\n<p>Tampoco es aconsejable seleccionar una gran variedad de tipograf\u00edas porque puede generar confusi\u00f3n en el p\u00fablico. Lo conveniente es que haya una o dos que se combinen y creen contraste entre los textos.&nbsp;<\/p>\n\n\n\n<p>\u00bfNecesitas ayuda para crear la imagen corporativa de tu empresa? En Redegal contamos con un equipo de profesionales en el dise\u00f1o que crear\u00e1n lo mejor para que tu empresa destaque. <a class=\"js-hablamos\" href=\"#hablamos\">\u00bfHablamos?<\/a><\/p>\n","protected":false},"excerpt":{"rendered":"<p>La imagen corporativa es clave para cualquier empresa que quiera dejar huella y ser recordada por el p\u00fablico. \u00bfQu\u00e9 elementos la componen y c\u00f3mo puedes trabajarlos? Aqu\u00ed te lo platicamos para que tu negocio en l\u00ednea llegue hasta donde te lo propongas.<\/p>\n","protected":false},"author":8,"featured_media":13593,"comment_status":"closed","ping_status":"closed","sticky":false,"template":"","format":"standard","meta":{"_acf_changed":false,"inline_featured_image":false,"footnotes":""},"categories":[42],"tags":[],"class_list":["post-13607","post","type-post","status-publish","format-standard","has-post-thumbnail","hentry","category-diseno-es-mx"],"acf":[],"yoast_head":"<!-- This site is optimized with the Yoast SEO plugin v26.6 - https:\/\/yoast.com\/wordpress\/plugins\/seo\/ -->\n<title>Imagen corporativa de una empresa: qu\u00e9 es y elementos<\/title>\n<meta name=\"description\" content=\"\u00bfQu\u00e9 tienes que trabajar en la imagen corporativa de una empresa para que sea efectiva? Te introducimos a los conceptos.\" \/>\n<meta name=\"robots\" content=\"index, follow, max-snippet:-1, max-image-preview:large, max-video-preview:-1\" \/>\n<link rel=\"canonical\" href=\"https:\/\/www.redegal.com\/es-mx\/blog\/imagen-corporativa-de-una-empresa-que-es-y-elementos-que-la-forman\/\" \/>\n<meta property=\"og:locale\" content=\"es_MX\" \/>\n<meta property=\"og:type\" content=\"article\" \/>\n<meta property=\"og:title\" content=\"Imagen corporativa de una empresa: qu\u00e9 es y elementos\" \/>\n<meta property=\"og:description\" content=\"\u00bfQu\u00e9 tienes que trabajar en la imagen corporativa de una empresa para que sea efectiva? Te introducimos a los conceptos.\" \/>\n<meta property=\"og:url\" content=\"https:\/\/www.redegal.com\/es-mx\/blog\/imagen-corporativa-de-una-empresa-que-es-y-elementos-que-la-forman\/\" \/>\n<meta property=\"og:site_name\" content=\"Redegal\" \/>\n<meta property=\"article:publisher\" content=\"https:\/\/facebook.com\/Redegal\/\" \/>\n<meta property=\"article:published_time\" content=\"2024-08-09T10:00:00+00:00\" \/>\n<meta property=\"article:modified_time\" content=\"2025-10-29T20:55:52+00:00\" \/>\n<meta property=\"og:image\" content=\"https:\/\/www.redegal.com\/wp-content\/uploads\/2024\/08\/imagen-corporativa-empresa.jpg\" \/>\n\t<meta property=\"og:image:width\" content=\"952\" \/>\n\t<meta property=\"og:image:height\" content=\"635\" \/>\n\t<meta property=\"og:image:type\" content=\"image\/jpeg\" \/>\n<meta name=\"author\" content=\"Comunicaci\u00f3n Redegal\" \/>\n<meta name=\"twitter:card\" content=\"summary_large_image\" \/>\n<meta name=\"twitter:label1\" content=\"Escrito por\" \/>\n\t<meta name=\"twitter:data1\" content=\"Comunicaci\u00f3n Redegal\" \/>\n\t<meta name=\"twitter:label2\" content=\"Tiempo de lectura\" \/>\n\t<meta name=\"twitter:data2\" content=\"8 minutos\" \/>\n<script type=\"application\/ld+json\" class=\"yoast-schema-graph\">{\"@context\":\"https:\/\/schema.org\",\"@graph\":[{\"@type\":[\"Article\",\"BlogPosting\"],\"@id\":\"https:\/\/www.redegal.com\/es-mx\/blog\/imagen-corporativa-de-una-empresa-que-es-y-elementos-que-la-forman\/#article\",\"isPartOf\":{\"@id\":\"https:\/\/www.redegal.com\/es-mx\/blog\/imagen-corporativa-de-una-empresa-que-es-y-elementos-que-la-forman\/\"},\"author\":{\"name\":\"Comunicaci\u00f3n Redegal\",\"@id\":\"https:\/\/www.redegal.com\/es-mx\/#\/schema\/person\/7c49133eaa0dce33d6ae688681f8bebb\"},\"headline\":\"Imagen corporativa de una empresa: qu\u00e9 es y elementos que la forman\",\"datePublished\":\"2024-08-09T10:00:00+00:00\",\"dateModified\":\"2025-10-29T20:55:52+00:00\",\"mainEntityOfPage\":{\"@id\":\"https:\/\/www.redegal.com\/es-mx\/blog\/imagen-corporativa-de-una-empresa-que-es-y-elementos-que-la-forman\/\"},\"wordCount\":1673,\"publisher\":{\"@id\":\"https:\/\/www.redegal.com\/es-mx\/#organization\"},\"image\":{\"@id\":\"https:\/\/www.redegal.com\/es-mx\/blog\/imagen-corporativa-de-una-empresa-que-es-y-elementos-que-la-forman\/#primaryimage\"},\"thumbnailUrl\":\"https:\/\/www.redegal.com\/wp-content\/uploads\/2024\/08\/imagen-corporativa-empresa.jpg\",\"articleSection\":[\"Dise\u00f1o\"],\"inLanguage\":\"es\"},{\"@type\":\"WebPage\",\"@id\":\"https:\/\/www.redegal.com\/es-mx\/blog\/imagen-corporativa-de-una-empresa-que-es-y-elementos-que-la-forman\/\",\"url\":\"https:\/\/www.redegal.com\/es-mx\/blog\/imagen-corporativa-de-una-empresa-que-es-y-elementos-que-la-forman\/\",\"name\":\"Imagen corporativa de una empresa: qu\u00e9 es y elementos\",\"isPartOf\":{\"@id\":\"https:\/\/www.redegal.com\/es-mx\/#website\"},\"primaryImageOfPage\":{\"@id\":\"https:\/\/www.redegal.com\/es-mx\/blog\/imagen-corporativa-de-una-empresa-que-es-y-elementos-que-la-forman\/#primaryimage\"},\"image\":{\"@id\":\"https:\/\/www.redegal.com\/es-mx\/blog\/imagen-corporativa-de-una-empresa-que-es-y-elementos-que-la-forman\/#primaryimage\"},\"thumbnailUrl\":\"https:\/\/www.redegal.com\/wp-content\/uploads\/2024\/08\/imagen-corporativa-empresa.jpg\",\"datePublished\":\"2024-08-09T10:00:00+00:00\",\"dateModified\":\"2025-10-29T20:55:52+00:00\",\"description\":\"\u00bfQu\u00e9 tienes que trabajar en la imagen corporativa de una empresa para que sea efectiva? Te introducimos a los conceptos.\",\"breadcrumb\":{\"@id\":\"https:\/\/www.redegal.com\/es-mx\/blog\/imagen-corporativa-de-una-empresa-que-es-y-elementos-que-la-forman\/#breadcrumb\"},\"inLanguage\":\"es\",\"potentialAction\":[{\"@type\":\"ReadAction\",\"target\":[\"https:\/\/www.redegal.com\/es-mx\/blog\/imagen-corporativa-de-una-empresa-que-es-y-elementos-que-la-forman\/\"]}]},{\"@type\":\"ImageObject\",\"inLanguage\":\"es\",\"@id\":\"https:\/\/www.redegal.com\/es-mx\/blog\/imagen-corporativa-de-una-empresa-que-es-y-elementos-que-la-forman\/#primaryimage\",\"url\":\"https:\/\/www.redegal.com\/wp-content\/uploads\/2024\/08\/imagen-corporativa-empresa.jpg\",\"contentUrl\":\"https:\/\/www.redegal.com\/wp-content\/uploads\/2024\/08\/imagen-corporativa-empresa.jpg\",\"width\":952,\"height\":635,\"caption\":\"Dise\u00f1adora preparando un logo para la imagen corporativa de empresa\"},{\"@type\":\"BreadcrumbList\",\"@id\":\"https:\/\/www.redegal.com\/es-mx\/blog\/imagen-corporativa-de-una-empresa-que-es-y-elementos-que-la-forman\/#breadcrumb\",\"itemListElement\":[{\"@type\":\"ListItem\",\"position\":1,\"name\":\"Home\",\"item\":\"https:\/\/www.redegal.com\/es-mx\/\"},{\"@type\":\"ListItem\",\"position\":2,\"name\":\"Imagen corporativa de una empresa: qu\u00e9 es y elementos que la forman\"}]},{\"@type\":\"WebSite\",\"@id\":\"https:\/\/www.redegal.com\/es-mx\/#website\",\"url\":\"https:\/\/www.redegal.com\/es-mx\/\",\"name\":\"Redegal\",\"description\":\"\",\"publisher\":{\"@id\":\"https:\/\/www.redegal.com\/es-mx\/#organization\"},\"potentialAction\":[{\"@type\":\"SearchAction\",\"target\":{\"@type\":\"EntryPoint\",\"urlTemplate\":\"https:\/\/www.redegal.com\/es-mx\/?s={search_term_string}\"},\"query-input\":{\"@type\":\"PropertyValueSpecification\",\"valueRequired\":true,\"valueName\":\"search_term_string\"}}],\"inLanguage\":\"es\"},{\"@type\":\"Organization\",\"@id\":\"https:\/\/www.redegal.com\/es-mx\/#organization\",\"name\":\"Redegal\",\"url\":\"https:\/\/www.redegal.com\/es-mx\/\",\"logo\":{\"@type\":\"ImageObject\",\"inLanguage\":\"es\",\"@id\":\"https:\/\/www.redegal.com\/es-mx\/#\/schema\/logo\/image\/\",\"url\":\"https:\/\/www.redegal.com\/wp-content\/uploads\/2025\/05\/Logo-Redegal.svg\",\"contentUrl\":\"https:\/\/www.redegal.com\/wp-content\/uploads\/2025\/05\/Logo-Redegal.svg\",\"width\":\"1024\",\"height\":\"1024\",\"caption\":\"Redegal\"},\"image\":{\"@id\":\"https:\/\/www.redegal.com\/es-mx\/#\/schema\/logo\/image\/\"},\"sameAs\":[\"https:\/\/facebook.com\/Redegal\/\",\"https:\/\/www.instagram.com\/_redegal\/\",\"https:\/\/www.linkedin.com\/company\/redegal\/\",\"https:\/\/www.youtube.com\/channel\/UCDXwbtEULPIYV2I1ugDzeUw\",\"https:\/\/x.com\/redegal\"]},{\"@type\":\"Person\",\"@id\":\"https:\/\/www.redegal.com\/es-mx\/#\/schema\/person\/7c49133eaa0dce33d6ae688681f8bebb\",\"name\":\"Comunicaci\u00f3n Redegal\",\"image\":{\"@type\":\"ImageObject\",\"inLanguage\":\"es\",\"@id\":\"https:\/\/www.redegal.com\/es-mx\/#\/schema\/person\/image\/\",\"url\":\"https:\/\/secure.gravatar.com\/avatar\/1ba5d63ebbd053029a840962421f3482f63ee1f59e3ec3677e8fa7106da4754f?s=96&d=mm&r=g\",\"contentUrl\":\"https:\/\/secure.gravatar.com\/avatar\/1ba5d63ebbd053029a840962421f3482f63ee1f59e3ec3677e8fa7106da4754f?s=96&d=mm&r=g\",\"caption\":\"Comunicaci\u00f3n Redegal\"}}]}<\/script>\n<!-- \/ Yoast SEO plugin. -->","yoast_head_json":{"title":"Imagen corporativa de una empresa: qu\u00e9 es y elementos","description":"\u00bfQu\u00e9 tienes que trabajar en la imagen corporativa de una empresa para que sea efectiva? Te introducimos a los conceptos.","robots":{"index":"index","follow":"follow","max-snippet":"max-snippet:-1","max-image-preview":"max-image-preview:large","max-video-preview":"max-video-preview:-1"},"canonical":"https:\/\/www.redegal.com\/es-mx\/blog\/imagen-corporativa-de-una-empresa-que-es-y-elementos-que-la-forman\/","og_locale":"es_MX","og_type":"article","og_title":"Imagen corporativa de una empresa: qu\u00e9 es y elementos","og_description":"\u00bfQu\u00e9 tienes que trabajar en la imagen corporativa de una empresa para que sea efectiva? Te introducimos a los conceptos.","og_url":"https:\/\/www.redegal.com\/es-mx\/blog\/imagen-corporativa-de-una-empresa-que-es-y-elementos-que-la-forman\/","og_site_name":"Redegal","article_publisher":"https:\/\/facebook.com\/Redegal\/","article_published_time":"2024-08-09T10:00:00+00:00","article_modified_time":"2025-10-29T20:55:52+00:00","og_image":[{"width":952,"height":635,"url":"https:\/\/www.redegal.com\/wp-content\/uploads\/2024\/08\/imagen-corporativa-empresa.jpg","type":"image\/jpeg"}],"author":"Comunicaci\u00f3n Redegal","twitter_card":"summary_large_image","twitter_misc":{"Escrito por":"Comunicaci\u00f3n Redegal","Tiempo de lectura":"8 minutos"},"schema":{"@context":"https:\/\/schema.org","@graph":[{"@type":["Article","BlogPosting"],"@id":"https:\/\/www.redegal.com\/es-mx\/blog\/imagen-corporativa-de-una-empresa-que-es-y-elementos-que-la-forman\/#article","isPartOf":{"@id":"https:\/\/www.redegal.com\/es-mx\/blog\/imagen-corporativa-de-una-empresa-que-es-y-elementos-que-la-forman\/"},"author":{"name":"Comunicaci\u00f3n Redegal","@id":"https:\/\/www.redegal.com\/es-mx\/#\/schema\/person\/7c49133eaa0dce33d6ae688681f8bebb"},"headline":"Imagen corporativa de una empresa: qu\u00e9 es y elementos que la forman","datePublished":"2024-08-09T10:00:00+00:00","dateModified":"2025-10-29T20:55:52+00:00","mainEntityOfPage":{"@id":"https:\/\/www.redegal.com\/es-mx\/blog\/imagen-corporativa-de-una-empresa-que-es-y-elementos-que-la-forman\/"},"wordCount":1673,"publisher":{"@id":"https:\/\/www.redegal.com\/es-mx\/#organization"},"image":{"@id":"https:\/\/www.redegal.com\/es-mx\/blog\/imagen-corporativa-de-una-empresa-que-es-y-elementos-que-la-forman\/#primaryimage"},"thumbnailUrl":"https:\/\/www.redegal.com\/wp-content\/uploads\/2024\/08\/imagen-corporativa-empresa.jpg","articleSection":["Dise\u00f1o"],"inLanguage":"es"},{"@type":"WebPage","@id":"https:\/\/www.redegal.com\/es-mx\/blog\/imagen-corporativa-de-una-empresa-que-es-y-elementos-que-la-forman\/","url":"https:\/\/www.redegal.com\/es-mx\/blog\/imagen-corporativa-de-una-empresa-que-es-y-elementos-que-la-forman\/","name":"Imagen corporativa de una empresa: qu\u00e9 es y elementos","isPartOf":{"@id":"https:\/\/www.redegal.com\/es-mx\/#website"},"primaryImageOfPage":{"@id":"https:\/\/www.redegal.com\/es-mx\/blog\/imagen-corporativa-de-una-empresa-que-es-y-elementos-que-la-forman\/#primaryimage"},"image":{"@id":"https:\/\/www.redegal.com\/es-mx\/blog\/imagen-corporativa-de-una-empresa-que-es-y-elementos-que-la-forman\/#primaryimage"},"thumbnailUrl":"https:\/\/www.redegal.com\/wp-content\/uploads\/2024\/08\/imagen-corporativa-empresa.jpg","datePublished":"2024-08-09T10:00:00+00:00","dateModified":"2025-10-29T20:55:52+00:00","description":"\u00bfQu\u00e9 tienes que trabajar en la imagen corporativa de una empresa para que sea efectiva? Te introducimos a los conceptos.","breadcrumb":{"@id":"https:\/\/www.redegal.com\/es-mx\/blog\/imagen-corporativa-de-una-empresa-que-es-y-elementos-que-la-forman\/#breadcrumb"},"inLanguage":"es","potentialAction":[{"@type":"ReadAction","target":["https:\/\/www.redegal.com\/es-mx\/blog\/imagen-corporativa-de-una-empresa-que-es-y-elementos-que-la-forman\/"]}]},{"@type":"ImageObject","inLanguage":"es","@id":"https:\/\/www.redegal.com\/es-mx\/blog\/imagen-corporativa-de-una-empresa-que-es-y-elementos-que-la-forman\/#primaryimage","url":"https:\/\/www.redegal.com\/wp-content\/uploads\/2024\/08\/imagen-corporativa-empresa.jpg","contentUrl":"https:\/\/www.redegal.com\/wp-content\/uploads\/2024\/08\/imagen-corporativa-empresa.jpg","width":952,"height":635,"caption":"Dise\u00f1adora preparando un logo para la imagen corporativa de empresa"},{"@type":"BreadcrumbList","@id":"https:\/\/www.redegal.com\/es-mx\/blog\/imagen-corporativa-de-una-empresa-que-es-y-elementos-que-la-forman\/#breadcrumb","itemListElement":[{"@type":"ListItem","position":1,"name":"Home","item":"https:\/\/www.redegal.com\/es-mx\/"},{"@type":"ListItem","position":2,"name":"Imagen corporativa de una empresa: qu\u00e9 es y elementos que la forman"}]},{"@type":"WebSite","@id":"https:\/\/www.redegal.com\/es-mx\/#website","url":"https:\/\/www.redegal.com\/es-mx\/","name":"Redegal","description":"","publisher":{"@id":"https:\/\/www.redegal.com\/es-mx\/#organization"},"potentialAction":[{"@type":"SearchAction","target":{"@type":"EntryPoint","urlTemplate":"https:\/\/www.redegal.com\/es-mx\/?s={search_term_string}"},"query-input":{"@type":"PropertyValueSpecification","valueRequired":true,"valueName":"search_term_string"}}],"inLanguage":"es"},{"@type":"Organization","@id":"https:\/\/www.redegal.com\/es-mx\/#organization","name":"Redegal","url":"https:\/\/www.redegal.com\/es-mx\/","logo":{"@type":"ImageObject","inLanguage":"es","@id":"https:\/\/www.redegal.com\/es-mx\/#\/schema\/logo\/image\/","url":"https:\/\/www.redegal.com\/wp-content\/uploads\/2025\/05\/Logo-Redegal.svg","contentUrl":"https:\/\/www.redegal.com\/wp-content\/uploads\/2025\/05\/Logo-Redegal.svg","width":"1024","height":"1024","caption":"Redegal"},"image":{"@id":"https:\/\/www.redegal.com\/es-mx\/#\/schema\/logo\/image\/"},"sameAs":["https:\/\/facebook.com\/Redegal\/","https:\/\/www.instagram.com\/_redegal\/","https:\/\/www.linkedin.com\/company\/redegal\/","https:\/\/www.youtube.com\/channel\/UCDXwbtEULPIYV2I1ugDzeUw","https:\/\/x.com\/redegal"]},{"@type":"Person","@id":"https:\/\/www.redegal.com\/es-mx\/#\/schema\/person\/7c49133eaa0dce33d6ae688681f8bebb","name":"Comunicaci\u00f3n Redegal","image":{"@type":"ImageObject","inLanguage":"es","@id":"https:\/\/www.redegal.com\/es-mx\/#\/schema\/person\/image\/","url":"https:\/\/secure.gravatar.com\/avatar\/1ba5d63ebbd053029a840962421f3482f63ee1f59e3ec3677e8fa7106da4754f?s=96&d=mm&r=g","contentUrl":"https:\/\/secure.gravatar.com\/avatar\/1ba5d63ebbd053029a840962421f3482f63ee1f59e3ec3677e8fa7106da4754f?s=96&d=mm&r=g","caption":"Comunicaci\u00f3n Redegal"}}]}},"_links":{"self":[{"href":"https:\/\/www.redegal.com\/es-mx\/wp-json\/wp\/v2\/posts\/13607","targetHints":{"allow":["GET"]}}],"collection":[{"href":"https:\/\/www.redegal.com\/es-mx\/wp-json\/wp\/v2\/posts"}],"about":[{"href":"https:\/\/www.redegal.com\/es-mx\/wp-json\/wp\/v2\/types\/post"}],"author":[{"embeddable":true,"href":"https:\/\/www.redegal.com\/es-mx\/wp-json\/wp\/v2\/users\/8"}],"replies":[{"embeddable":true,"href":"https:\/\/www.redegal.com\/es-mx\/wp-json\/wp\/v2\/comments?post=13607"}],"version-history":[{"count":4,"href":"https:\/\/www.redegal.com\/es-mx\/wp-json\/wp\/v2\/posts\/13607\/revisions"}],"predecessor-version":[{"id":17610,"href":"https:\/\/www.redegal.com\/es-mx\/wp-json\/wp\/v2\/posts\/13607\/revisions\/17610"}],"wp:featuredmedia":[{"embeddable":true,"href":"https:\/\/www.redegal.com\/es-mx\/wp-json\/wp\/v2\/media\/13593"}],"wp:attachment":[{"href":"https:\/\/www.redegal.com\/es-mx\/wp-json\/wp\/v2\/media?parent=13607"}],"wp:term":[{"taxonomy":"category","embeddable":true,"href":"https:\/\/www.redegal.com\/es-mx\/wp-json\/wp\/v2\/categories?post=13607"},{"taxonomy":"post_tag","embeddable":true,"href":"https:\/\/www.redegal.com\/es-mx\/wp-json\/wp\/v2\/tags?post=13607"}],"curies":[{"name":"wp","href":"https:\/\/api.w.org\/{rel}","templated":true}]}}