{"id":11129,"date":"2023-04-11T09:51:47","date_gmt":"2023-04-11T07:51:47","guid":{"rendered":"https:\/\/www.redegal.com\/blog\/como-es-el-ciclo-de-vida-de-los-productos\/"},"modified":"2026-03-27T19:05:33","modified_gmt":"2026-03-27T18:05:33","slug":"como-es-el-ciclo-de-vida-de-los-productos","status":"publish","type":"post","link":"https:\/\/www.redegal.com\/es-mx\/blog\/como-es-el-ciclo-de-vida-de-los-productos\/","title":{"rendered":"\u00bfC\u00f3mo es el ciclo de vida de los productos?"},"content":{"rendered":"\n<p><\/p>\n\n\n\n<p>Desde hace ya mucho que se intenta luchar contra estas 5 fases del ciclo de vida de los productos para conseguir que los productos permanezcan en el mercado el mayor tiempo posible. Pero esto no es nada sencillo, la aparici\u00f3n de productos m\u00e1s completos y eficientes es inevitable.&nbsp;<\/p>\n\n\n\n<p>Sigue leyendo para sacar mayor partido a tus productos, \u00a1te lo contamos todo!&nbsp;<\/p>\n\n\n\n<h2 class=\"wp-block-heading\"><strong>\u00bfQu\u00e9 es el ciclo de vida de un producto?&nbsp;<\/strong><\/h2>\n\n\n\n<p>Se denomina ciclo de vida a la evoluci\u00f3n que sufre un producto o servicio durante su presencia en el mercado. Est\u00e1 marcado por la variaci\u00f3n de ventas y popularidad. Tiene gran importancia a la hora de la comercializaci\u00f3n, analizar los competidores, el comportamiento del mercado y la situaci\u00f3n del entorno son clave para establecer la fase en la que se encuentra un producto y consecuentemente la estrategia de marketing que m\u00e1s se ajusta.&nbsp;<\/p>\n\n\n\n<p>Es un proceso cronol\u00f3gico que suele seguir siempre los mismos pasos. A lo largo del mismo hay diferentes etapas en base a ciertas variables como ventas y beneficios. Ambas suelen evolucionar siguiendo la misma curva, creciente al principio y decreciendo de manera progresiva con el paso del tiempo. En cuanto a los productos digitales el proceso puede ser diferente ya que tienen la habilidad de prolongar su etapa de madurez, pero con el tiempo siempre llega el momento del declive.&nbsp;<\/p>\n\n\n\n<h3 class=\"wp-block-heading\">Etapas del ciclo de vida de un producto<\/h3>\n\n\n\n<p>Cada producto o servicio tiene su propio ciclo de vida en base a c\u00f3mo le afectan diferentes factores como la competencia o la obsolescencia programada. Pero a pesar de que los tiempos pueden variar las fases siempre se repiten.&nbsp;<\/p>\n\n\n\n<p>Las etapas del ciclo de vida de un producto son:&nbsp;<\/p>\n\n\n\n<ol class=\"wp-block-list\">\n<li><strong>Desarrollo: <\/strong>es el momento de la creaci\u00f3n del producto o servicio. Se elabora la personalidad y el mensaje inicial que debe llegar al mercado.<\/li>\n\n\n\n<li><strong>Introducci\u00f3n:<\/strong> se lanza el producto al mercado. Aqu\u00ed los consumidores lo conocen por primera vez y lo valoran. Es una de las fases m\u00e1s cr\u00edticas.\u00a0<\/li>\n\n\n\n<li><strong>Crecimiento:<\/strong> si el producto llega a esta fase quiere decir que las ventas aumentaron y los esfuerzos de la introducci\u00f3n dieron sus frutos. Aqu\u00ed se ha conseguido captar la atenci\u00f3n de los consumidores de una manera positiva.\u00a0<\/li>\n\n\n\n<li><strong>Madurez:<\/strong> es el objetivo de cualquier empresa y la fase de la que nadie quiere salir. Se producen los mayores beneficios y la rentabilidad se mantiene en un nivel alto. Es el momento de hacer grandes esfuerzos para no desaparecer.\u00a0<\/li>\n\n\n\n<li><strong>Declive:<\/strong> esta \u00faltima etapa se corresponde con la desaparici\u00f3n del producto del mercado. Es el momento de retirarlo. Las ventas bajan de manera significativa y la posibilidad de contraer deudas para mantener el producto en el mercado es alta.\u00a0<\/li>\n<\/ol>\n\n\n\n<p>Como hemos mencionado anteriormente el ciclo de vida de los productos digitales puede tener variaciones, m\u00e1s adelante explicaremos las diferencias en detalle.&nbsp;<\/p>\n\n\n\n<h2 class=\"wp-block-heading\"><strong>C\u00f3mo aplicar estrategias de marketing en cada fase&nbsp;<\/strong><\/h2>\n\n\n\n<p>Los esfuerzos para aumentar y mantener la presencia de los productos o servicios en el mercado son conti\u00ednuos y por ello dependiendo de la fase en la que se encuentre hay diferentes estrategias de marketing que ayudan a mejorar la situaci\u00f3n.&nbsp;<\/p>\n\n\n\n<p>Adem\u00e1s de los esfuerzos enfocados en el marketing digital a d\u00eda de hoy es indispensable tener una buena estrategia de marketing digital que respalde a tu marca en cada una de las etapas. Es b\u00e1sico contar con informaci\u00f3n de tu p\u00fablico objetivo que permita conocer sus gustos y necesidades para as\u00ed crear un buyer persona.&nbsp;<\/p>\n\n\n\n<h3 class=\"wp-block-heading\">1. Desarrollo<\/h3>\n\n\n\n<p>En la etapa de <strong>desarrollo<\/strong> m\u00e1s que una estrategia es necesario una investigaci\u00f3n, tanto del mercado como de los clientes objetivos. Es el momento de invertir en informaci\u00f3n.<\/p>\n\n\n\n<h3 class=\"wp-block-heading\">2. Introducci\u00f3n<\/h3>\n\n\n\n<p>Por otro lado, en la etapa de <strong>introducci\u00f3n<\/strong> lo importante es llamar la atenci\u00f3n. Los gastos de marketing son altos. Muchas empresas en la actualidad en este punto apuestan por la visibilizaci\u00f3n en redes. El marketing digital te puede ayudar a llegar a un gran n\u00famero de personas de una manera m\u00e1s r\u00e1pida y efectiva. El brand awareness puede ser creado a trav\u00e9s de las propias redes sociales del producto o marca pero tambi\u00e9n a trav\u00e9s de colaboraciones con celebridades o influencers.&nbsp;<\/p>\n\n\n\n<h3 class=\"wp-block-heading\">3. Crecimiento<\/h3>\n\n\n\n<p>El<strong> <\/strong>momento de <strong>crecimiento<\/strong> est\u00e1 marcado por el aumento considerable de la demanda por ello las empresas deben invertir en softwares que les permitan gestionar toda la informaci\u00f3n que est\u00e1n recibiendo as\u00ed como las operaciones. Invertir en un software de CRM es una de las mejores decisiones llegados a este punto. Por este motivo, Redegal ha impulsado la creaci\u00f3n de <a href=\"https:\/\/www.binnacledata.com\/es\/\" target=\"_blank\" rel=\"noreferrer noopener\">BinnacleData<\/a>, una soluci\u00f3n de anal\u00edtica que recoge, integra y cruza en un solo lugar las principales fuentes de informaci\u00f3n de tu negocio.<\/p>\n\n\n\n<h3 class=\"wp-block-heading\">4. Madurez<\/h3>\n\n\n\n<p>En la fase de <strong>madurez <\/strong>empieza el momento cr\u00edtico donde la diferenciaci\u00f3n es la clave.&nbsp;<\/p>\n\n\n\n<p>La competencia ya es considerable y no hay que competir \u00fanicamente en los precios, las caracter\u00edsticas y actualizaciones de los productos o servicios son necesarias. Se debe generar una propuesta de valor diferenciada. Tambi\u00e9n se debe valorar entrar en otros segmentos del mercado. Crear campa\u00f1as de marketing dirigidas a otro target o que sirvan para mostrar los elementos diferenciadores del producto frente a sus competidores son comunes en esta situaci\u00f3n.<\/p>\n\n\n\n<h3 class=\"wp-block-heading\">5. Declive<\/h3>\n\n\n\n<p>Por \u00faltimo la&nbsp; etapa de <strong>declive<\/strong> donde las empresas deben analizar meticulosamente sus KPIs (Key Performance Indicators)&nbsp; para tener una idea clara de la situaci\u00f3n en la que se encuentra un producto o servicio dentro del mercado y tomar una decisi\u00f3n de manera consecuente. Hay varias opciones, retirar el producto del mercado, reemplazarlo o relanzarlo con nuevas caracter\u00edsticas. Ninguna de las opciones es correcta o incorrecta, todo depende del an\u00e1lisis de tu producto y el mercado.&nbsp;<\/p>\n\n\n\n<h2 class=\"wp-block-heading\"><strong>Ciclo de vida de los productos digitales&nbsp;<\/strong><\/h2>\n\n\n\n<p>El <strong>ciclo de vida de los productos digitales<\/strong> sigue las mismas pautas y fases que las de un producto convencional. Pero a pesar de esto sus ciclos de vida son muy diferentes.<\/p>\n\n\n\n<p>En el caso de las redes sociales, por ejemplo, <a href=\"https:\/\/www.redegal.com\/es-mx\/blog\/tendencias-del-marketing-digital-en-2023\/\" target=\"_blank\" rel=\"noreferrer noopener\">las tendencias cambian mucho<\/a> y su \u00e9xito dura poco, se debe generar contenido de manera constante para mantenerse en el radar de la audiencia y no perder protagonismo. El ciclo de vida de una publicaci\u00f3n en redes sociales var\u00eda dependiendo de la plataforma. As\u00ed, tanto en <a href=\"https:\/\/www.redegal.com\/es-mx\/blog\/como-generar-estrategias-de-instagram-para-empresas\/\" target=\"_blank\" rel=\"noreferrer noopener\">Instagram<\/a> como TikTok, las redes sociales del momento, el ciclo de vida de una publicaci\u00f3n es de entre 21 a 24 horas. Esto quiere decir que pasa por todas las fases es muy poco tiempo de ah\u00ed la importancia de la constancia y originalidad.\u00a0<\/p>\n\n\n\n<p>Estos ciclos de vida los marca el algoritmo de cada una de las plataformas. <strong>Instagram<\/strong> clasifica las publicaciones en base a su relevancia , dando prioridad a que los usuarios vean primero las publicaciones de las cuentas con las que m\u00e1s interact\u00faan. Las primeras 6 horas son decisivas para conseguir impactar al 50% de impresiones, de ah\u00ed en adelante la publicaci\u00f3n empieza todo el proceso del ciclo de vida hasta llevar al declive en m\u00e1s o menos 21 horas.&nbsp;<\/p>\n\n\n\n<p>Por otro lado <strong>TikTok<\/strong> es una plataforma que se comporta de una manera totalmente diferente. La vigencia de las publicaciones es de 24 horas de media pero esto puede variar dependiendo de la cuenta y el comportamiento de la misma. Depende de la cantidad y frecuencia de la publicaci\u00f3n de contenido. Incluso al entrar a un perfil en el que est\u00e1s interesado, sin siquiera seguirlo, el algoritmo muestra aleatoriamente contenidos recientes y antiguos de esa cuenta para intentar llamar la atenci\u00f3n e identificar si realmente hace parte de tus intereses.<\/p>\n\n\n\n<p>En el caso de los <strong>blogs o aplicaciones<\/strong>, el ciclo de vida es m\u00e1s largo y complejo aunque siempre tiene un final. En estos casos la clave est\u00e1 en las actualizaciones para poder alargar su vida lo m\u00e1ximo posible.&nbsp;<\/p>\n\n\n\n<h2 class=\"wp-block-heading\"><strong>Res\u00edduos digitales<\/strong><\/h2>\n\n\n\n<p>El consumo siempre genera residuos y en el mundo digital no iba a ser diferente. Existe la llamada \u201cbasura digital\u201d que hace referencia a todos aquellos archivos que se env\u00edan y descargan, p\u00e1ginas web que&nbsp; se visitan y perfiles sociales que se dejan de usar.&nbsp;<\/p>\n\n\n\n<p>Todos estos restos generan un aumento del gasto energ\u00e9tico producido por los centros de datos, las infraestructuras de red y los equipos de consumo, los cuales necesitan mucha energ\u00eda para mantener activo todo el sistema.&nbsp;<\/p>\n\n\n\n<p>Si buscas sacarle el mayor partido a tus productos digitales y alargar su ciclo de vida lo m\u00e1ximo posible \u00a1<a href=\"https:\/\/www.redegal.com\/es-mx\/blog\/como-es-el-ciclo-de-vida-de-los-productos\/#hablamos\">contacta con nosotros<\/a>!&nbsp;<\/p>\n","protected":false},"excerpt":{"rendered":"<p>e manera general el ciclo de vida de un producto es el conjunto de las diferentes fases por las que pasa el art\u00edculo comercial desde el momento de su fabricaci\u00f3n o creaci\u00f3n hasta el momento que sale del mercado. Este ciclo est\u00e1 determinado por 5 etapas: desarrollo, introducci\u00f3n, crecimiento, madurez y declive.<\/p>\n","protected":false},"author":9,"featured_media":11223,"comment_status":"closed","ping_status":"closed","sticky":false,"template":"","format":"standard","meta":{"_acf_changed":false,"inline_featured_image":false,"footnotes":""},"categories":[47],"tags":[],"class_list":["post-11129","post","type-post","status-publish","format-standard","has-post-thumbnail","hentry","category-redegal-es-mx"],"acf":[],"yoast_head":"<!-- This site is optimized with the Yoast SEO plugin v26.6 - https:\/\/yoast.com\/wordpress\/plugins\/seo\/ -->\n<title>\u00bfC\u00f3mo es el ciclo de vida de los productos? - Redegal<\/title>\n<meta name=\"description\" content=\"Te informamos sobre el ciclo de vida de los productos y qu\u00e9 estrategias de marketing pueden apoyar a cada fase. \u00a1Entra aqu\u00ed!\" \/>\n<meta name=\"robots\" content=\"index, follow, max-snippet:-1, max-image-preview:large, max-video-preview:-1\" \/>\n<link rel=\"canonical\" href=\"https:\/\/www.redegal.com\/es-mx\/blog\/como-es-el-ciclo-de-vida-de-los-productos\/\" \/>\n<meta property=\"og:locale\" content=\"es_MX\" \/>\n<meta property=\"og:type\" content=\"article\" \/>\n<meta property=\"og:title\" content=\"\u00bfC\u00f3mo es el ciclo de vida de los productos? - Redegal\" \/>\n<meta property=\"og:description\" content=\"Te informamos sobre el ciclo de vida de los productos y qu\u00e9 estrategias de marketing pueden apoyar a cada fase. \u00a1Entra aqu\u00ed!\" \/>\n<meta property=\"og:url\" content=\"https:\/\/www.redegal.com\/es-mx\/blog\/como-es-el-ciclo-de-vida-de-los-productos\/\" \/>\n<meta property=\"og:site_name\" content=\"Redegal\" \/>\n<meta property=\"article:publisher\" content=\"https:\/\/facebook.com\/Redegal\/\" \/>\n<meta property=\"article:published_time\" content=\"2023-04-11T07:51:47+00:00\" \/>\n<meta property=\"article:modified_time\" content=\"2026-03-27T18:05:33+00:00\" \/>\n<meta property=\"og:image\" content=\"https:\/\/www.redegal.com\/wp-content\/uploads\/2023\/04\/ciclo-de-vida-de-los-productos-1.png\" \/>\n\t<meta property=\"og:image:width\" content=\"952\" \/>\n\t<meta property=\"og:image:height\" content=\"488\" \/>\n\t<meta property=\"og:image:type\" content=\"image\/png\" \/>\n<meta name=\"author\" content=\"paula.mantinan\" \/>\n<meta name=\"twitter:card\" content=\"summary_large_image\" \/>\n<meta name=\"twitter:label1\" content=\"Escrito por\" \/>\n\t<meta name=\"twitter:data1\" content=\"paula.mantinan\" \/>\n\t<meta name=\"twitter:label2\" content=\"Tiempo de lectura\" \/>\n\t<meta name=\"twitter:data2\" content=\"7 minutos\" \/>\n<script type=\"application\/ld+json\" class=\"yoast-schema-graph\">{\"@context\":\"https:\/\/schema.org\",\"@graph\":[{\"@type\":[\"Article\",\"BlogPosting\"],\"@id\":\"https:\/\/www.redegal.com\/es-mx\/blog\/como-es-el-ciclo-de-vida-de-los-productos\/#article\",\"isPartOf\":{\"@id\":\"https:\/\/www.redegal.com\/es-mx\/blog\/como-es-el-ciclo-de-vida-de-los-productos\/\"},\"author\":{\"name\":\"paula.mantinan\",\"@id\":\"https:\/\/www.redegal.com\/es-mx\/#\/schema\/person\/757ac4dbc067308b6551d760b2767608\"},\"headline\":\"\u00bfC\u00f3mo es el ciclo de vida de los productos?\",\"datePublished\":\"2023-04-11T07:51:47+00:00\",\"dateModified\":\"2026-03-27T18:05:33+00:00\",\"mainEntityOfPage\":{\"@id\":\"https:\/\/www.redegal.com\/es-mx\/blog\/como-es-el-ciclo-de-vida-de-los-productos\/\"},\"wordCount\":1476,\"publisher\":{\"@id\":\"https:\/\/www.redegal.com\/es-mx\/#organization\"},\"image\":{\"@id\":\"https:\/\/www.redegal.com\/es-mx\/blog\/como-es-el-ciclo-de-vida-de-los-productos\/#primaryimage\"},\"thumbnailUrl\":\"https:\/\/www.redegal.com\/wp-content\/uploads\/2023\/04\/ciclo-de-vida-de-los-productos-1.png\",\"articleSection\":[\"Redegal\"],\"inLanguage\":\"es\"},{\"@type\":\"WebPage\",\"@id\":\"https:\/\/www.redegal.com\/es-mx\/blog\/como-es-el-ciclo-de-vida-de-los-productos\/\",\"url\":\"https:\/\/www.redegal.com\/es-mx\/blog\/como-es-el-ciclo-de-vida-de-los-productos\/\",\"name\":\"\u00bfC\u00f3mo es el ciclo de vida de los productos? - Redegal\",\"isPartOf\":{\"@id\":\"https:\/\/www.redegal.com\/es-mx\/#website\"},\"primaryImageOfPage\":{\"@id\":\"https:\/\/www.redegal.com\/es-mx\/blog\/como-es-el-ciclo-de-vida-de-los-productos\/#primaryimage\"},\"image\":{\"@id\":\"https:\/\/www.redegal.com\/es-mx\/blog\/como-es-el-ciclo-de-vida-de-los-productos\/#primaryimage\"},\"thumbnailUrl\":\"https:\/\/www.redegal.com\/wp-content\/uploads\/2023\/04\/ciclo-de-vida-de-los-productos-1.png\",\"datePublished\":\"2023-04-11T07:51:47+00:00\",\"dateModified\":\"2026-03-27T18:05:33+00:00\",\"description\":\"Te informamos sobre el ciclo de vida de los productos y qu\u00e9 estrategias de marketing pueden apoyar a cada fase. \u00a1Entra aqu\u00ed!\",\"breadcrumb\":{\"@id\":\"https:\/\/www.redegal.com\/es-mx\/blog\/como-es-el-ciclo-de-vida-de-los-productos\/#breadcrumb\"},\"inLanguage\":\"es\",\"potentialAction\":[{\"@type\":\"ReadAction\",\"target\":[\"https:\/\/www.redegal.com\/es-mx\/blog\/como-es-el-ciclo-de-vida-de-los-productos\/\"]}]},{\"@type\":\"ImageObject\",\"inLanguage\":\"es\",\"@id\":\"https:\/\/www.redegal.com\/es-mx\/blog\/como-es-el-ciclo-de-vida-de-los-productos\/#primaryimage\",\"url\":\"https:\/\/www.redegal.com\/wp-content\/uploads\/2023\/04\/ciclo-de-vida-de-los-productos-1.png\",\"contentUrl\":\"https:\/\/www.redegal.com\/wp-content\/uploads\/2023\/04\/ciclo-de-vida-de-los-productos-1.png\",\"width\":952,\"height\":488},{\"@type\":\"BreadcrumbList\",\"@id\":\"https:\/\/www.redegal.com\/es-mx\/blog\/como-es-el-ciclo-de-vida-de-los-productos\/#breadcrumb\",\"itemListElement\":[{\"@type\":\"ListItem\",\"position\":1,\"name\":\"Home\",\"item\":\"https:\/\/www.redegal.com\/es-mx\/\"},{\"@type\":\"ListItem\",\"position\":2,\"name\":\"\u00bfC\u00f3mo es el ciclo de vida de los productos?\"}]},{\"@type\":\"WebSite\",\"@id\":\"https:\/\/www.redegal.com\/es-mx\/#website\",\"url\":\"https:\/\/www.redegal.com\/es-mx\/\",\"name\":\"Redegal\",\"description\":\"\",\"publisher\":{\"@id\":\"https:\/\/www.redegal.com\/es-mx\/#organization\"},\"potentialAction\":[{\"@type\":\"SearchAction\",\"target\":{\"@type\":\"EntryPoint\",\"urlTemplate\":\"https:\/\/www.redegal.com\/es-mx\/?s={search_term_string}\"},\"query-input\":{\"@type\":\"PropertyValueSpecification\",\"valueRequired\":true,\"valueName\":\"search_term_string\"}}],\"inLanguage\":\"es\"},{\"@type\":\"Organization\",\"@id\":\"https:\/\/www.redegal.com\/es-mx\/#organization\",\"name\":\"Redegal\",\"url\":\"https:\/\/www.redegal.com\/es-mx\/\",\"logo\":{\"@type\":\"ImageObject\",\"inLanguage\":\"es\",\"@id\":\"https:\/\/www.redegal.com\/es-mx\/#\/schema\/logo\/image\/\",\"url\":\"https:\/\/www.redegal.com\/wp-content\/uploads\/2025\/05\/Logo-Redegal.svg\",\"contentUrl\":\"https:\/\/www.redegal.com\/wp-content\/uploads\/2025\/05\/Logo-Redegal.svg\",\"width\":\"1024\",\"height\":\"1024\",\"caption\":\"Redegal\"},\"image\":{\"@id\":\"https:\/\/www.redegal.com\/es-mx\/#\/schema\/logo\/image\/\"},\"sameAs\":[\"https:\/\/facebook.com\/Redegal\/\",\"https:\/\/www.instagram.com\/_redegal\/\",\"https:\/\/www.linkedin.com\/company\/redegal\/\",\"https:\/\/www.youtube.com\/channel\/UCDXwbtEULPIYV2I1ugDzeUw\",\"https:\/\/x.com\/redegal\"]},{\"@type\":\"Person\",\"@id\":\"https:\/\/www.redegal.com\/es-mx\/#\/schema\/person\/757ac4dbc067308b6551d760b2767608\",\"name\":\"paula.mantinan\",\"image\":{\"@type\":\"ImageObject\",\"inLanguage\":\"es\",\"@id\":\"https:\/\/www.redegal.com\/es-mx\/#\/schema\/person\/image\/\",\"url\":\"https:\/\/secure.gravatar.com\/avatar\/e3a9aa26adae64492970f305f692eaf553343fc7a8a63daf837c9d5fb72caefe?s=96&d=mm&r=g\",\"contentUrl\":\"https:\/\/secure.gravatar.com\/avatar\/e3a9aa26adae64492970f305f692eaf553343fc7a8a63daf837c9d5fb72caefe?s=96&d=mm&r=g\",\"caption\":\"paula.mantinan\"}}]}<\/script>\n<!-- \/ Yoast SEO plugin. -->","yoast_head_json":{"title":"\u00bfC\u00f3mo es el ciclo de vida de los productos? - Redegal","description":"Te informamos sobre el ciclo de vida de los productos y qu\u00e9 estrategias de marketing pueden apoyar a cada fase. \u00a1Entra aqu\u00ed!","robots":{"index":"index","follow":"follow","max-snippet":"max-snippet:-1","max-image-preview":"max-image-preview:large","max-video-preview":"max-video-preview:-1"},"canonical":"https:\/\/www.redegal.com\/es-mx\/blog\/como-es-el-ciclo-de-vida-de-los-productos\/","og_locale":"es_MX","og_type":"article","og_title":"\u00bfC\u00f3mo es el ciclo de vida de los productos? - Redegal","og_description":"Te informamos sobre el ciclo de vida de los productos y qu\u00e9 estrategias de marketing pueden apoyar a cada fase. \u00a1Entra aqu\u00ed!","og_url":"https:\/\/www.redegal.com\/es-mx\/blog\/como-es-el-ciclo-de-vida-de-los-productos\/","og_site_name":"Redegal","article_publisher":"https:\/\/facebook.com\/Redegal\/","article_published_time":"2023-04-11T07:51:47+00:00","article_modified_time":"2026-03-27T18:05:33+00:00","og_image":[{"width":952,"height":488,"url":"https:\/\/www.redegal.com\/wp-content\/uploads\/2023\/04\/ciclo-de-vida-de-los-productos-1.png","type":"image\/png"}],"author":"paula.mantinan","twitter_card":"summary_large_image","twitter_misc":{"Escrito por":"paula.mantinan","Tiempo de lectura":"7 minutos"},"schema":{"@context":"https:\/\/schema.org","@graph":[{"@type":["Article","BlogPosting"],"@id":"https:\/\/www.redegal.com\/es-mx\/blog\/como-es-el-ciclo-de-vida-de-los-productos\/#article","isPartOf":{"@id":"https:\/\/www.redegal.com\/es-mx\/blog\/como-es-el-ciclo-de-vida-de-los-productos\/"},"author":{"name":"paula.mantinan","@id":"https:\/\/www.redegal.com\/es-mx\/#\/schema\/person\/757ac4dbc067308b6551d760b2767608"},"headline":"\u00bfC\u00f3mo es el ciclo de vida de los productos?","datePublished":"2023-04-11T07:51:47+00:00","dateModified":"2026-03-27T18:05:33+00:00","mainEntityOfPage":{"@id":"https:\/\/www.redegal.com\/es-mx\/blog\/como-es-el-ciclo-de-vida-de-los-productos\/"},"wordCount":1476,"publisher":{"@id":"https:\/\/www.redegal.com\/es-mx\/#organization"},"image":{"@id":"https:\/\/www.redegal.com\/es-mx\/blog\/como-es-el-ciclo-de-vida-de-los-productos\/#primaryimage"},"thumbnailUrl":"https:\/\/www.redegal.com\/wp-content\/uploads\/2023\/04\/ciclo-de-vida-de-los-productos-1.png","articleSection":["Redegal"],"inLanguage":"es"},{"@type":"WebPage","@id":"https:\/\/www.redegal.com\/es-mx\/blog\/como-es-el-ciclo-de-vida-de-los-productos\/","url":"https:\/\/www.redegal.com\/es-mx\/blog\/como-es-el-ciclo-de-vida-de-los-productos\/","name":"\u00bfC\u00f3mo es el ciclo de vida de los productos? - Redegal","isPartOf":{"@id":"https:\/\/www.redegal.com\/es-mx\/#website"},"primaryImageOfPage":{"@id":"https:\/\/www.redegal.com\/es-mx\/blog\/como-es-el-ciclo-de-vida-de-los-productos\/#primaryimage"},"image":{"@id":"https:\/\/www.redegal.com\/es-mx\/blog\/como-es-el-ciclo-de-vida-de-los-productos\/#primaryimage"},"thumbnailUrl":"https:\/\/www.redegal.com\/wp-content\/uploads\/2023\/04\/ciclo-de-vida-de-los-productos-1.png","datePublished":"2023-04-11T07:51:47+00:00","dateModified":"2026-03-27T18:05:33+00:00","description":"Te informamos sobre el ciclo de vida de los productos y qu\u00e9 estrategias de marketing pueden apoyar a cada fase. \u00a1Entra aqu\u00ed!","breadcrumb":{"@id":"https:\/\/www.redegal.com\/es-mx\/blog\/como-es-el-ciclo-de-vida-de-los-productos\/#breadcrumb"},"inLanguage":"es","potentialAction":[{"@type":"ReadAction","target":["https:\/\/www.redegal.com\/es-mx\/blog\/como-es-el-ciclo-de-vida-de-los-productos\/"]}]},{"@type":"ImageObject","inLanguage":"es","@id":"https:\/\/www.redegal.com\/es-mx\/blog\/como-es-el-ciclo-de-vida-de-los-productos\/#primaryimage","url":"https:\/\/www.redegal.com\/wp-content\/uploads\/2023\/04\/ciclo-de-vida-de-los-productos-1.png","contentUrl":"https:\/\/www.redegal.com\/wp-content\/uploads\/2023\/04\/ciclo-de-vida-de-los-productos-1.png","width":952,"height":488},{"@type":"BreadcrumbList","@id":"https:\/\/www.redegal.com\/es-mx\/blog\/como-es-el-ciclo-de-vida-de-los-productos\/#breadcrumb","itemListElement":[{"@type":"ListItem","position":1,"name":"Home","item":"https:\/\/www.redegal.com\/es-mx\/"},{"@type":"ListItem","position":2,"name":"\u00bfC\u00f3mo es el ciclo de vida de los productos?"}]},{"@type":"WebSite","@id":"https:\/\/www.redegal.com\/es-mx\/#website","url":"https:\/\/www.redegal.com\/es-mx\/","name":"Redegal","description":"","publisher":{"@id":"https:\/\/www.redegal.com\/es-mx\/#organization"},"potentialAction":[{"@type":"SearchAction","target":{"@type":"EntryPoint","urlTemplate":"https:\/\/www.redegal.com\/es-mx\/?s={search_term_string}"},"query-input":{"@type":"PropertyValueSpecification","valueRequired":true,"valueName":"search_term_string"}}],"inLanguage":"es"},{"@type":"Organization","@id":"https:\/\/www.redegal.com\/es-mx\/#organization","name":"Redegal","url":"https:\/\/www.redegal.com\/es-mx\/","logo":{"@type":"ImageObject","inLanguage":"es","@id":"https:\/\/www.redegal.com\/es-mx\/#\/schema\/logo\/image\/","url":"https:\/\/www.redegal.com\/wp-content\/uploads\/2025\/05\/Logo-Redegal.svg","contentUrl":"https:\/\/www.redegal.com\/wp-content\/uploads\/2025\/05\/Logo-Redegal.svg","width":"1024","height":"1024","caption":"Redegal"},"image":{"@id":"https:\/\/www.redegal.com\/es-mx\/#\/schema\/logo\/image\/"},"sameAs":["https:\/\/facebook.com\/Redegal\/","https:\/\/www.instagram.com\/_redegal\/","https:\/\/www.linkedin.com\/company\/redegal\/","https:\/\/www.youtube.com\/channel\/UCDXwbtEULPIYV2I1ugDzeUw","https:\/\/x.com\/redegal"]},{"@type":"Person","@id":"https:\/\/www.redegal.com\/es-mx\/#\/schema\/person\/757ac4dbc067308b6551d760b2767608","name":"paula.mantinan","image":{"@type":"ImageObject","inLanguage":"es","@id":"https:\/\/www.redegal.com\/es-mx\/#\/schema\/person\/image\/","url":"https:\/\/secure.gravatar.com\/avatar\/e3a9aa26adae64492970f305f692eaf553343fc7a8a63daf837c9d5fb72caefe?s=96&d=mm&r=g","contentUrl":"https:\/\/secure.gravatar.com\/avatar\/e3a9aa26adae64492970f305f692eaf553343fc7a8a63daf837c9d5fb72caefe?s=96&d=mm&r=g","caption":"paula.mantinan"}}]}},"_links":{"self":[{"href":"https:\/\/www.redegal.com\/es-mx\/wp-json\/wp\/v2\/posts\/11129","targetHints":{"allow":["GET"]}}],"collection":[{"href":"https:\/\/www.redegal.com\/es-mx\/wp-json\/wp\/v2\/posts"}],"about":[{"href":"https:\/\/www.redegal.com\/es-mx\/wp-json\/wp\/v2\/types\/post"}],"author":[{"embeddable":true,"href":"https:\/\/www.redegal.com\/es-mx\/wp-json\/wp\/v2\/users\/9"}],"replies":[{"embeddable":true,"href":"https:\/\/www.redegal.com\/es-mx\/wp-json\/wp\/v2\/comments?post=11129"}],"version-history":[{"count":4,"href":"https:\/\/www.redegal.com\/es-mx\/wp-json\/wp\/v2\/posts\/11129\/revisions"}],"predecessor-version":[{"id":18253,"href":"https:\/\/www.redegal.com\/es-mx\/wp-json\/wp\/v2\/posts\/11129\/revisions\/18253"}],"wp:featuredmedia":[{"embeddable":true,"href":"https:\/\/www.redegal.com\/es-mx\/wp-json\/wp\/v2\/media\/11223"}],"wp:attachment":[{"href":"https:\/\/www.redegal.com\/es-mx\/wp-json\/wp\/v2\/media?parent=11129"}],"wp:term":[{"taxonomy":"category","embeddable":true,"href":"https:\/\/www.redegal.com\/es-mx\/wp-json\/wp\/v2\/categories?post=11129"},{"taxonomy":"post_tag","embeddable":true,"href":"https:\/\/www.redegal.com\/es-mx\/wp-json\/wp\/v2\/tags?post=11129"}],"curies":[{"name":"wp","href":"https:\/\/api.w.org\/{rel}","templated":true}]}}